{"id":101590,"date":"2025-09-08T17:00:09","date_gmt":"2025-09-08T17:00:09","guid":{"rendered":"https:\/\/www.europesays.com\/es\/101590\/"},"modified":"2025-09-08T17:00:09","modified_gmt":"2025-09-08T17:00:09","slug":"ariana-grande-y-lady-gaga-se-coronan-en-los-mtv-music-awards","status":"publish","type":"post","link":"https:\/\/www.europesays.com\/es\/101590\/","title":{"rendered":"Ariana Grande y Lady Gaga se coronan en los MTV Music Awards"},"content":{"rendered":"<p>08\/09\/2025<br \/>\n<br \/><strong><br \/>\nActualizado a las 07:59h.<br \/>\n<\/strong><\/p>\n<p class=\"voc-p\" style=\"\">La cantante de pop<strong> Ariana Grande se ha coronado en la noche de los MTV Video Music Awards <\/strong>al llevarse el galard\u00f3n por el mejor v\u00eddeo del a\u00f1o con su canci\u00f3n &#8216;Brighter Days Ahead&#8217;. \u00abEl arte ha sido un refugio para m\u00ed desde que era ni\u00f1a. Estoy muy agradecida de poder hacer esto\u00bb, confes\u00f3 Grande mientras sosten\u00eda el trofeo MTV Moon Person en el escenario del UBS Arena. <\/p>\n<p class=\"voc-p\" style=\"\"><strong>Lady Gaga fue coronada artista del a\u00f1o al comienzo del espect\u00e1culo imponi\u00e9ndose a las favoritas de los VMA Taylor Swift y Beyonc\u00e9.<\/strong> Gaga, actualmente de gira con su \u00e1lbum &#8216;Mayhem&#8217;, subi\u00f3 al escenario con un vestido negro y morado con volantes y mangas gigantes. \u00abNo puedo expresar lo que significa para m\u00ed ser premiada por ser artista, ser premiada por algo que ya es tan gratificante\u00bb, dijo Gaga antes de salir corriendo para dar un concierto en el Madison Square Garden.<\/p>\n<p class=\"voc-p\" style=\"\">La victoria de Gaga impidi\u00f3 que Beyonc\u00e9 o Swift se convirtieran en las artistas m\u00e1s galardonadas en la historia de los VMA. Ambas siguen empatadas con 30 VMA cada una. Gaga tambi\u00e9n gan\u00f3 el premio a la mejor colaboraci\u00f3n por<strong> &#8216;Die with a Smile&#8217;,<\/strong> un d\u00fao con Bruno Mars que hab\u00eda estado compitiendo por el premio al mejor v\u00eddeo, que finalmente fue para Grande.<\/p>\n<p class=\"voc-p\" style=\"\">Sabrina Carpenter se llev\u00f3 el premio al mejor \u00e1lbum por &#8216;Short n&#8217; Sweet&#8217;. \u00abNo doy por sentado que dediqu\u00e9is parte de vuestro tiempo a escuchar un \u00e1lbum\u00bb, dijo la cantante pop. \u00abSoy la chica m\u00e1s afortunada del mundo\u00bb. <strong>&#8216;APT.&#8217;, una colaboraci\u00f3n entre Bruno Mars y la cantante de K-pop Rose, gan\u00f3 el VMA a la canci\u00f3n del a\u00f1o.<\/strong> Rose, de 28 a\u00f1os y miembro del grupo Blackpink, dedic\u00f3 su victoria a su yo \u00abexc\u00e9ntrico\u00bb de 16 a\u00f1os.<\/p>\n<p class=\"voc-p\" style=\"\">\u00abEste es un momento muy importante para mi yo de 16 a\u00f1os y para cualquiera que sue\u00f1e con ser aceptado por su esfuerzo\u00bb, dijo en el escenario. <strong>El cantante ingl\u00e9s Yungblud interpret\u00f3 &#8216;Crazy Train&#8217; para dar inicio a un tributo musical al fallecido rockero brit\u00e1nico Ozzy Osbourne<\/strong>, con Nuno Bettencourt a la guitarra. Los miembros de Aerosmith Steven Tyler y Joe Perry se unieron para interpretar una emocionante versi\u00f3n de \u00abMama, I&#8217;m Coming Home\u00bb que hizo que el p\u00fablico agitara las manos en el aire.<\/p>\n<p class=\"voc-p\" style=\"\"><strong>Mariah Carey recibi\u00f3 un premio por su trayectoria profesional<\/strong> y habl\u00f3 sobre lo divertido que es hacer v\u00eddeos musicales. Los v\u00eddeos son \u00abmini pel\u00edculas que visualizan la pura fantas\u00eda de todo ello\u00bb, afirm\u00f3. \u00abY a veces son solo una excusa para aportar dramatismo y hacer cosas que no har\u00eda en la vida real\u00bb.<\/p>\n<p class=\"voc-p\" style=\"\">Los VMA comenzaron a emitirse en MTV en 1984 y se hicieron famosos por momentos memorables como el beso en el escenario entre Madonna y Britney Spears y la aparici\u00f3n de Gaga con un vestido de carne cruda. La ceremonia del domingo se retransmiti\u00f3 en directo por la CBS y MTV. En otros premios, el cantante de folk-pop <strong>Alex Warren fue nombrado mejor artista novel.<\/strong><\/p>\n<p>Reportar un error<\/p>\n","protected":false},"excerpt":{"rendered":"08\/09\/2025 Actualizado a las 07:59h. La cantante de pop Ariana Grande se ha coronado en la noche de&hellip;\n","protected":false},"author":2,"featured_media":101591,"comment_status":"","ping_status":"","sticky":false,"template":"","format":"standard","meta":{"footnotes":""},"categories":[170],"tags":[6264,13360,4182,146,147,25,24,699,23496,184,185,23],"class_list":{"0":"post-101590","1":"post","2":"type-post","3":"status-publish","4":"format-standard","5":"has-post-thumbnail","7":"category-musica","8":"tag-ariana","9":"tag-awards","10":"tag-corona","11":"tag-entertainment","12":"tag-entretenimiento","13":"tag-es","14":"tag-espana","15":"tag-grande","16":"tag-mtv","17":"tag-music","18":"tag-musica","19":"tag-spain"},"share_on_mastodon":{"url":"","error":""},"_links":{"self":[{"href":"https:\/\/www.europesays.com\/es\/wp-json\/wp\/v2\/posts\/101590","targetHints":{"allow":["GET"]}}],"collection":[{"href":"https:\/\/www.europesays.com\/es\/wp-json\/wp\/v2\/posts"}],"about":[{"href":"https:\/\/www.europesays.com\/es\/wp-json\/wp\/v2\/types\/post"}],"author":[{"embeddable":true,"href":"https:\/\/www.europesays.com\/es\/wp-json\/wp\/v2\/users\/2"}],"replies":[{"embeddable":true,"href":"https:\/\/www.europesays.com\/es\/wp-json\/wp\/v2\/comments?post=101590"}],"version-history":[{"count":0,"href":"https:\/\/www.europesays.com\/es\/wp-json\/wp\/v2\/posts\/101590\/revisions"}],"wp:featuredmedia":[{"embeddable":true,"href":"https:\/\/www.europesays.com\/es\/wp-json\/wp\/v2\/media\/101591"}],"wp:attachment":[{"href":"https:\/\/www.europesays.com\/es\/wp-json\/wp\/v2\/media?parent=101590"}],"wp:term":[{"taxonomy":"category","embeddable":true,"href":"https:\/\/www.europesays.com\/es\/wp-json\/wp\/v2\/categories?post=101590"},{"taxonomy":"post_tag","embeddable":true,"href":"https:\/\/www.europesays.com\/es\/wp-json\/wp\/v2\/tags?post=101590"}],"curies":[{"name":"wp","href":"https:\/\/api.w.org\/{rel}","templated":true}]}}