{"id":101594,"date":"2025-09-08T17:02:08","date_gmt":"2025-09-08T17:02:08","guid":{"rendered":"https:\/\/www.europesays.com\/es\/101594\/"},"modified":"2025-09-08T17:02:08","modified_gmt":"2025-09-08T17:02:08","slug":"vamos-a-ver-quien-es-capaz","status":"publish","type":"post","link":"https:\/\/www.europesays.com\/es\/101594\/","title":{"rendered":"\u00abVamos a ver qui\u00e9n es capaz&#8230;\u00bb"},"content":{"rendered":"<p class=\"voc-p\" style=\"\">Con una exhibici\u00f3n que est\u00e1 recibiendo los elogios de la prensa internacional, <strong>Espa\u00f1a gole\u00f3 a Turqu\u00eda<\/strong> a domicilio con un goleada (0-6) de esc\u00e1ndalo. Los de Luis de la Fuente completaron uno de esos partidos que se recordar\u00e1n durante muchos a\u00f1os y que sirve para mandar un mensaje al resto del mundo a tan solo nueves meses de que comience el <strong>Mundial de Estados Unidos y Canad\u00e1<\/strong>.<\/p>\n<p class=\"voc-p\" style=\"\">A este nivel, pocos equipos pueden hacerle sombra a La Roja, que atropell\u00f3 al conjunto otomano con un f\u00fatbol brillante, s\u00f3lido y efectivo. Espa\u00f1a le endos\u00f3 seis goles al rival m\u00e1s duro del grupo en su casa, y apag\u00f3 el &#8216;infierno turco&#8217; con una de las mayores exhibiciones de su historia reciente.<\/p>\n<p class=\"voc-p\" style=\"\">Quien no pod\u00eda faltar a las reacciones de tremendo partido es el periodista <strong>Julio Maldonado &#8216;Maldini&#8217;<\/strong> en su canal de YouTube. El conocido comentarista elogi\u00f3 uno por uno a todos los jugadores que jugaron ante Turqu\u00eda, destacando sobretodo a Pedri y Mikel Merino (autor de tres goles antes los otomanos).<\/p>\n<p class=\"voc-p\" style=\"\">\u00abExhibici\u00f3n antol\u00f3gica de Espa\u00f1a\u00bb, comienza diciendo Maldini en la grabaci\u00f3n de Youtube, en la que ahonda que <strong>el resultado se antoja hasta \u00abcort\u00edsimo\u00bb tras lo visto<\/strong>. \u00abEl portero de Turqu\u00eda fue el mejor de su equipo\u00bb, sostiene el analista deportivo en la grabaci\u00f3n.<\/p>\n<p class=\"voc-p\" style=\"\">Maldini cree que <strong>\u00abes dif\u00edcil jugar mejor al f\u00fatbol\u00bb<\/strong> de lo que lo ha hecho Espa\u00f1a, y quiso destacar a Pedri y Mikel Merino por encima del resto, aunque todo el equipo \u00abha estado a un nivel alt\u00edsimo\u00bb.<\/p>\n<p>\nLos elogios de Maldini a los jugadores de Espa\u00f1a tras la exhibici\u00f3n ante Turqu\u00eda\n<\/p>\n<p class=\"voc-p\" style=\"\">El comentarista apunta que Espa\u00f1a ha hecho que Turqu\u00eda pareciera un rival de poco nivel, siendo todo lo contrario. \u00abLo de Mikel Merino ha sido \u00abtremendo\u00bb, sentencia Maldini, al tiempo que destaca que la actuaci\u00f3n de Pedri \u00abha sido memorable\u00bb, que Cucurella \u00abes ahora mismo el mejor lateral izquierdo del mundo\u00bb, o el excelente nivel de Zubimendi.<\/p>\n<p class=\"voc-p\" style=\"\">Cuenta el periodista que es dif\u00edcil imaginar que Espa\u00f1a juegue a \u00abeste nivel estratosf\u00e9rico\u00bb siempre, <strong>\u00abrozando la perfecci\u00f3n\u00bb<\/strong>. A nueve meses de la Copa del Mundo de f\u00fatbol, Maldini avisa sobre las posibilidades de La Roja. \u00abVamos a ver c\u00f3mo llegan, si est\u00e1n al 100%. Vamos a ver qui\u00e9n puede frenar a esta m\u00e1quina, porque es un aut\u00e9ntico deleite ver jugar a este equipo<\/p>\n<p>Reportar un error<\/p>\n","protected":false},"excerpt":{"rendered":"Con una exhibici\u00f3n que est\u00e1 recibiendo los elogios de la prensa internacional, Espa\u00f1a gole\u00f3 a Turqu\u00eda a domicilio&hellip;\n","protected":false},"author":2,"featured_media":101595,"comment_status":"","ping_status":"","sticky":false,"template":"","format":"standard","meta":{"footnotes":""},"categories":[93],"tags":[4641,6639,168,25,24,2000,35789,6881,1070,14500,23,167,575,8584,4709,809],"class_list":{"0":"post-101594","1":"post","2":"type-post","3":"status-publish","4":"format-standard","5":"has-post-thumbnail","7":"category-deportes","8":"tag-actuacion","9":"tag-capaz","10":"tag-deportes","11":"tag-es","12":"tag-espana","13":"tag-ganar","14":"tag-maldini","15":"tag-moja","16":"tag-mundial","17":"tag-predice","18":"tag-spain","19":"tag-sports","20":"tag-tras","21":"tag-turquia","22":"tag-vamos","23":"tag-ver"},"share_on_mastodon":{"url":"","error":""},"_links":{"self":[{"href":"https:\/\/www.europesays.com\/es\/wp-json\/wp\/v2\/posts\/101594","targetHints":{"allow":["GET"]}}],"collection":[{"href":"https:\/\/www.europesays.com\/es\/wp-json\/wp\/v2\/posts"}],"about":[{"href":"https:\/\/www.europesays.com\/es\/wp-json\/wp\/v2\/types\/post"}],"author":[{"embeddable":true,"href":"https:\/\/www.europesays.com\/es\/wp-json\/wp\/v2\/users\/2"}],"replies":[{"embeddable":true,"href":"https:\/\/www.europesays.com\/es\/wp-json\/wp\/v2\/comments?post=101594"}],"version-history":[{"count":0,"href":"https:\/\/www.europesays.com\/es\/wp-json\/wp\/v2\/posts\/101594\/revisions"}],"wp:featuredmedia":[{"embeddable":true,"href":"https:\/\/www.europesays.com\/es\/wp-json\/wp\/v2\/media\/101595"}],"wp:attachment":[{"href":"https:\/\/www.europesays.com\/es\/wp-json\/wp\/v2\/media?parent=101594"}],"wp:term":[{"taxonomy":"category","embeddable":true,"href":"https:\/\/www.europesays.com\/es\/wp-json\/wp\/v2\/categories?post=101594"},{"taxonomy":"post_tag","embeddable":true,"href":"https:\/\/www.europesays.com\/es\/wp-json\/wp\/v2\/tags?post=101594"}],"curies":[{"name":"wp","href":"https:\/\/api.w.org\/{rel}","templated":true}]}}