{"id":101626,"date":"2025-09-08T17:23:06","date_gmt":"2025-09-08T17:23:06","guid":{"rendered":"https:\/\/www.europesays.com\/es\/101626\/"},"modified":"2025-09-08T17:23:06","modified_gmt":"2025-09-08T17:23:06","slug":"katy-perry-llego-a-argentina-y-sus-fanaticos-la-sorprendieron-con-un-cuadro-de-eva-peron-el-video","status":"publish","type":"post","link":"https:\/\/www.europesays.com\/es\/101626\/","title":{"rendered":"Katy Perry lleg\u00f3 a Argentina y sus fan\u00e1ticos la sorprendieron con un cuadro de Eva Per\u00f3n: el video"},"content":{"rendered":"<p>En medio de su llegada al pa\u00eds, Katy Perry fue agasajada por sus fans y uno de ellos le otorg\u00f3 un cuadro de Eva Per\u00f3n (X)<\/p>\n<p class=\"paragraph\">Despu\u00e9s de siete a\u00f1os,<a rel=\"noopener noreferrer nofollow\" href=\"https:\/\/www.infobae.com\/tag\/katy-perry\/\" target=\"_blank\" title=\"https:\/\/www.infobae.com\/tag\/katy-perry\/\"> <b>Katy Perry<\/b><\/a><b> volvi\u00f3 a pisar suelo argentino y desat\u00f3 una aut\u00e9ntica fiesta entre sus seguidores<\/b>. La artista estadounidense aterriz\u00f3 en Buenos Aires para ofrecer dos shows en el Movistar Arena, en el marco de su gira internacional <b>\u201cThe Lifetimes Tour\u201d<\/b>, y su llegada estuvo cargada de emoci\u00f3n, sorpresas y un gesto que qued\u00f3 grabado en la memoria de sus fan\u00e1ticos argentinos: <b>un cuadro de<\/b><a rel=\"noopener noreferrer nofollow\" href=\"https:\/\/www.infobae.com\/tag\/eva-peron\/\" target=\"_blank\" title=\"https:\/\/www.infobae.com\/tag\/eva-peron\/\"><b> Eva Per\u00f3n<\/b><\/a><b> como regalo de bienvenida<\/b>.<\/p>\n<p class=\"paragraph\">La expectativa por el regreso de la estrella pop creci\u00f3 a cada hora. Desde temprano, una multitud de seguidores se agolp\u00f3 en las inmediaciones de un hotel de Puerto Madero, ansiosos por entregarle su afecto y aprovechar cualquier oportunidad para una foto, un saludo o simplemente un instante de cercan\u00eda. Perry no decepcion\u00f3: dedicada y siempre atenta, <b>sali\u00f3 a saludar, reparti\u00f3 sonrisas, firm\u00f3 aut\u00f3grafos y se tom\u00f3 selfies con quienes esperaban bajo el cielo porte\u00f1o<\/b>.<\/p>\n<p class=\"paragraph\">Pero entre saludos y flashes, un momento sorprendi\u00f3 a todos. <b>Katy mostr\u00f3 ande manos de uno de sus fan\u00e1ticos un cuadro de Eva Per\u00f3n<\/b>, s\u00edmbolo ineludible de la cultura y la historia argentina. La artista tom\u00f3 el obsequio con una sonrisa brillante, pos\u00f3 gustosamente para las c\u00e1maras y agradeci\u00f3 el gesto rodeada de aplausos y v\u00edtores. \u201c<b>Gracias madre<\/b>\u201d, exclam\u00f3 uno de sus seguidores en medio de la emoci\u00f3n y la algarab\u00eda, mientras la cantante realizaba su ronda de saludos.<\/p>\n<p><img alt=\"La artista mostr\u00f3 el regalo\" class=\"global-image\" decoding=\"async\" fetchpriority=\"low\" height=\"2560\" loading=\"lazy\" src=\"https:\/\/www.europesays.com\/es\/wp-content\/uploads\/2025\/09\/P372HSWK2RAB7NEENILCBSO44E.jpg\" width=\"1920\"\/>La artista mostr\u00f3 el regalo que recibi\u00f3 por parte de sus fan\u00e1ticos (X)<\/p>\n<p class=\"paragraph\">El episodio no termin\u00f3 all\u00ed. Minutos despu\u00e9s, cuando se preparaba para ingresar nuevamente al hotel, <b>Perry alz\u00f3 el cuadro de Eva Per\u00f3n por encima de su cabeza y volvi\u00f3 a recibir un c\u00e1lido aplauso<\/b> de parte de los fan\u00e1ticos, que celebraron el instante entre gritos de admiraci\u00f3n y celulares en alto. Las im\u00e1genes y videos de la escena se multiplicaron en las redes sociales, inmortalizando el encuentro y generando intensa repercusi\u00f3n. \u201cMe encanta este multiverso\u201d; \u201cEsto no estaba en mi bingo card\u201d; \u201c<b>Una experiencia surreal<\/b>\u201d; \u201cKaty, siempre ser\u00e1s ic\u00f3nica\u201d; \u201c<b>Te amamos, Katy<\/b>\u201d, fueron algunos de los comentarios que circularon durante la noche y pusieron en evidencia la fascinaci\u00f3n que la artista sigue despertando en distintas generaciones.<\/p>\n<p class=\"paragraph\"><b>Adem\u00e1s, cabe destacar que la escena tuvo lugar<\/b> cuando en la provincia de Buenos Aires se conoc\u00edan los resultados de las elecciones legislativas, que arrojaron <a rel=\"noopener noreferrer nofollow\" href=\"https:\/\/www.infobae.com\/politica\/2025\/09\/07\/elecciones-buenos-aires-2025-en-vivo-las-ultimas-noticias-sobre-los-comicios-bonaerenses\/\" target=\"_blank\" title=\"https:\/\/www.infobae.com\/politica\/2025\/09\/07\/elecciones-buenos-aires-2025-en-vivo-las-ultimas-noticias-sobre-los-comicios-bonaerenses\/\">una amplia victoria de <b>Fuerza Patria<\/b> sobre <b>La Libertad Avanza<\/b><\/a>. Mientras el pa\u00eds debat\u00eda los resultados pol\u00edticos, La int\u00e9rprete de \u201cTeenage dream\u201d regalaba un instante inolvidable a sus fans y reafirmaba la fuerte conexi\u00f3n que mantiene con su audiencia argentina. La espera ahora se centra en los esperados shows del 9 y 10 de septiembre, donde la cantante repasar\u00e1 sus grandes \u00e9xitos y, como ya es su costumbre, un espectacular despliegue de vestuario y escenograf\u00eda.<\/p>\n<p><img alt=\"En medio de un presente\" class=\"global-image\" decoding=\"async\" fetchpriority=\"low\" height=\"3953\" loading=\"lazy\" src=\"https:\/\/www.europesays.com\/es\/wp-content\/uploads\/2025\/09\/P4I6AKXPBBF2DBZTAYVA5O5BTE.JPG\" width=\"3211\"\/>En medio de un presente ocupado, la artista volvi\u00f3 a pisar el pa\u00eds ante sus inminentes conciertos (REUTERS\/Mario Anzuoni)<\/p>\n<p class=\"paragraph\">En el plano personal, la cantante tambi\u00e9n atraviesa momentos de cambios y desaf\u00edos. En los \u00faltimos meses, trascendi\u00f3 que<a rel=\"noopener noreferrer nofollow\" href=\"https:\/\/www.infobae.com\/entretenimiento\/2025\/06\/26\/katy-perry-y-orlando-bloom-se-separaron-tras-9-anos-de-relacion\/\" target=\"_blank\" title=\"https:\/\/www.infobae.com\/entretenimiento\/2025\/06\/26\/katy-perry-y-orlando-bloom-se-separaron-tras-9-anos-de-relacion\/\"> Katy y el actor <b>Orlando Bloom<\/b> finalizaron su relaci\u00f3n <\/a>tras varios a\u00f1os juntos. Ambos son padres de <b>Daisy Bloom<\/b>, la hija que tuvieron en com\u00fan y que suma un nuevo cap\u00edtulo en la historia personal de la artista. Pero las novedades no terminan ah\u00ed: hace solo unas semanas, Perry fue vinculada amorosamente <a rel=\"noopener noreferrer nofollow\" href=\"https:\/\/www.infobae.com\/entretenimiento\/2025\/08\/04\/katy-perry-y-justin-trudeau-tienen-un-romance-esto-dijo-una-fuente-cercana\/\" target=\"_blank\" title=\"https:\/\/www.infobae.com\/entretenimiento\/2025\/08\/04\/katy-perry-y-justin-trudeau-tienen-un-romance-esto-dijo-una-fuente-cercana\/\">con el exprimer ministro de <b>Canad\u00e1, Justin Trudeau<\/b><\/a>.<\/p>\n<p class=\"paragraph\">Seg\u00fan fuentes consultadas por la revista <b>PEOPLE<\/b>, entre Perry y Trudeau podr\u00eda estar surgiendo algo m\u00e1s que una amistad. <b>\u201cHay atracci\u00f3n, y ahora ambos est\u00e1n disponibles\u201d<\/b>, asegur\u00f3 un informante canadiense, en referencia a la reciente separaci\u00f3n de la cantante y al divorcio del pol\u00edtico, quien estuvo casado durante dieciocho a\u00f1os con <b>Sophie Gr\u00e9goire<\/b> y tiene tres hijos. Pero aunque la qu\u00edmica existe, no todo ser\u00eda sencillo. \u201cAmbos est\u00e1n interesados el uno en el otro, pero tomar\u00e1 tiempo ver a d\u00f3nde lleva esto\u201d, confidenci\u00f3 la fuente. La artista se encuentra completamente abocada a su gira internacional, y Trudeau est\u00e1 en pleno proceso de reorganizar su vida tras dejar el cargo y separarse. Pero las coincidencias y el inter\u00e9s son reales: <b>\u201cTienen mucho en com\u00fan\u201d,<\/b> afirmaron desde el entorno de ambos.<\/p>\n<p class=\"paragraph\">Mientras los rumores crecen fuera del escenario, el p\u00fablico argentino solo mira hacia los pr\u00f3ximos conciertos de Perry. <b>La llegada de la cantante no solo renueva la pasi\u00f3n por su m\u00fasica, sino que ratifica, una vez m\u00e1s, la cercan\u00eda de la artista con quienes la siguen<\/b>. El regalo de Eva Per\u00f3n y los aplausos en la noche porte\u00f1a quedan como testimonio de un v\u00ednculo que, a siete a\u00f1os de su \u00faltima visita, est\u00e1 m\u00e1s vivo que nunca.<\/p>\n","protected":false},"excerpt":{"rendered":"En medio de su llegada al pa\u00eds, Katy Perry fue agasajada por sus fans y uno de ellos&hellip;\n","protected":false},"author":2,"featured_media":101627,"comment_status":"","ping_status":"","sticky":false,"template":"","format":"standard","meta":{"footnotes":""},"categories":[170],"tags":[3118,146,147,25,24,35799,184,185,3119,23],"class_list":{"0":"post-101626","1":"post","2":"type-post","3":"status-publish","4":"format-standard","5":"has-post-thumbnail","7":"category-musica","8":"tag-arts-culture-entertainment","9":"tag-entertainment","10":"tag-entretenimiento","11":"tag-es","12":"tag-espana","13":"tag-inglewood","14":"tag-music","15":"tag-musica","16":"tag-north-america","17":"tag-spain"},"share_on_mastodon":{"url":"","error":""},"_links":{"self":[{"href":"https:\/\/www.europesays.com\/es\/wp-json\/wp\/v2\/posts\/101626","targetHints":{"allow":["GET"]}}],"collection":[{"href":"https:\/\/www.europesays.com\/es\/wp-json\/wp\/v2\/posts"}],"about":[{"href":"https:\/\/www.europesays.com\/es\/wp-json\/wp\/v2\/types\/post"}],"author":[{"embeddable":true,"href":"https:\/\/www.europesays.com\/es\/wp-json\/wp\/v2\/users\/2"}],"replies":[{"embeddable":true,"href":"https:\/\/www.europesays.com\/es\/wp-json\/wp\/v2\/comments?post=101626"}],"version-history":[{"count":0,"href":"https:\/\/www.europesays.com\/es\/wp-json\/wp\/v2\/posts\/101626\/revisions"}],"wp:featuredmedia":[{"embeddable":true,"href":"https:\/\/www.europesays.com\/es\/wp-json\/wp\/v2\/media\/101627"}],"wp:attachment":[{"href":"https:\/\/www.europesays.com\/es\/wp-json\/wp\/v2\/media?parent=101626"}],"wp:term":[{"taxonomy":"category","embeddable":true,"href":"https:\/\/www.europesays.com\/es\/wp-json\/wp\/v2\/categories?post=101626"},{"taxonomy":"post_tag","embeddable":true,"href":"https:\/\/www.europesays.com\/es\/wp-json\/wp\/v2\/tags?post=101626"}],"curies":[{"name":"wp","href":"https:\/\/api.w.org\/{rel}","templated":true}]}}