{"id":101628,"date":"2025-09-08T17:24:04","date_gmt":"2025-09-08T17:24:04","guid":{"rendered":"https:\/\/www.europesays.com\/es\/101628\/"},"modified":"2025-09-08T17:24:04","modified_gmt":"2025-09-08T17:24:04","slug":"netflix-lanza-el-trailer-de-punales-por-la-espalda-de-entre-los-muertos-con-daniel-craig-en-su-mayor-misterio-vandal","status":"publish","type":"post","link":"https:\/\/www.europesays.com\/es\/101628\/","title":{"rendered":"Netflix lanza el tr\u00e1iler de &#039;Pu\u00f1ales por la espalda: De entre los muertos&#039; con Daniel Craig en su mayor misterio &#8211; Vandal"},"content":{"rendered":"<ol>\n<li><a href=\"https:\/\/news.google.com\/rss\/articles\/CBMi9gFBVV95cUxOamVhcnp3b1ZqQXdkRlhHSWF0OFExN3hwUUstal96OFpuTTh5Yko5SnlwUGZCNm9SWjQ1OUJUaW42UklQNHQyc1JGZ2lvdF9pd3JxdG9MMjVPNDJvVGhWNUYzQXRvWlc3Vmh4RVRtSGNob0FmWWZfb3RCZGFrU3l2YUNEcUYzOHpOQkpiREpwVXM4WEdBVDhneWxYN01XNGNTV3ozaHVvaXJDRFJrYWhvOWxJVVZnam9jRXh3WHN3UkRsSDczTHVta3ZnYS00ZFMycHpoR0J2eUd4d3hwZGFOeHFxT2w0XzhvTll3dWFNOXlyM2FoaEHSAfsBQVVfeXFMTVJpUVVaWGxHMXpSN2JtWDFUQ0loMHV1YlE0Y0E5VkNhMzhzbWtCUkVadUxvMHFYZ3hzbWdVUGU3WU5pSG9vTXlPN1JuUDExTEs0N2VSUTNsOWhGLXRKVXR6N3otV2FvdFV2YmhaMkdZXzhGbE1fTGdJMnRJQnZCNGU0cmVkSllVZXpJYWlvcklWNXR3bVlOVl9xNWpBTEZBUlZyTWNDOGIzUkdFaElxZkpRUjczcUpWX0dSbUJpUVZ3U0p3LUZtS3B4NHpxTnFzQ242a09RSGlqeHpCbUdybHdydVViV1VIZDZfRzQyWHhvbmFqMkVTNXpXQ3M?oc=5\" target=\"_blank\" rel=\"nofollow noopener\">Netflix lanza el tr\u00e1iler de &#8216;Pu\u00f1ales por la espalda: De entre los muertos&#8217; con Daniel Craig en su mayor misterio<\/a>&nbsp;&nbsp;Vandal<\/li>\n<li><a href=\"https:\/\/news.google.com\/rss\/articles\/CBMivgFBVV95cUxNU1h5V0lVZUlXb01OcE9Xa3h0UGp2Sl9FT0VDc3VUYm9VUkR6RlZRbVBVTlY5OS1aRy1yUmFGRkVwYVpNWGg3MHRRb3ZaUE9CYVF3XzdBVEI4RldNaXlHTTQtWElDWDhUUlNZMlhCMUNSd2d0cVB0ODVpa3N3QVlnbVdtRjBFZTRRNTJNSkM5TGR3b0J2NUFJOEFKR3ZWZm5zVENlUFd4OFY3Q3JkYzRwZlpIbDdaM2h6aC04aTBn0gHDAUFVX3lxTE5jdkNCQ241R09EMnk5b2FxUHZXOWx4ZHlZSkx5dndXQklTVVlCYWV0cXlSTEJEQ0o3QnBxWTZQMlY0Q1Q5LVdRN2tyUHFWX2s2NGhNcWw0R1Nwa1cxOWZtb1lGaEFNTndtVUk5NW42d2tHbFpETjVMTXlxMU5UZ1JkSmdSQURLanlNOXlPRFNOQlJiZF96MkhteFpFSjNPck1nS2F4dEJkOFJxSlZoN3dOZ3JlU2JpNURVbkdQVkg3VmMwaw?oc=5\" target=\"_blank\" rel=\"nofollow noopener\">&#8216;Pu\u00f1ales por la espalda 3&#8217; apuesta por el terror g\u00f3tico: Netflix acaba de lanzar el inquietante tr\u00e1iler&#8230;<\/a>&nbsp;&nbsp;Espinof<\/li>\n<li><a href=\"https:\/\/news.google.com\/rss\/articles\/CBMiggFBVV95cUxOUWt4R2lyTEQzT2tPVDlySVVxVTFmUDhaQldfZDhGWGNCeXlVMGJ3OUg5Rm1HSGxib1VhcllFQzQwcXdBSkNTV3YzbWFtTk85aHpOMjdmQ240a0l1LUc0OW52bGxUZzBaTmRDNE8zMU4wb1h0RFhjOUkzR3BkNnNYVlV3?oc=5\" target=\"_blank\" rel=\"nofollow noopener\">TIFF estrena \u2018Wake Up Dead Man\u2019, el tercer film de la serie Knives Out con Daniel Craig<\/a>&nbsp;&nbsp;Yahoo en Espa\u00f1ol Vida y Estilo<\/li>\n<li><a href=\"https:\/\/news.google.com\/rss\/articles\/CBMingFBVV95cUxNTG9pTXBFSmhSMlBsekRMYXI0ektaT1YzYkVIQTdjejRnMGo2V3lfUlp4anRKV190eFNCdXhMN2VzMGdXdGhJUmJqN0tTWk4wRTEtYU5GaXhROWZNTU15Zm92NllSWUFicXdJVmFIWVhnaGJ5UUtjbWJ3T28zVWJ5U05ubGo1ODFMNnVhTFRTb0NnQjB1Y1pPUDZOMWt2UQ?oc=5\" target=\"_blank\" rel=\"nofollow noopener\">El tercer cuchillo de Rian Johnson se oscurece<\/a>&nbsp;&nbsp;Revista La Velez<\/li>\n<li><a href=\"https:\/\/news.google.com\/rss\/articles\/CBMilgFBVV95cUxPclNrb0VKWWxMZVpjbG9rXzBGWWNxNVZIRW1ZZkpQcEF1eGxiQjlUVWxsQ2FGWl9BakYxRHBLbUc4OUFZX0doSWM2dENPck5TandHenZYSl9DUzAyenFoUVY3QnRLcWFRNHNFYko5OW9RaTl4MFNQbEt2aHdDQllTdFE4YzVpS2FrRVdJb2xOS3JsMXdfNVE?oc=5\" target=\"_blank\" rel=\"nofollow noopener\">Brilla nueva secuela de &#8216;Knives Out&#8217; en Festival de Toronto<\/a>&nbsp;&nbsp;Reforma<\/li>\n<\/ol>\n","protected":false},"excerpt":{"rendered":"Netflix lanza el tr\u00e1iler de &#8216;Pu\u00f1ales por la espalda: De entre los muertos&#8217; con Daniel Craig en su&hellip;\n","protected":false},"author":2,"featured_media":101629,"comment_status":"","ping_status":"","sticky":false,"template":"","format":"standard","meta":{"footnotes":""},"categories":[169],"tags":[177,146,147,25,24,2065,176,175,23],"class_list":{"0":"post-101628","1":"post","2":"type-post","3":"status-publish","4":"format-standard","5":"has-post-thumbnail","7":"category-cine","8":"tag-cine","9":"tag-entertainment","10":"tag-entretenimiento","11":"tag-es","12":"tag-espana","13":"tag-faltan-tags","14":"tag-film","15":"tag-movies","16":"tag-spain"},"share_on_mastodon":{"url":"","error":""},"_links":{"self":[{"href":"https:\/\/www.europesays.com\/es\/wp-json\/wp\/v2\/posts\/101628","targetHints":{"allow":["GET"]}}],"collection":[{"href":"https:\/\/www.europesays.com\/es\/wp-json\/wp\/v2\/posts"}],"about":[{"href":"https:\/\/www.europesays.com\/es\/wp-json\/wp\/v2\/types\/post"}],"author":[{"embeddable":true,"href":"https:\/\/www.europesays.com\/es\/wp-json\/wp\/v2\/users\/2"}],"replies":[{"embeddable":true,"href":"https:\/\/www.europesays.com\/es\/wp-json\/wp\/v2\/comments?post=101628"}],"version-history":[{"count":0,"href":"https:\/\/www.europesays.com\/es\/wp-json\/wp\/v2\/posts\/101628\/revisions"}],"wp:featuredmedia":[{"embeddable":true,"href":"https:\/\/www.europesays.com\/es\/wp-json\/wp\/v2\/media\/101629"}],"wp:attachment":[{"href":"https:\/\/www.europesays.com\/es\/wp-json\/wp\/v2\/media?parent=101628"}],"wp:term":[{"taxonomy":"category","embeddable":true,"href":"https:\/\/www.europesays.com\/es\/wp-json\/wp\/v2\/categories?post=101628"},{"taxonomy":"post_tag","embeddable":true,"href":"https:\/\/www.europesays.com\/es\/wp-json\/wp\/v2\/tags?post=101628"}],"curies":[{"name":"wp","href":"https:\/\/api.w.org\/{rel}","templated":true}]}}