{"id":101654,"date":"2025-09-08T17:39:22","date_gmt":"2025-09-08T17:39:22","guid":{"rendered":"https:\/\/www.europesays.com\/es\/101654\/"},"modified":"2025-09-08T17:39:22","modified_gmt":"2025-09-08T17:39:22","slug":"sauber-se-quita-el-sombrero-ante-la-actuacion-de-gabriel-bortoleto-no-hay-que-subestimarle","status":"publish","type":"post","link":"https:\/\/www.europesays.com\/es\/101654\/","title":{"rendered":"Sauber se quita el sombrero ante la actuaci\u00f3n de Gabriel Bortoleto: \u201cNo hay que subestimarle\u201d"},"content":{"rendered":"<p data-journey-content=\"true\" data-node-id=\"3\" class=\"css-i9p093 emevuu60\"><strong data-node-id=\"3.0\">Sauber <\/strong>se qued\u00f3 con un sabor agridulce en <strong data-node-id=\"3.2\">Monza<\/strong>. Por un lado, <strong data-node-id=\"3.4\">Nico H\u00fclkenberg <\/strong>se qued\u00f3 sin opciones de competir ya que<strong data-node-id=\"3.6\"> tuvo que retirar el coche<\/strong> en la vuelta de reconocimiento. Sin embargo, <strong data-node-id=\"3.8\">Bortoleto<\/strong> consigui\u00f3 salvar el fin de semana con su<strong data-node-id=\"3.10\"> octavo puesto<\/strong>. En unas declaraciones que recoge la web oficial de la F1, <strong data-node-id=\"3.12\">Wheatley<\/strong> reacciona al rendimiento del rookie: \u201c<strong data-node-id=\"3.14\">No hay que subestimar<\/strong> la actuaci\u00f3n de Gabriel, sum\u00f3 puntos valiosos, redujo la diferencia con el equipo que iba por delante y puede sacar mucha confianza de su fin de semana. En general, su rendimiento nos anima mucho a reconstruimos, enfocarnos y avanzar\u201d<\/p>\n<p>Brotes verdes, pero a\u00fan faltan detalles por pulir<\/p>\n<p data-journey-content=\"true\" data-node-id=\"6\" class=\"css-i9p093 emevuu60\">La escuder\u00eda ha conseguido crecer exponencialmente respecto a la anterior temporada. Adem\u00e1s, el cambio a <strong data-node-id=\"6.1\">\u2018Audi\u2019 para 2026<\/strong> es a\u00fan m\u00e1s alentador de cara al futuro. No obstante, el equipo necesita evitar abandonos como el del alem\u00e1n: \u201cA veces es dif\u00edcil disfrutar del trabajo con ambos pilotos cuando nos enfrentamos a una situaci\u00f3n como la de hoy, con <strong data-node-id=\"6.3\">Nico fuera de la pista por un problema hidr\u00e1ulico<\/strong> que le impidi\u00f3 salir. Es algo que debemos comprender y resolver a fondo\u201d.<\/p>\n<p data-journey-content=\"true\" data-node-id=\"8\" class=\"css-i9p093 emevuu60\">Destacar en un a\u00f1o con tanta competencia en la zona media no era una tarea sencilla. Bortoleto se marcha de con buen sabor de boca en Monza, aunque su rendimiento no le termin\u00f3 de convencer al 100%: \u201cTuvimos una carrera muy s\u00f3lida, con buenas decisiones y una buena estrategia. <strong data-node-id=\"8.1\">Mi parada en boxes fue un poco lenta<\/strong>, pero tambi\u00e9n fue culpa m\u00eda, porque posiblemente llegu\u00e9 demasiado tarde y definitivamente no ayud\u00f3. <strong data-node-id=\"8.3\">En general, estoy contento<\/strong> de haber terminado octavo y haber vuelto a los puntos\u201d.<\/p>\n<p><img draggable=\"true\" alt=\"f1 grand prix of italy\" title=\"F1 Grand Prix of Italy\" loading=\"lazy\" width=\"4500\" height=\"3000\" decoding=\"async\" data-nimg=\"1\" style=\"color:transparent;width:100%;height:auto;\"   src=\"https:\/\/www.europesays.com\/es\/wp-content\/uploads\/2025\/09\/gabriel-bortoleto-of-brazil-drives-the-stake-f1-team-kick-news-photo-1757343652.pjpeg\" class=\"css-0 e1g79fud0\"\/><a target=\"_blank\" rel=\"noopener nofollow\" data-theme-key=\"base-link\" href=\"https:\/\/pinterest.com\/pin\/create\/button\/?url=https:\/\/www.caranddriver.com\/es\/formula-1\/a66013202\/sauber-se-quita-sombrero-ante-actuacion-gabriel-bortoleto-no-hay-subestimarle\/&amp;description=&amp;media=https:\/\/hips.hearstapps.com\/hmg-prod\/images\/gabriel-bortoleto-of-brazil-drives-the-stake-f1-team-kick-news-photo-1757343652.pjpeg?resize=1600:*\" class=\"pinterest css-on9hn5 e1c1bym14\"><img decoding=\"async\" data-dynamic-svg=\"true\" src=\"https:\/\/www.caranddriver.com\/_assets\/design-tokens\/fre\/static\/icons\/social\/pinterest.e8cf655.svg?primary=%2523ffffff\" loading=\"lazy\" data-testid=\"dynamic-svg-base\" height=\"auto\" width=\"auto\" alt=\"pinterest\" class=\"css-4lml0h e1mlxuuw1\"\/><\/a><\/p>\n<p>NurPhoto\/\/Getty Images<\/p>\n<p data-journey-content=\"true\" data-node-id=\"13\" class=\"css-i9p093 emevuu60\">El rookie ha conseguido ir de menos a m\u00e1s en 2025. Pese a un inicio duro lejos del top 10, el brasile\u00f1o ha logrado asentarse en la zona de puntos y quiere exprimir al m\u00e1ximo cada Gran Premio: \u201cEs importante para el Campeonato de Constructores. Obviamente, <strong data-node-id=\"13.1\">tengo ganas de m\u00e1s<\/strong>, pero creo que esto es lo mejor que pudimos haber logrado este fin de semana: ha sido consistente, productivo y una buena manera de cerrar la etapa europea de la temporada\u201d.<\/p>\n<p>\u00bfPodr\u00eda haber vencido a Fernando Alonso?<\/p>\n<p data-journey-content=\"true\" data-node-id=\"16\" class=\"css-i9p093 emevuu60\">Bortoleto conoce perfectamente al asturiano ya que pertenece a<strong data-node-id=\"16.1\"> \u2018A14management\u2019<\/strong>, la agencia de representaci\u00f3n de pilotos del bicampe\u00f3n del mundo. En pista, ambos estaban muy cerca y el de <strong data-node-id=\"16.3\">Aston Martin<\/strong> consigui\u00f3 adelantarle tras una buena parada en boxes. Sin embargo, Alonso tuvo que decir adi\u00f3s a la carrera tras un <a href=\"https:\/\/www.caranddriver.com\/es\/formula-1\/a66010121\/aston-martin-desconcertada-problemas-fernando-alonso-monza\/\" target=\"_blank\" data-vars-ga-outbound-link=\"https:\/\/www.caranddriver.com\/es\/formula-1\/a66010121\/aston-martin-desconcertada-problemas-fernando-alonso-monza\/\" data-vars-ga-ux-element=\"Hyperlink\" data-vars-ga-call-to-action=\"fallo en la suspensi\u00f3n\" data-node-id=\"16.5\" class=\"body-link css-168zq96 emevuu60\" rel=\"nofollow noopener\">fallo en la suspensi\u00f3n<\/a>. El espa\u00f1ol se qued\u00f3 muy frustrado tras otro fin de semana en el que<a href=\"https:\/\/www.caranddriver.com\/es\/formula-1\/a66003421\/fernando-alonso-atonito-abandono-aston-martin-f1-gp-italia-acostumbrando\/\" target=\"_blank\" data-vars-ga-outbound-link=\"https:\/\/www.caranddriver.com\/es\/formula-1\/a66003421\/fernando-alonso-atonito-abandono-aston-martin-f1-gp-italia-acostumbrando\/\" data-vars-ga-ux-element=\"Hyperlink\" data-vars-ga-call-to-action=\" la suerte le da la espalda\" data-node-id=\"16.7\" class=\"body-link css-168zq96 emevuu60\" rel=\"nofollow noopener\"> la suerte le da la espalda<\/a>.<\/p>\n<p>Contenidos relacionados<img src=\"https:\/\/www.europesays.com\/es\/wp-content\/uploads\/2025\/09\/1757353162_215_d3baca1e-d34f-44ac-842c-f2c50fb6b579_1737539442.file\" alt=\"Headshot of Alejandro Fern\u00e1ndez Montealegre\" title=\"Headshot of Alejandro Fern\u00e1ndez Montealegre\" width=\"100%\" height=\"100%\" decoding=\"async\" loading=\"lazy\" class=\"css-o0wq4v ev8dhu53\"\/><\/p>\n<p>Amante del mundo del motor en todas sus versiones, desde salir tranquilamente de ruta hasta escuchar a Lobato dej\u00e1ndose las cuerdas vocales en una vuelta importante de F1. Que mi abuelo fuera mec\u00e1nico seguramente influyera en que me llamara la atenci\u00f3n todo este mundo. \u00a0<\/p>\n","protected":false},"excerpt":{"rendered":"Sauber se qued\u00f3 con un sabor agridulce en Monza. Por un lado, Nico H\u00fclkenberg se qued\u00f3 sin opciones&hellip;\n","protected":false},"author":2,"featured_media":101655,"comment_status":"","ping_status":"","sticky":false,"template":"","format":"standard","meta":{"footnotes":""},"categories":[270],"tags":[168,253,25,24,306,271,272,23,167],"class_list":{"0":"post-101654","1":"post","2":"type-post","3":"status-publish","4":"format-standard","5":"has-post-thumbnail","7":"category-formula-1","8":"tag-deportes","9":"tag-discover","10":"tag-es","11":"tag-espana","12":"tag-f1","13":"tag-formula-1","14":"tag-formula1","15":"tag-spain","16":"tag-sports"},"share_on_mastodon":{"url":"","error":""},"_links":{"self":[{"href":"https:\/\/www.europesays.com\/es\/wp-json\/wp\/v2\/posts\/101654","targetHints":{"allow":["GET"]}}],"collection":[{"href":"https:\/\/www.europesays.com\/es\/wp-json\/wp\/v2\/posts"}],"about":[{"href":"https:\/\/www.europesays.com\/es\/wp-json\/wp\/v2\/types\/post"}],"author":[{"embeddable":true,"href":"https:\/\/www.europesays.com\/es\/wp-json\/wp\/v2\/users\/2"}],"replies":[{"embeddable":true,"href":"https:\/\/www.europesays.com\/es\/wp-json\/wp\/v2\/comments?post=101654"}],"version-history":[{"count":0,"href":"https:\/\/www.europesays.com\/es\/wp-json\/wp\/v2\/posts\/101654\/revisions"}],"wp:featuredmedia":[{"embeddable":true,"href":"https:\/\/www.europesays.com\/es\/wp-json\/wp\/v2\/media\/101655"}],"wp:attachment":[{"href":"https:\/\/www.europesays.com\/es\/wp-json\/wp\/v2\/media?parent=101654"}],"wp:term":[{"taxonomy":"category","embeddable":true,"href":"https:\/\/www.europesays.com\/es\/wp-json\/wp\/v2\/categories?post=101654"},{"taxonomy":"post_tag","embeddable":true,"href":"https:\/\/www.europesays.com\/es\/wp-json\/wp\/v2\/tags?post=101654"}],"curies":[{"name":"wp","href":"https:\/\/api.w.org\/{rel}","templated":true}]}}