{"id":101662,"date":"2025-09-08T17:44:10","date_gmt":"2025-09-08T17:44:10","guid":{"rendered":"https:\/\/www.europesays.com\/es\/101662\/"},"modified":"2025-09-08T17:44:10","modified_gmt":"2025-09-08T17:44:10","slug":"la-feria-del-libro-de-dos-hermanas-se-traslada-de-la-zona-centro-a-entrenucleos","status":"publish","type":"post","link":"https:\/\/www.europesays.com\/es\/101662\/","title":{"rendered":"La Feria del Libro de Dos Hermanas se traslada de la zona centro a Entren\u00facleos"},"content":{"rendered":"<p class=\"voc-author__name\">\nValme J. Caballero\n<\/p>\n<p class=\"voc-author__special\">Dos Hermanas<\/p>\n<p class=\"voc-p\" style=\"\">Octubre se inaugura en Dos Hermanas con la celebraci\u00f3n de la <strong>42 edici\u00f3n de la Feria del Libro<\/strong> que este a\u00f1o llega con una importante novedad: <strong>cambio de ubicaci\u00f3n.<\/strong><\/p>\n<p class=\"voc-p\" style=\"\">Durante los \u00faltimos a\u00f1os, este evento se hab\u00eda desarrollado en la c\u00e9ntrica <strong>plaza del Arenal<\/strong> y el pr\u00f3ximo d\u00eda 3 de octubre estrenar\u00e1 un nuevo espacio, en <strong>Entren\u00facleos,<\/strong> concretamente en la Ciudad del Conocimiento. De esta forma, con la nueva localizaci\u00f3n se acerca este evento cultural a la zona de expansi\u00f3n por excelencia del municipio as\u00ed como al mundo universitario ya que en los alrededores se encuentran la Universidad Loyola Andaluc\u00eda y la Universidad Pablo de Olavide. Muy cerca tambi\u00e9n est\u00e1 la Ciudad Deportiva del Real Betis Balompi\u00e9 Rafael Gordillo a la que, a diario, acuden muchas personas.<\/p>\n<p class=\"voc-p\" style=\"\">De igual forma, se ha dispuesto aparcamiento gratuito y servicio de <strong>autobuses gratis<\/strong> para facilitar el acceso tanto de nazarenos de la zona centro como de Montequinto (L5 parada Loyola y L6 parada Metrob\u00fas).<\/p>\n<p class=\"voc-p\" style=\"\"> A lo largo de tres d\u00edas, 3, 4 y 5 de octubre, la Delegaci\u00f3n de Cultura y Fiestas del Ayuntamiento de Dos Hermanas, a trav\u00e9s de las Bibliotecas Municipales Pedro La\u00edn Entralgo y Miguel Delibes, organiza estas jornadas con aire renovado ya que adem\u00e1s de localizaci\u00f3n <strong>estrenan casetas.<\/strong><\/p>\n<p>\nProgramaci\u00f3n\n<\/p>\n<p class=\"voc-p\" style=\"\">La feria presenta una programaci\u00f3n dise\u00f1ada para <strong>acercar la literatura<\/strong> a todos los p\u00fablicos. Entre las actividades se pueden citar los encuentros con reconocidas autoras como <strong>Susana Mart\u00edn Gij\u00f3n<\/strong> (que presentar\u00e1 su nueva novela &#8216;La Capitana&#8217;, el viernes a las 19.00 horas) y <strong>Ana Punset<\/strong> (creadora de la Saga infantil Unicornia, el s\u00e1bado a las 12.00 horas), as\u00ed como un taller de creaci\u00f3n de c\u00f3mics, cuentacuentos, gymkhanas po\u00e9ticas, un concierto de jazz vocal que pondr\u00e1 la nota musical y otro de la <strong>Banda de M\u00fasica Juvenil de Dos Hermanas Santa Ana<\/strong> (s\u00e1bado a las 13.00 horas).<\/p>\n<p class=\"voc-p\" style=\"\"> Entre las librer\u00edas que expondr\u00e1n sus publicaciones se encuentran <strong>Valme, Rara Avis, Alfilbe, McLein and Parker<\/strong>, Hojas de Hierba, Platero Coolbooks, Ediciones Avel\u00e1n y CDO Sevilla. <\/p>\n<p class=\"voc-p\" style=\"\">La Feria tendr\u00e1 un <strong>horario<\/strong> de viernes, de 17.30 a 20.30 horas; s\u00e1bado, de 10.30 a 14.00 horas y de 17.30 a 20.30 horas; y domingo, de 10.30 a 14.00 horas. <\/p>\n<p>Reportar un error<\/p>\n","protected":false},"excerpt":{"rendered":"Valme J. Caballero Dos Hermanas Octubre se inaugura en Dos Hermanas con la celebraci\u00f3n de la 42 edici\u00f3n&hellip;\n","protected":false},"author":2,"featured_media":101663,"comment_status":"","ping_status":"","sticky":false,"template":"","format":"standard","meta":{"footnotes":""},"categories":[172],"tags":[224,245,1563,146,35807,147,25,24,599,3553,1496,225,23,13200,6420],"class_list":{"0":"post-101662","1":"post","2":"type-post","3":"status-publish","4":"format-standard","5":"has-post-thumbnail","7":"category-libros","8":"tag-books","9":"tag-centro","10":"tag-dos","11":"tag-entertainment","12":"tag-entrenucleos","13":"tag-entretenimiento","14":"tag-es","15":"tag-espana","16":"tag-feria","17":"tag-hermanas","18":"tag-libro","19":"tag-libros","20":"tag-spain","21":"tag-traslada","22":"tag-zona"},"share_on_mastodon":{"url":"","error":""},"_links":{"self":[{"href":"https:\/\/www.europesays.com\/es\/wp-json\/wp\/v2\/posts\/101662","targetHints":{"allow":["GET"]}}],"collection":[{"href":"https:\/\/www.europesays.com\/es\/wp-json\/wp\/v2\/posts"}],"about":[{"href":"https:\/\/www.europesays.com\/es\/wp-json\/wp\/v2\/types\/post"}],"author":[{"embeddable":true,"href":"https:\/\/www.europesays.com\/es\/wp-json\/wp\/v2\/users\/2"}],"replies":[{"embeddable":true,"href":"https:\/\/www.europesays.com\/es\/wp-json\/wp\/v2\/comments?post=101662"}],"version-history":[{"count":0,"href":"https:\/\/www.europesays.com\/es\/wp-json\/wp\/v2\/posts\/101662\/revisions"}],"wp:featuredmedia":[{"embeddable":true,"href":"https:\/\/www.europesays.com\/es\/wp-json\/wp\/v2\/media\/101663"}],"wp:attachment":[{"href":"https:\/\/www.europesays.com\/es\/wp-json\/wp\/v2\/media?parent=101662"}],"wp:term":[{"taxonomy":"category","embeddable":true,"href":"https:\/\/www.europesays.com\/es\/wp-json\/wp\/v2\/categories?post=101662"},{"taxonomy":"post_tag","embeddable":true,"href":"https:\/\/www.europesays.com\/es\/wp-json\/wp\/v2\/tags?post=101662"}],"curies":[{"name":"wp","href":"https:\/\/api.w.org\/{rel}","templated":true}]}}