{"id":101687,"date":"2025-09-08T17:58:21","date_gmt":"2025-09-08T17:58:21","guid":{"rendered":"https:\/\/www.europesays.com\/es\/101687\/"},"modified":"2025-09-08T17:58:21","modified_gmt":"2025-09-08T17:58:21","slug":"topuria-en-paron-forzado-hasta-2026","status":"publish","type":"post","link":"https:\/\/www.europesays.com\/es\/101687\/","title":{"rendered":"Topuria, en par\u00f3n &#8216;forzado&#8217; hasta 2026"},"content":{"rendered":"<p class=\"ft-text\">El rompecabezas de la <a class=\"ft-link ft-link--decoration\" href=\"https:\/\/www.sport.es\/es\/ufc\/\" rel=\"nofollow noopener\" target=\"_blank\">UFC <\/a>no espera a nadie a falta de cuatro meses para cerrar 2025. El futuro inmediato de<strong> Ilia Topuria,<\/strong> n\u00famero uno del r\u00e1nking libra por libra \u2014el m\u00e1s prestigioso de la compa\u00f1\u00eda, que eval\u00faa a todos los peleadores sin importar su peso\u2014, <strong>apunta ya al pr\u00f3ximo a\u00f1o. <\/strong><\/p>\n<p class=\"ft-text\">\u2018El Matador\u2019 disput\u00f3 su \u00faltimo pleito a finales de junio, cuando noque\u00f3 en el primer asalto a Charles Oliveira para proclamarse nuevo campe\u00f3n del peso ligero. Un triunfo que lo catapult\u00f3 al m\u00e1ximo estrellato de las MMA, igualando a leyendas como el reci\u00e9n retirado Jon Jones y arrebat\u00e1ndole a Islam Makhachev el trono como \u201cpound for pound king\u201d. Desde entonces, muchos esperaban ver a un Topuria m\u00e1s activo.<\/p>\n<p>El combate de Aleks &#8216;aparta&#8217; a Ilia hasta 2026<\/p>\n<p class=\"ft-text\">En su primera rueda de prensa en Madrid, el hispanogeorgiano ya dej\u00f3 claras sus intenciones: quer\u00eda que su salto definitivo a las 155 libras fuese completo, con recortes de peso mucho m\u00e1s llevaderos y Training Camps menos exigentes. Incluso desliz\u00f3 la posibilidad de pelear en el \u00faltimo evento numerado del a\u00f1o, en diciembre en Las Vegas: \u201cPodr\u00eda ser una opci\u00f3n, perfectamente\u201d, dijo entonces.<\/p>\n<p><img decoding=\"async\" src=\"https:\/\/www.europesays.com\/es\/wp-content\/uploads\/2025\/09\/f92d303c-f056-4010-8668-47eca4085dcc_alta-libre-aspect-ratio_default_0.jpg\" width=\"1200\" height=\"675\" alt=\"Guram, Aleksandre e Ilia entrenando\" class=\"ft-helper-img-rd\" loading=\"lazy\" hasdataaida=\"true\"\/><\/p>\n<p class=\"ft-helper-fontColor-quaternary ft-helper-fontSize-body-S ft-helper-spacer-t-xxs\">Aleksandre e Ilia entrenando junto a Guram Kutateladzte  \/ INSTAGRAM<\/p>\n<p class=\"ft-text\">Sin embargo, los meses han pasado y, entre vacaciones y silencio medi\u00e1tico, las opciones de ver su primera defensa en 2025 son pr\u00e1cticamente nulas. M\u00e1s a\u00fan tras la informaci\u00f3n adelantada por MARCA:<a class=\"ft-link ft-link--decoration\" href=\"https:\/\/www.sport.es\/es\/noticias\/ufc\/aleksandre-topuria-regreso-ufc-22-121203818\" rel=\"nofollow noopener\" target=\"_blank\"> su hermano Aleksandre pelear\u00e1 en noviembre, lo que confirma que Ilia centrar\u00e1 el \u00faltimo tramo del a\u00f1o en acompa\u00f1ar al mayor en su preparaci\u00f3n.<\/a><\/p>\n<p class=\"ft-text\">Desde hace a\u00f1os, los Topuria funcionan como entrenadores principales el uno del otro. Cuando uno tiene combate, el otro aparca su carrera para actuar como sparring, asesor o coach. Aleksandre estuvo casi dos a\u00f1os inactivo durante el ascenso mete\u00f3rico de Ilia, y este \u00faltimo hizo lo propio cuando su hermano debut\u00f3 en la UFC en febrero.<\/p>\n<p>Enero, febrero o marzo para estrenar el acuerdo de Paramount+<\/p>\n<p class=\"ft-text\">La din\u00e1mica se repetir\u00e1: Aleksandre enfrentar\u00e1 al kazajo Bekzat Almakhan (12-2) el 22 de noviembre en UFC Qatar, por lo que la vuelta de Ilia se aplaza, como m\u00ednimo, al primer trimestre de 2026, algo que tambi\u00e9n coment\u00f3 en &#8216;X&#8217; el contrastado periodista de &#8216;ABC&#8217; \u00c1lvaro Colmenero. Una fecha que encaja con el nuevo acuerdo televisivo de la compa\u00f1\u00eda. A partir de enero, Paramount+ tomar\u00e1 el relevo de ESPN con un contrato de 7.700 millones de d\u00f3lares y la exclusividad en retransmisiones, enterrando definitivamente el modelo de Pay Per View.<\/p>\n<p class=\"ft-text\">La l\u00f3gica es clara: Paramount querr\u00e1 arrancar su nueva alianza por todo lo alto, y nadie mejor que Ilia Topuria, el mejor peleador del mundo, para encabezar esa puesta en escena. Por fechas, intereses y estrategia, todo apunta a que \u2018El Matador\u2019 volver\u00e1 a subirse al oct\u00e1gono m\u00e1s famoso del planeta en los primeros compases de 2026.<\/p>\n","protected":false},"excerpt":{"rendered":"El rompecabezas de la UFC no espera a nadie a falta de cuatro meses para cerrar 2025. El&hellip;\n","protected":false},"author":2,"featured_media":101688,"comment_status":"","ping_status":"","sticky":false,"template":"","format":"standard","meta":{"footnotes":""},"categories":[276],"tags":[168,25,24,1523,23,167,348,343],"class_list":{"0":"post-101687","1":"post","2":"type-post","3":"status-publish","4":"format-standard","5":"has-post-thumbnail","7":"category-ufc","8":"tag-deportes","9":"tag-es","10":"tag-espana","11":"tag-ilia-topuria","12":"tag-spain","13":"tag-sports","14":"tag-topuria","15":"tag-ufc"},"share_on_mastodon":{"url":"","error":""},"_links":{"self":[{"href":"https:\/\/www.europesays.com\/es\/wp-json\/wp\/v2\/posts\/101687","targetHints":{"allow":["GET"]}}],"collection":[{"href":"https:\/\/www.europesays.com\/es\/wp-json\/wp\/v2\/posts"}],"about":[{"href":"https:\/\/www.europesays.com\/es\/wp-json\/wp\/v2\/types\/post"}],"author":[{"embeddable":true,"href":"https:\/\/www.europesays.com\/es\/wp-json\/wp\/v2\/users\/2"}],"replies":[{"embeddable":true,"href":"https:\/\/www.europesays.com\/es\/wp-json\/wp\/v2\/comments?post=101687"}],"version-history":[{"count":0,"href":"https:\/\/www.europesays.com\/es\/wp-json\/wp\/v2\/posts\/101687\/revisions"}],"wp:featuredmedia":[{"embeddable":true,"href":"https:\/\/www.europesays.com\/es\/wp-json\/wp\/v2\/media\/101688"}],"wp:attachment":[{"href":"https:\/\/www.europesays.com\/es\/wp-json\/wp\/v2\/media?parent=101687"}],"wp:term":[{"taxonomy":"category","embeddable":true,"href":"https:\/\/www.europesays.com\/es\/wp-json\/wp\/v2\/categories?post=101687"},{"taxonomy":"post_tag","embeddable":true,"href":"https:\/\/www.europesays.com\/es\/wp-json\/wp\/v2\/tags?post=101687"}],"curies":[{"name":"wp","href":"https:\/\/api.w.org\/{rel}","templated":true}]}}