{"id":101750,"date":"2025-09-08T18:42:04","date_gmt":"2025-09-08T18:42:04","guid":{"rendered":"https:\/\/www.europesays.com\/es\/101750\/"},"modified":"2025-09-08T18:42:04","modified_gmt":"2025-09-08T18:42:04","slug":"el-handbol-mallorca-cierra-la-pretemporada","status":"publish","type":"post","link":"https:\/\/www.europesays.com\/es\/101750\/","title":{"rendered":"El Handbol Mallorca cierra la pretemporada"},"content":{"rendered":"<p class=\"ft-text\">El <strong>Handbol Mallorca<\/strong> cerr\u00f3 este fin de semana su preparaci\u00f3n de cara al inicio liguero con un exigente desplazamiento a Barcelona, donde disput\u00f3 tres encuentros amistosos.<\/p>\n<p class=\"ft-text\">El primer choque tuvo lugar en un escenario hist\u00f3rico del balonmano europeo: el Pavell\u00f3 Ol\u00edmpic de Granollers. All\u00ed, los hombres de Sergio Sevilla <strong>perdieron por 34-31 ante el filial del Balonmano Granollers<\/strong>, un conjunto que cont\u00f3 con varios jugadores habituales en el primer equipo.<\/p>\n<p class=\"ft-text\">Fue un partido intenso, con fases de gran nivel por parte de los mallorquines, que llegaron a ponerse por delante en el marcador mediada la segunda mitad. Sin embargo, en los \u00faltimos minutos <strong>los catalanes tuvieron que emplearse a fondo para remontar y acabar llev\u00e1ndose la victoria.<\/strong><\/p>\n<p class=\"ft-text\">Los dos siguientes encuentros se celebraron en el Pavell\u00f3 de Ferro, en Sant Andreu (Barcelona). Contra <strong>Handbol Sant Cugat<\/strong>, en un duelo pactado a dos tiempos de veinte minutos que <strong>se sald\u00f3 con otra derrota (21- 17)<\/strong>, el equipo balear acus\u00f3 el cansancio acumulado del viaje y no pudo desplegar su mejor juego.<\/p>\n<p class=\"ft-text\">En este partido debutaron con el primer equipo tres j\u00f3venes canteranos:<strong> Ioannes Caldentey, Andr\u00e9s Ruiz y Joan Morey<\/strong>, que sumaron sus primeros minutos a nivel s\u00e9nior.<\/p>\n<p class=\"ft-text\">El \u00faltimo amistoso, frente a <strong>Handbol Espanyol <\/strong>(un solo tiempo de 25 minutos), dej\u00f3 mejores sensaciones. Los mallorquines jugaron con m\u00e1s soltura y fueron capaces de desbordar por momentos a los pericos, cerrando la pretemporada con <strong>una ajustada victoria (10-11)<\/strong>.<\/p>\n<p class=\"ft-text\">Tras estas semanas de preparaci\u00f3n. el Handbol Mallorca <strong>debutar\u00e1 este s\u00e1bado (19:30h) en el Pabell\u00f3n de San Basilio frente al UCAM CBM Murcia<\/strong>.<\/p>\n<p>La valoraci\u00f3n de Sergio Sevilla<\/p>\n<p class=\"ft-text\">Despu\u00e9s de los tres \u00faltimos amistosos, el entrenador Sergio Sevilla realiz\u00f3 la siguiente valoraci\u00f3n: \u201c<strong>El balance es positivo<\/strong> porque nos permite jugar varios partidos que en Baleares por desgracia no podemos jugar. <strong>Ante Granollers, nos hemos encontrado con un rival que<\/strong> <strong>es lo m\u00e1s parecido a lo que nos encontraremos en la competici\u00f3n regular<\/strong>, podemos sacar muchas cosas positivas de este partido, hemos sabido competir muy bien durante los sesenta minutos y en los instantes finales no hemos estado acertados. En definitiva, estamos muy contentos y sacamos cosas positivas\u201d.<\/p>\n<p class=\"ft-text\">Acerca del resto de partidos, asegur\u00f3: \u201cEn los otros dos partidos hemos buscado m\u00e1s dosificar a los jugadores, <strong>dar oportunidades a los juveniles <\/strong>que han entrenado con nosotros en la pretemporada y les hemos premiado por ello. Finalmente, nos hemos cargado f\u00edsicamente y hemos sacado conclusiones positivas\u201d.<\/p>\n<p class=\"ft-text\">\u201cAhora mismo la gente comienza a estar m\u00e1s enfocada en la competici\u00f3n y <strong>queremos estar lo m\u00e1s arriba para ello, hay que trabajar al para sacar un buen resultado en Murcia<\/strong>\u201d, finaliz\u00f3 el t\u00e9cnico.<\/p>\n","protected":false},"excerpt":{"rendered":"El Handbol Mallorca cerr\u00f3 este fin de semana su preparaci\u00f3n de cara al inicio liguero con un exigente&hellip;\n","protected":false},"author":2,"featured_media":101751,"comment_status":"","ping_status":"","sticky":false,"template":"","format":"standard","meta":{"footnotes":""},"categories":[278],"tags":[376,500,168,25,24,375,20326,23832,2457,961,23,167],"class_list":{"0":"post-101750","1":"post","2":"type-post","3":"status-publish","4":"format-standard","5":"has-post-thumbnail","7":"category-balonmano","8":"tag-balonmano","9":"tag-cierra","10":"tag-deportes","11":"tag-es","12":"tag-espana","13":"tag-handball","14":"tag-handbol","15":"tag-l","16":"tag-mallorca","17":"tag-pretemporada","18":"tag-spain","19":"tag-sports"},"share_on_mastodon":{"url":"","error":""},"_links":{"self":[{"href":"https:\/\/www.europesays.com\/es\/wp-json\/wp\/v2\/posts\/101750","targetHints":{"allow":["GET"]}}],"collection":[{"href":"https:\/\/www.europesays.com\/es\/wp-json\/wp\/v2\/posts"}],"about":[{"href":"https:\/\/www.europesays.com\/es\/wp-json\/wp\/v2\/types\/post"}],"author":[{"embeddable":true,"href":"https:\/\/www.europesays.com\/es\/wp-json\/wp\/v2\/users\/2"}],"replies":[{"embeddable":true,"href":"https:\/\/www.europesays.com\/es\/wp-json\/wp\/v2\/comments?post=101750"}],"version-history":[{"count":0,"href":"https:\/\/www.europesays.com\/es\/wp-json\/wp\/v2\/posts\/101750\/revisions"}],"wp:featuredmedia":[{"embeddable":true,"href":"https:\/\/www.europesays.com\/es\/wp-json\/wp\/v2\/media\/101751"}],"wp:attachment":[{"href":"https:\/\/www.europesays.com\/es\/wp-json\/wp\/v2\/media?parent=101750"}],"wp:term":[{"taxonomy":"category","embeddable":true,"href":"https:\/\/www.europesays.com\/es\/wp-json\/wp\/v2\/categories?post=101750"},{"taxonomy":"post_tag","embeddable":true,"href":"https:\/\/www.europesays.com\/es\/wp-json\/wp\/v2\/tags?post=101750"}],"curies":[{"name":"wp","href":"https:\/\/api.w.org\/{rel}","templated":true}]}}