{"id":101785,"date":"2025-09-08T19:03:07","date_gmt":"2025-09-08T19:03:07","guid":{"rendered":"https:\/\/www.europesays.com\/es\/101785\/"},"modified":"2025-09-08T19:03:07","modified_gmt":"2025-09-08T19:03:07","slug":"la-jueza-cita-a-otros-cuatro-tecnicos-de-emergencias-y-podemos-pide-interrogar-a-maribel-vilaplana-por-el-es-alert","status":"publish","type":"post","link":"https:\/\/www.europesays.com\/es\/101785\/","title":{"rendered":"La jueza cita a otros cuatro t\u00e9cnicos de Emergencias y Podemos pide interrogar a Maribel Vilaplana por el ES-Alert"},"content":{"rendered":"<p class=\"article-text\">\n        Los meses de septiembre y octubre van a ser muy interesantes en la causa de la dana, donde el Juzgado de Instrucci\u00f3n n\u00famero 3 de Catarroja investiga 228 homicidios imprudentes por la presunta mala gesti\u00f3n de las alertas y los avisos por parte de la Generalitat el pasado 29 de octubre. La jueza Nuria Ruiz Tobarra ha acordado la citaci\u00f3n de cinco nuevos testigos, cuatro t\u00e9cnicos de la Agencia Valenciana de Emergencias y el 112 y uno del Consorcio Provincial de Bomberos de Valencia. Por su parte, la acusaci\u00f3n popular ejercida por Podemos ha solicitado el interrogatorio como testigo de la periodista Maribel Vilaplana <a href=\"https:\/\/www.eldiario.es\/comunitat-valenciana\/maribel-vilpalana-desvela-comida-dana-mazon-ventorro-duro-cuatro-horas-pasadas-18-30_1_12581884.html\" data-mrf-recirculation=\"links-noticia\" class=\"link\" rel=\"nofollow noopener\" target=\"_blank\">despu\u00e9s de las revelaciones hechas el pasado viernes sobre el papel del presidente de la Generalitat en la comida de El Ventorro<\/a>.\n    <\/p>\n<p>    <a href=\"https:\/\/www.eldiario.es\/comunitat-valenciana\/fiscal-coincide-jueza-periodista-comio-mazon-plena-dana-no-debe-declarar-aforado_1_12574603.html\" data-mrf-recirculation=\"saber-mas\" data-dl-event=\"saber-mas\" rel=\"nofollow noopener\" target=\"_blank\"><\/p>\n<p class=\"know-more__title\">El fiscal coincide con la jueza en que la periodista que comi\u00f3 con Maz\u00f3n en plena dana no debe declarar al estar \u00e9l aforado<\/p>\n<p>            <img decoding=\"async\" class=\"lazy\" loading=\"lazy\" data-src=\"https:\/\/static.eldiario.es\/clip\/3ad20f43-8829-4e51-8adb-c2bef70c3eb2_16-9-aspect-ratio_default_0.jpg\" src=\"data:image\/svg+xml,%3Csvg xmlns=\" http:=\"\" viewbox=\"0 0 880 495\" alt=\"El fiscal coincide con la jueza en que la periodista que comi\u00f3 con Maz\u00f3n en plena dana no debe declarar al estar \u00e9l aforado\"\/><\/p>\n<p>                        <\/a><\/p>\n<p class=\"article-text\">\n        La juez fija para los d\u00edas 7, 15, 20, 28 y 29 de octubre las declaraciones como testigos de dos t\u00e9cnicas de operaci\u00f3n de Emergencias, un operador de comunicaciones y emergencias, la jefa de servicio de coordinaci\u00f3n del 112 y un bombero del Consorcio Provincial de Bomberos de Valencia. La magistrada Ruiz Tobarra, adem\u00e1s, ha emitido un auto donde rechaza las diligencias de investigaci\u00f3n solicitadas por la acusaci\u00f3n popular que ejerce el partido Ciudadanos, consistentes en requerir a \u00c0 punt Media una posible grabaci\u00f3n de sonido de una de sus c\u00e1maras en el Cecopi el 29 de octubre de 2024, as\u00ed como la triangulaci\u00f3n de tel\u00e9fonos m\u00f3viles usados por los dos investigados en esa causa entre las 7 horas de ese d\u00eda y las 5 horas del d\u00eda siguiente.\u00a0\n    <\/p>\n<p class=\"article-text\">\n        La instructora entiende que la primera de las diligencias solicitadas podr\u00eda afectar al secreto profesional de los medios de comunicaci\u00f3n \u201creconocido constitucional y jurisprudencialmente\u201d. En cuanto a la segunda, no puede accederse a ella, seg\u00fan la juez, por el car\u00e1cter imprudente de los delitos objeto de investigaci\u00f3n.\n    <\/p>\n<p class=\"article-text\">\n        En el caso del interrogatorio solicitado por Podemos, el partido morado se basa en una parte de la carta hecha p\u00fablica por Maribel Vilaplana que hace expresa referencia a las llamadas recibidas ese d\u00eda por el presidente de la Generalitat la tarde de la dana. \u201cEn un momento determinado de la comida, el presidente empez\u00f3 a recibir llamadas que interrumpieron nuestra conversaci\u00f3n de manera continuada. Yo segu\u00ed en el restaurante, completamente ajena a esas comunicaciones: no pregunt\u00e9, no particip\u00e9, ni conoc\u00ed en ning\u00fan momento su contenido, y el presidente tampoco me traslad\u00f3 ninguna inquietud al respecto. Actu\u00e9, como siempre he hecho, desde la discreci\u00f3n y el respeto que me caracterizan\u201d, aseguraba la periodista.\n    <\/p>\n<p class=\"article-text\">\n        Maribel Vilaplana, consideran en Podemos, podr\u00eda revelar qu\u00e9 llamadas recibi\u00f3 Maz\u00f3n, en qu\u00e9 momentos, sobre qu\u00e9 cuestiones y cu\u00e1l fue su reacci\u00f3n, \u201cpara terminar de vislumbrar c\u00f3mo fue el proceso de toma de decisi\u00f3n del env\u00edo del mensaje ES-Alert\u201d.\n    <\/p>\n<p>    <a href=\"https:\/\/www.eldiario.es\/comunitat-valenciana\/maribel-vilpalana-desvela-comida-dana-mazon-ventorro-duro-cuatro-horas-pasadas-18-30_1_12581884.html\" data-mrf-recirculation=\"saber-mas-abajo\" data-dl-event=\"saber-mas-abajo\" rel=\"nofollow noopener\" target=\"_blank\"><\/p>\n<p class=\"know-more__title\">Maribel Vilaplana desvela que la comida de la dana con Maz\u00f3n en el Ventorro dur\u00f3 tres horas y media, hasta pasadas las 18.30<\/p>\n<p>            <img decoding=\"async\" class=\"lazy\" loading=\"lazy\" data-src=\"https:\/\/static.eldiario.es\/clip\/151f8f5b-c888-4ba8-883d-1585923d8b46_16-9-aspect-ratio_default_0.jpg\" src=\"data:image\/svg+xml,%3Csvg xmlns=\" http:=\"\" viewbox=\"0 0 880 495\" alt=\"Maribel Vilaplana desvela que la comida de la dana con Maz\u00f3n en el Ventorro dur\u00f3 tres horas y media, hasta pasadas las 18.30\"\/><\/p>\n<p>                        <\/a><\/p>\n<p class=\"article-text\">\n        De momento, <a href=\"https:\/\/www.eldiario.es\/comunitat-valenciana\/jueza-dana-decide-periodista-comio-mazon-ventorro-no-declare-aforado_1_12291570.html\" data-mrf-recirculation=\"links-noticia\" class=\"link\" rel=\"nofollow noopener\" target=\"_blank\">la jueza de la dana se ha negado a citar a la periodista como testigo<\/a> puesto que sus declaraciones tendr\u00edan que ir referidas a Carlos Maz\u00f3n, quien todav\u00eda est\u00e1 aforado por ser presidente de la Generalitat. La magistrada ya ha hecho referencia en varias ocasiones que no puede citar como investigado al jefe del Consell, pero s\u00ed que le ha invitado a hacerlo de manera voluntaria y con un abogado.\n    <\/p>\n","protected":false},"excerpt":{"rendered":"Los meses de septiembre y octubre van a ser muy interesantes en la causa de la dana, donde&hellip;\n","protected":false},"author":2,"featured_media":101786,"comment_status":"","ping_status":"","sticky":false,"template":"","format":"standard","meta":{"footnotes":""},"categories":[8],"tags":[517,2206,1705,17,18,3965,242,25,24,13,14,11,1667,19,20,9,10,15,16,1925,23,12,21,22,235],"class_list":{"0":"post-101785","1":"post","2":"type-post","3":"status-publish","4":"format-standard","5":"has-post-thumbnail","7":"category-espana","8":"tag-actualidad","9":"tag-alicante","10":"tag-analisis","11":"tag-breaking-news","12":"tag-breakingnews","13":"tag-castellon","14":"tag-comunidad-valenciana","15":"tag-es","16":"tag-espana","17":"tag-featured-news","18":"tag-featurednews","19":"tag-headlines","20":"tag-informacion","21":"tag-latest-news","22":"tag-latestnews","23":"tag-news","24":"tag-noticias","25":"tag-noticias-destacadas","26":"tag-noticiasdestacadas","27":"tag-opinion","28":"tag-spain","29":"tag-titulares","30":"tag-ultimas-noticias","31":"tag-ultimasnoticias","32":"tag-valencia"},"share_on_mastodon":{"url":"","error":""},"_links":{"self":[{"href":"https:\/\/www.europesays.com\/es\/wp-json\/wp\/v2\/posts\/101785","targetHints":{"allow":["GET"]}}],"collection":[{"href":"https:\/\/www.europesays.com\/es\/wp-json\/wp\/v2\/posts"}],"about":[{"href":"https:\/\/www.europesays.com\/es\/wp-json\/wp\/v2\/types\/post"}],"author":[{"embeddable":true,"href":"https:\/\/www.europesays.com\/es\/wp-json\/wp\/v2\/users\/2"}],"replies":[{"embeddable":true,"href":"https:\/\/www.europesays.com\/es\/wp-json\/wp\/v2\/comments?post=101785"}],"version-history":[{"count":0,"href":"https:\/\/www.europesays.com\/es\/wp-json\/wp\/v2\/posts\/101785\/revisions"}],"wp:featuredmedia":[{"embeddable":true,"href":"https:\/\/www.europesays.com\/es\/wp-json\/wp\/v2\/media\/101786"}],"wp:attachment":[{"href":"https:\/\/www.europesays.com\/es\/wp-json\/wp\/v2\/media?parent=101785"}],"wp:term":[{"taxonomy":"category","embeddable":true,"href":"https:\/\/www.europesays.com\/es\/wp-json\/wp\/v2\/categories?post=101785"},{"taxonomy":"post_tag","embeddable":true,"href":"https:\/\/www.europesays.com\/es\/wp-json\/wp\/v2\/tags?post=101785"}],"curies":[{"name":"wp","href":"https:\/\/api.w.org\/{rel}","templated":true}]}}