{"id":101789,"date":"2025-09-08T19:05:07","date_gmt":"2025-09-08T19:05:07","guid":{"rendered":"https:\/\/www.europesays.com\/es\/101789\/"},"modified":"2025-09-08T19:05:07","modified_gmt":"2025-09-08T19:05:07","slug":"ines-collado-la-ultima-perla-de-la-cantera-del-rocasa-con-su-debut-oficial-a-los-16-anos","status":"publish","type":"post","link":"https:\/\/www.europesays.com\/es\/101789\/","title":{"rendered":"In\u00e9s Collado, la \u00faltima perla de la cantera del Rocasa con su debut oficial a los 16 a\u00f1os"},"content":{"rendered":"<p class=\"v-mdl-ath__p v-mdl-ath__p--6\">\nLunes, 8 de septiembre 2025, 18:14<\/p>\n<p class=\"v-p\">La f\u00e1brica del Rocasa Gran Canaria no para de generar talentos de futuro como<strong> In\u00e9s Collado<\/strong>. La \u00faltima y prometedora perla de la cantera teldense se estren\u00f3, <strong>con solo 16 a\u00f1os, 7 meses y 6 d\u00edas,<\/strong> en la Liga Guerreras Iberdrola en la segunda jornada liguera, recientemente celebrada en el Antonio Moreno de Telde.<\/p>\n<p class=\"v-p\">In\u00e9s Collado super\u00f3 en precocidad a toda una referente en la competici\u00f3n como es la capitana del Bera Bera, Maitane Etxeberr\u00eda, quien se estren\u00f3 en en 2013 con 16 a\u00f1os y 8 meses.<\/p>\n<p class=\"v-p\">Sin embargo, se qued\u00f3 a las puertas de batir el r\u00e9cord de la jugadora del Bera Bera, Malen Morandeira, debutante en el 2019 con 16 a\u00f1os y 3 meses, y de la pivote del Valladolid, Kadi Jallow, que se estren\u00f3, con gol incluido, con 16 a\u00f1os y 4 meses.<\/p>\n<p class=\"v-p\">La grancanaria,<strong> natural de La Pardilla<\/strong>, salt\u00f3 a la cancha a falta de cuatro minutos y medio para acabar el partido: \u00abDebutar con el equipo de mi tierra<strong> es cumplir parte de un sue\u00f1o <\/strong>y supone un gran motivo de <strong>orgullo <\/strong>y una gran <strong>responsabilidad<\/strong>\u00bb.<\/p>\n<p>Comenta<\/p>\n<p>Reporta un error<\/p>\n","protected":false},"excerpt":{"rendered":"Lunes, 8 de septiembre 2025, 18:14 La f\u00e1brica del Rocasa Gran Canaria no para de generar talentos de&hellip;\n","protected":false},"author":2,"featured_media":101790,"comment_status":"","ping_status":"","sticky":false,"template":"","format":"standard","meta":{"footnotes":""},"categories":[278],"tags":[376,168,25,24,375,4493,23,167],"class_list":{"0":"post-101789","1":"post","2":"type-post","3":"status-publish","4":"format-standard","5":"has-post-thumbnail","7":"category-balonmano","8":"tag-balonmano","9":"tag-deportes","10":"tag-es","11":"tag-espana","12":"tag-handball","13":"tag-rocasa","14":"tag-spain","15":"tag-sports"},"share_on_mastodon":{"url":"","error":""},"_links":{"self":[{"href":"https:\/\/www.europesays.com\/es\/wp-json\/wp\/v2\/posts\/101789","targetHints":{"allow":["GET"]}}],"collection":[{"href":"https:\/\/www.europesays.com\/es\/wp-json\/wp\/v2\/posts"}],"about":[{"href":"https:\/\/www.europesays.com\/es\/wp-json\/wp\/v2\/types\/post"}],"author":[{"embeddable":true,"href":"https:\/\/www.europesays.com\/es\/wp-json\/wp\/v2\/users\/2"}],"replies":[{"embeddable":true,"href":"https:\/\/www.europesays.com\/es\/wp-json\/wp\/v2\/comments?post=101789"}],"version-history":[{"count":0,"href":"https:\/\/www.europesays.com\/es\/wp-json\/wp\/v2\/posts\/101789\/revisions"}],"wp:featuredmedia":[{"embeddable":true,"href":"https:\/\/www.europesays.com\/es\/wp-json\/wp\/v2\/media\/101790"}],"wp:attachment":[{"href":"https:\/\/www.europesays.com\/es\/wp-json\/wp\/v2\/media?parent=101789"}],"wp:term":[{"taxonomy":"category","embeddable":true,"href":"https:\/\/www.europesays.com\/es\/wp-json\/wp\/v2\/categories?post=101789"},{"taxonomy":"post_tag","embeddable":true,"href":"https:\/\/www.europesays.com\/es\/wp-json\/wp\/v2\/tags?post=101789"}],"curies":[{"name":"wp","href":"https:\/\/api.w.org\/{rel}","templated":true}]}}