{"id":101793,"date":"2025-09-08T19:09:22","date_gmt":"2025-09-08T19:09:22","guid":{"rendered":"https:\/\/www.europesays.com\/es\/101793\/"},"modified":"2025-09-08T19:09:22","modified_gmt":"2025-09-08T19:09:22","slug":"el-triunfo-de-alcaraz-no-dejo-a-nadie-indiferente","status":"publish","type":"post","link":"https:\/\/www.europesays.com\/es\/101793\/","title":{"rendered":"el triunfo de Alcaraz no dej\u00f3 a nadie indiferente"},"content":{"rendered":"<p id=\"eYVZmv5ZGa\" data-wc=\"63\">Carlos Alcaraz volvi\u00f3 a hacer historia en Nueva York. El tenista espa\u00f1ol, de 22 a\u00f1os, <a class=\"hm-link\" href=\"https:\/\/www.hola.com\/actualidad\/20250908854378\/carlos-alcaraz-celebracion-ganar-us-open-lagrimas-emocion-champan\/\" data-mrf-recirculation=\"article-body-link\" rel=\"nofollow noopener\" target=\"_blank\">conquist\u00f3 su segundo t\u00edtulo del US Open<\/a> tras vencer en la final al italiano Jannik Sinner y, adem\u00e1s, recuper\u00f3 el n\u00famero 1 del ranking mundial. Una noche de emociones que se vivi\u00f3 no solo a pie de pista, sino tambi\u00e9n en <strong>las gradas, que estaban abarrotadas de estrellas.<\/strong><\/p>\n<p> <img src=\"https:\/\/www.europesays.com\/es\/wp-content\/uploads\/2025\/09\/8e4827ffaeaa-dlu590455004.jpg\"   width=\"1080\" height=\"1080\" loading=\"lazy\" decoding=\"async\" alt=\"Carlos Alcaraz gana el US Open en Nueva York el 7 de septiembre de 2025\" fetchpriority=\"auto\" class=\"image ho-image\"\/>\u00a9 GTRES<\/p>\n<p id=\"eifPuQ-NQZ\" data-wc=\"60\">El tenista espa\u00f1ol fue la estrella de la pista, pero tambi\u00e9n hubo grandes protagonistas en las gradas. El entrenador de f\u00fatbol <strong>Pep Guardiola<\/strong> y la cantante <strong>Rosal\u00eda\u00a0<\/strong>pusieron el acento espa\u00f1ol entre los invitados que se dejaron ver en el USTA Billie Jean King National Tennis Center, ubicado en el barrio de Queens. El exfutbolista y entrenador del Manchester City\u00a0<\/p>\n<p> <img src=\"https:\/\/www.europesays.com\/es\/wp-content\/uploads\/2025\/09\/220a70586f8f-gettyimages-2234179759.jpg\"   width=\"1080\" height=\"1080\" loading=\"lazy\" decoding=\"async\" alt=\"Pep Guardiola viendo la final de Carlos Alcaraz en el US Open\" fetchpriority=\"auto\" class=\"image ho-image\"\/>\u00a9 Getty ImagesPep Guardiola<\/p>\n<p> <img src=\"https:\/\/www.europesays.com\/es\/wp-content\/uploads\/2025\/09\/98bd39e23773-gettyimages-2233581442.jpg\"   width=\"681\" height=\"1024\" loading=\"lazy\" decoding=\"async\" alt=\"Rosal\u00eda en la final del US Open\" fetchpriority=\"auto\" class=\"image ho-image\"\/>\u00a9 Getty ImagesRosal\u00eda, a su llegada al partido<\/p>\n<p id=\"eVD3m2nAbW\" data-wc=\"65\">La cantante catalana <a class=\"hm-link\" href=\"https:\/\/www.hola.com\/fashion\/20250908854393\/rosalia-look-final-us-open-vestido-blanco-camisero\/\" data-mrf-recirculation=\"article-body-link\" rel=\"nofollow noopener\" target=\"_blank\">sorprendi\u00f3 con un estilo muy diferente<\/a>, luciendo un sencillo vestido blanco y unos zapatos destalonados negros, a juego con su bolso. En cuanto a los complementos, la int\u00e9rprete de \u00e9xitos como Despech\u00e1, Con altura\u00a0o\u00a0Chicken Teriyaki, apost\u00f3 por unas gafas negras y dio el toque de color con un pa\u00f1uelo rojo como adorno decorativo de su coleta baja de acabado messy.\u00a0<\/p>\n<p> <img src=\"https:\/\/www.europesays.com\/es\/wp-content\/uploads\/2025\/09\/7512bb87c03d-dlu590454006.jpg\"   width=\"1024\" height=\"682\" loading=\"lazy\" decoding=\"async\" alt=\"Las hermanas Elle y Dakota Fanning viendo la final del US Open 2025\" fetchpriority=\"auto\" class=\"image ho-image\"\/>\u00a9 GTRESLas hermanas Elle y Dakota Fanning<\/p>\n<p> <img src=\"https:\/\/www.europesays.com\/es\/wp-content\/uploads\/2025\/09\/956034472105-gettyimages-2234216058.jpg\"   width=\"1005\" height=\"1024\" loading=\"lazy\" decoding=\"async\" alt=\"Irina Shayk viendo la final de Carlos Alcaraz en el US Open\" fetchpriority=\"auto\" class=\"image ho-image\"\/>\u00a9 Getty ImagesLa modelo Irina Shayk<\/p>\n<p> <img src=\"https:\/\/www.europesays.com\/es\/wp-content\/uploads\/2025\/09\/5a541c3368b8-gettyimages-2234191180.jpg\"   width=\"1080\" height=\"1080\" loading=\"lazy\" decoding=\"async\" alt=\"Jessica Alba y Danny Ram\u00edrez viendo la final de Carlos Alcaraz en el US Open\" fetchpriority=\"auto\" class=\"image ho-image\"\/>\u00a9 Getty ImagesJessica Alba y su nuevo novio, Danny Ram\u00edrez<\/p>\n<p> <img src=\"https:\/\/www.europesays.com\/es\/wp-content\/uploads\/2025\/09\/90f41d935276-dlu590454009.jpg\"   width=\"1080\" height=\"1080\" loading=\"lazy\" decoding=\"async\" alt=\"Lindsay Lohan y su marido, Bader Shammas\" fetchpriority=\"auto\" class=\"image ho-image\"\/>\u00a9 GTRESLindsay Lohan y su marido, Bader Shammas<\/p>\n<p id=\"ekLuzD1GXh\" data-wc=\"64\">La final del Abierto de Estados Unidos fue un verdadero desfile de celebrities,\u00a0entre las que se encontraban las modelos <strong>Irina Shayk<\/strong> y Elsa Hosk, los actores <strong>Michael Douglas<\/strong> y <strong>Catherine Zeta-Jones<\/strong>, David Duchovny, <a class=\"hm-link\" href=\"https:\/\/www.hola.com\/actualidad\/20250715844432\/jessica-alba-y-su-posible-nuevo-amor-danny-ramirez-11-anos-menor-que-ella\/\" data-mrf-recirculation=\"article-body-link\" rel=\"nofollow noopener\" target=\"_blank\">Jessica Alba y su nuevo novio, Danny Ram\u00edrez<\/a>, Jason Biggs, <strong>Lindsay Lohan<\/strong>, Jon Hamm, Kevin Hart o las hermanas Elle y Dakota Fanning.<\/p>\n<p> <img src=\"https:\/\/www.europesays.com\/es\/wp-content\/uploads\/2025\/09\/298237ca16ba-dlu590454012.jpg\"   width=\"1080\" height=\"1080\" loading=\"lazy\" decoding=\"async\" alt=\"Adrien Brody y Georgina Chapman\" fetchpriority=\"auto\" class=\"image ho-image\"\/>\u00a9 GTRESAdrien Brody y Georgina Chapman<\/p>\n<p> <img src=\"https:\/\/www.europesays.com\/es\/wp-content\/uploads\/2025\/09\/2901aa7787f9-dlu590454001.jpg\"   width=\"1080\" height=\"1080\" loading=\"lazy\" decoding=\"async\" alt=\"Bruce Springsteen y su hija Jessica Springsteen\" fetchpriority=\"auto\" class=\"image ho-image\"\/>\u00a9 GTRESBruce Springsteen y su hija Jessica<\/p>\n<p> <img src=\"https:\/\/www.europesays.com\/es\/wp-content\/uploads\/2025\/09\/e4f0c01eadc5-gettyimages-2233631746.jpg\"   width=\"1080\" height=\"1080\" loading=\"lazy\" decoding=\"async\" alt=\"Anna Wintour, Courteney Cox y Johnny McDaid en la final del US Open\" fetchpriority=\"auto\" class=\"image ho-image\"\/>\u00a9 Getty ImagesAnna Wintour, Courteney Cox y Johnny McDaid <\/p>\n<p> <img src=\"https:\/\/www.europesays.com\/es\/wp-content\/uploads\/2025\/09\/9830b9f82ce5-gettyimages-2234173065.jpg\"   width=\"1024\" height=\"682\" loading=\"lazy\" decoding=\"async\" alt=\"Pink en la final del US Open 2025\" fetchpriority=\"auto\" class=\"image ho-image\"\/>\u00a9 Getty ImagesLa cantante Pink <\/p>\n<p> <img src=\"https:\/\/www.europesays.com\/es\/wp-content\/uploads\/2025\/09\/00cd69296c54-dlu590454013.jpg\"   width=\"1024\" height=\"744\" loading=\"lazy\" decoding=\"async\" alt=\"Ben Stiller y Christine Taylor en la final del US Open 2025\" fetchpriority=\"auto\" class=\"image ho-image\"\/>\u00a9 GTRESBen Stiller y su mujer, Christine Taylor. Debajo, el cantante Sting<\/p>\n<p> <img src=\"https:\/\/www.europesays.com\/es\/wp-content\/uploads\/2025\/09\/8a1694f91057-gettyimages-2234164474.jpg\"   width=\"1024\" height=\"682\" loading=\"lazy\" decoding=\"async\" alt=\"David Duchovny en la final del US Open 2025\" fetchpriority=\"auto\" class=\"image ho-image\"\/>\u00a9 Getty ImagesEl actor David Duchovny<\/p>\n<p id=\"eUbfA9tYgp\" data-wc=\"86\">Tambi\u00e9n vimos a los cantantes <strong>Bizarrap<\/strong>, Pink y <strong>Bruce Springsteen<\/strong>, que acudi\u00f3 acompa\u00f1ado de su hija Jessica, o <a class=\"hm-link\" href=\"https:\/\/www.hola.com\/actualidad\/20250626840612\/anna-wintour-deja-editora-jefe-vogue-despues-37\/\" data-mrf-recirculation=\"article-body-link\" rel=\"nofollow noopener\" target=\"_blank\">Anna Wintour<\/a>, que ha empezado una nueva etapa despu\u00e9s de que el pasado mes de junio abandonara su cargo de editora jefe de Vogue Estados Unidos tras 37 a\u00f1os. Testigos del triunfo de Carlos Alcaraz fueron tambi\u00e9n las parejas formadas por <strong>Adrien Brody y Georgina Chapman<\/strong>,\u00a0Courteney Cox y Johnny McDaid, Jon Hamm y Anna Osceola, Logan Paul y Nina Agdal , o\u00a0Jennifer Goicoechea y Usher.<\/p>\n<p>  <img src=\"https:\/\/www.europesays.com\/es\/wp-content\/uploads\/2025\/09\/c1fe0ab79664-gettyimages-2234163474.jpg\"   width=\"1080\" height=\"1800\" loading=\"lazy\" decoding=\"async\" alt=\"Jon Hamm y Anna Osceola en la final del US Open 2025\" fetchpriority=\"auto\" class=\"image ho-image\"\/>\u00a9 Getty ImagesJon Hamm y Anna Osceola<\/p>\n<p>  <img src=\"https:\/\/www.europesays.com\/es\/wp-content\/uploads\/2025\/09\/a295d59f6747-gettyimages-2234167318.jpg\"   width=\"1080\" height=\"1800\" loading=\"lazy\" decoding=\"async\" alt=\"Jennifer Goicoechea y Usher en la final del US Open 2025\" fetchpriority=\"auto\" class=\"image ho-image\"\/>\u00a9 Getty ImagesJennifer Goicoechea y Usher<\/p>\n<p> <img src=\"https:\/\/www.europesays.com\/es\/wp-content\/uploads\/2025\/09\/ea96809945d2-gettyimages-2234164446.jpg\"   width=\"682\" height=\"1024\" loading=\"lazy\" decoding=\"async\" alt=\"Elsa Hosk en la final del US Open 2025\" fetchpriority=\"auto\" class=\"image ho-image\"\/>\u00a9 Getty ImagesLa modelo Elsa Hosk<\/p>\n<p> <img src=\"https:\/\/www.europesays.com\/es\/wp-content\/uploads\/2025\/09\/1c84c22763fe-gettyimages-2234163994.jpg\"   width=\"682\" height=\"1024\" loading=\"lazy\" decoding=\"async\" alt=\"Bizarrap en la final del US Open 2025\" fetchpriority=\"auto\" class=\"image ho-image\"\/>\u00a9 Getty ImagesEl artista argentino Bizarrap<br \/>\nLa reacci\u00f3n viral de Donald Trump<\/p>\n<p id=\"e8kUQj6C6o\" data-wc=\"64\">Menci\u00f3n aparte merece la presencia de Donald Trump, que acudi\u00f3 al estadio acompa\u00f1ado de <a class=\"hm-link\" href=\"https:\/\/www.hola.com\/us-es\/celebrities\/20250718845225\/ivanka-trump-hija-arabella-rose-mensaje-cumpleanos-14-fotos\/\" data-mrf-recirculation=\"article-body-link\" rel=\"nofollow noopener\" target=\"_blank\">su nieta de 14 a\u00f1os Arabella Rose<\/a> y su yerno, el empresario Jared Kushner. El presidente de Estados Unidos fue uno de los espectadores que m\u00e1s dio que hablar y no solo por su aparici\u00f3n en el palco, sino tambi\u00e9n por el gesto que protagoniz\u00f3 tras el triunfo de Alcaraz.\u00a0<\/p>\n<p> <img src=\"https:\/\/www.europesays.com\/es\/wp-content\/uploads\/2025\/09\/2c1a116c21df-gettyimages-2234248211.jpg\"   width=\"1024\" height=\"661\" loading=\"lazy\" decoding=\"async\" alt=\"Donald Trump con su nieta Arabella Rose viendo la final de Carlos Alcaraz en el US Open\" fetchpriority=\"auto\" class=\"image ho-image\"\/>\u00a9 Getty Images<\/p>\n<p> <img src=\"https:\/\/www.europesays.com\/es\/wp-content\/uploads\/2025\/09\/771197f7ef1b-dlu590450004.jpg\"   width=\"1024\" height=\"727\" loading=\"lazy\" decoding=\"async\" alt=\"Donald Trump con su nieta Arabella Rose viendo la final de Carlos Alcaraz en el US Open\" fetchpriority=\"auto\" class=\"image ho-image\"\/>\u00a9 GTRES<\/p>\n<p> <img src=\"https:\/\/www.europesays.com\/es\/wp-content\/uploads\/2025\/09\/65dd93ca79cf-dlu590450018.jpg\"   width=\"1080\" height=\"1080\" loading=\"lazy\" decoding=\"async\" alt=\"Donald Trump viendo la final de Carlos Alcaraz en el US Open\" fetchpriority=\"auto\" class=\"image ho-image\"\/>\u00a9 GTRES<\/p>\n<p id=\"ewjz1psG1MJ\" data-wc=\"39\">Lejos de sumarse al entusiasmo general, su reacci\u00f3n, aparentemente poco efusiva, se volvi\u00f3 viral en redes sociales y ha generado todo tipo de comentarios. Y es que parece que no le hizo demasiada gracia la victoria del tenista espa\u00f1ol.<\/p>\n<p id=\"eNA_8AVwXfl\" data-wc=\"64\">Acostumbrado a ser el centro de atenci\u00f3n, sus gestos fueron seguidos de cerca por las c\u00e1maras y, tras la victoria de Carlos Alcaraz, uno de ellos se volvi\u00f3 viral en cuesti\u00f3n de minutos. Mientras el estadio entero estallaba en aplausos y ovaciones, el magnate neoyorquino apenas mostr\u00f3 entusiasmo, ofreciendo una reacci\u00f3n fr\u00eda que muchos interpretaron como signo de disgusto por el triunfo del murciano.<\/p>\n","protected":false},"excerpt":{"rendered":"Carlos Alcaraz volvi\u00f3 a hacer historia en Nueva York. El tenista espa\u00f1ol, de 22 a\u00f1os, conquist\u00f3 su segundo&hellip;\n","protected":false},"author":2,"featured_media":101794,"comment_status":"","ping_status":"","sticky":false,"template":"","format":"standard","meta":{"footnotes":""},"categories":[274],"tags":[517,545,168,352,25,24,4147,23,167,327,326],"class_list":{"0":"post-101793","1":"post","2":"type-post","3":"status-publish","4":"format-standard","5":"has-post-thumbnail","7":"category-tenis","8":"tag-actualidad","9":"tag-carlos-alcaraz","10":"tag-deportes","11":"tag-donald-trump","12":"tag-es","13":"tag-espana","14":"tag-rosalia","15":"tag-spain","16":"tag-sports","17":"tag-tenis","18":"tag-tennis"},"share_on_mastodon":{"url":"","error":""},"_links":{"self":[{"href":"https:\/\/www.europesays.com\/es\/wp-json\/wp\/v2\/posts\/101793","targetHints":{"allow":["GET"]}}],"collection":[{"href":"https:\/\/www.europesays.com\/es\/wp-json\/wp\/v2\/posts"}],"about":[{"href":"https:\/\/www.europesays.com\/es\/wp-json\/wp\/v2\/types\/post"}],"author":[{"embeddable":true,"href":"https:\/\/www.europesays.com\/es\/wp-json\/wp\/v2\/users\/2"}],"replies":[{"embeddable":true,"href":"https:\/\/www.europesays.com\/es\/wp-json\/wp\/v2\/comments?post=101793"}],"version-history":[{"count":0,"href":"https:\/\/www.europesays.com\/es\/wp-json\/wp\/v2\/posts\/101793\/revisions"}],"wp:featuredmedia":[{"embeddable":true,"href":"https:\/\/www.europesays.com\/es\/wp-json\/wp\/v2\/media\/101794"}],"wp:attachment":[{"href":"https:\/\/www.europesays.com\/es\/wp-json\/wp\/v2\/media?parent=101793"}],"wp:term":[{"taxonomy":"category","embeddable":true,"href":"https:\/\/www.europesays.com\/es\/wp-json\/wp\/v2\/categories?post=101793"},{"taxonomy":"post_tag","embeddable":true,"href":"https:\/\/www.europesays.com\/es\/wp-json\/wp\/v2\/tags?post=101793"}],"curies":[{"name":"wp","href":"https:\/\/api.w.org\/{rel}","templated":true}]}}