{"id":101801,"date":"2025-09-08T19:13:16","date_gmt":"2025-09-08T19:13:16","guid":{"rendered":"https:\/\/www.europesays.com\/es\/101801\/"},"modified":"2025-09-08T19:13:16","modified_gmt":"2025-09-08T19:13:16","slug":"la-anecdota-de-ander-herrera-con-iturraspe-cuando-se-compro-un-porsche-en-bilbao-pero-si-vas-escondido","status":"publish","type":"post","link":"https:\/\/www.europesays.com\/es\/101801\/","title":{"rendered":"La an\u00e9cdota de Ander Herrera con Iturraspe cuando se compr\u00f3 un Porsche en Bilbao: \u00abPero si vas escondido\u00bb"},"content":{"rendered":"<p>\n        Aunque lo parezca, <strong>el lujo no est\u00e1 en tener los mejores coches o una casa de 1.000 metros cuadrados.<\/strong> As\u00ed lo asegura <a href=\"https:\/\/www.deia.eus\/tags\/ander-herrera\/\" title=\"Ander Herrera\" class=\"link copy\" rel=\"nofollow noopener\" target=\"_blank\">Ander Herrera<\/a> en su paso por el podcast &#8216;Tengo un plan&#8217;, dirigido por Juan Dom\u00ednguez y Sergio Beguer\u00eda.\n<\/p>\n<p class=\"article-body__text \">\n        El actual centrocampista de Boca Juniors confiesa que para \u00e9l, el lujo est\u00e1 en viajar en jet privado, entre otras cosas, pero no est\u00e1 en comprarse un coche caro como fue el que adquiri\u00f3. En la conversaci\u00f3n que mantiene con Dom\u00ednguez y Beguer\u00eda <strong>cuenta que se compr\u00f3 un Porsche Carrera 911<\/strong>. \u00abA los tres meses <strong>lo vend\u00ed porque me daba verg\u00fcenza llevarlo<\/strong>\u00ab, indica Herrera.\n<\/p>\n<p class=\"article-body__text \">\n        Todo empez\u00f3 en el momento en el que quer\u00eda hacer realidad un veh\u00edculo \u00abque ten\u00eda en casa peque\u00f1ito. Era un coche que ten\u00eda en mi habitaci\u00f3n y era precioso\u00bb. Lo compr\u00f3 y el primer d\u00eda que lo llev\u00f3 a Lezama tuvo una interacci\u00f3n con Ander Iturraspe que le borr\u00f3 la ilusi\u00f3n que ten\u00eda en ese momento. \u00ab<strong>Pero si vas escondido. En el sem\u00e1foro estabas como agachado<\/strong>\u00ab, recuerda que le dijo <strong>Iturraspe <\/strong>al futbolista del Boca Juniors. Finalmente, a los tres meses de compr\u00e1rselo, vendi\u00f3 el Porsche Carrera 911.<\/p>\n","protected":false},"excerpt":{"rendered":"Aunque lo parezca, el lujo no est\u00e1 en tener los mejores coches o una casa de 1.000 metros&hellip;\n","protected":false},"author":2,"featured_media":101802,"comment_status":"","ping_status":"","sticky":false,"template":"","format":"standard","meta":{"footnotes":""},"categories":[268],"tags":[14905,23835,35840,168,25,25179,24,280,282,2140,35839,27475,281,23,167],"class_list":{"0":"post-101801","1":"post","2":"type-post","3":"status-publish","4":"format-standard","5":"has-post-thumbnail","7":"category-futbol","8":"tag-ander","9":"tag-anecdota","10":"tag-compro","11":"tag-deportes","12":"tag-es","13":"tag-escondido","14":"tag-espana","15":"tag-football","16":"tag-futbol","17":"tag-herrera","18":"tag-iturraspe","19":"tag-porsche","20":"tag-soccer","21":"tag-spain","22":"tag-sports"},"share_on_mastodon":{"url":"","error":""},"_links":{"self":[{"href":"https:\/\/www.europesays.com\/es\/wp-json\/wp\/v2\/posts\/101801","targetHints":{"allow":["GET"]}}],"collection":[{"href":"https:\/\/www.europesays.com\/es\/wp-json\/wp\/v2\/posts"}],"about":[{"href":"https:\/\/www.europesays.com\/es\/wp-json\/wp\/v2\/types\/post"}],"author":[{"embeddable":true,"href":"https:\/\/www.europesays.com\/es\/wp-json\/wp\/v2\/users\/2"}],"replies":[{"embeddable":true,"href":"https:\/\/www.europesays.com\/es\/wp-json\/wp\/v2\/comments?post=101801"}],"version-history":[{"count":0,"href":"https:\/\/www.europesays.com\/es\/wp-json\/wp\/v2\/posts\/101801\/revisions"}],"wp:featuredmedia":[{"embeddable":true,"href":"https:\/\/www.europesays.com\/es\/wp-json\/wp\/v2\/media\/101802"}],"wp:attachment":[{"href":"https:\/\/www.europesays.com\/es\/wp-json\/wp\/v2\/media?parent=101801"}],"wp:term":[{"taxonomy":"category","embeddable":true,"href":"https:\/\/www.europesays.com\/es\/wp-json\/wp\/v2\/categories?post=101801"},{"taxonomy":"post_tag","embeddable":true,"href":"https:\/\/www.europesays.com\/es\/wp-json\/wp\/v2\/tags?post=101801"}],"curies":[{"name":"wp","href":"https:\/\/api.w.org\/{rel}","templated":true}]}}