{"id":101803,"date":"2025-09-08T19:14:10","date_gmt":"2025-09-08T19:14:10","guid":{"rendered":"https:\/\/www.europesays.com\/es\/101803\/"},"modified":"2025-09-08T19:14:10","modified_gmt":"2025-09-08T19:14:10","slug":"pamela-anderson-dice-basta-y-responde-a-los-que-dudan-de-su-romance-con-liam-neeson-soy-autentica","status":"publish","type":"post","link":"https:\/\/www.europesays.com\/es\/101803\/","title":{"rendered":"Pamela Anderson dice &#8216;basta&#8217; y responde a los que dudan de su romance con Liam Neeson: \u00abSoy aut\u00e9ntica\u00bb"},"content":{"rendered":"<p id=\"ejx1GaL3Md\" data-wc=\"89\">Mucho se ha hablado sobre <strong>el romance sorpresa del verano<\/strong>, sin embargo, lo cierto es que la verdad solo la saben los protagonistas de esta historia: Pamela Anderson, de 58 a\u00f1os, y Liam Neeson, de 73. Hasta ahora, ninguno de los dos se hab\u00eda pronunciado al respecto. Tampoco hab\u00edan hablado de <a class=\"hm-link\" href=\"https:\/\/www.hola.com\/actualidad\/20250830852992\/la-verdad-sobre-pamela-anderson-y-liam-neeson-pareja-enamorada-o-truco-publicitario\/\" data-mrf-recirculation=\"article-body-link\" rel=\"nofollow noopener\" target=\"_blank\">las acusaciones que han surgido<\/a> en estas \u00faltimas semanas que aseguraban que todo hab\u00eda sido <strong>un plan orquestado para promocionar su nueva pel\u00edcula<\/strong>, The Naked Gun. Pero este fin de semana ha habido un nuevo giro de gui\u00f3n.<\/p>\n<p> <img src=\"https:\/\/www.europesays.com\/es\/wp-content\/uploads\/2025\/09\/01d5885084a5-gettyimages-2233869393.jpg\"   width=\"682\" height=\"1024\" loading=\"lazy\" decoding=\"async\" alt=\"Pamela Anderson recibe un premio en el Festival de Cine Americano de Deauville, en Francia, el 5 de septiembre de 2025\" fetchpriority=\"auto\" class=\"image ho-image\"\/>\u00a9 Getty Images<\/p>\n<p id=\"eElEVuzVFM7\" data-wc=\"62\">La que fuera protagonista de la exitosa serie de televisi\u00f3n Los vigilantes de la playa se ha hartado y <strong>ha hecho unas sorprendentes declaraciones<\/strong> en el 51\u00ba Festival de Cine Americano de Deauville (Francia), donde ha sido homenajeada. Al subir al escenario para recibir el &#8216;Premio al Talento&#8217;, Pamela aprovech\u00f3 su discurso para desmentir rotundamente todo lo que se ha venido rumoreando.<\/p>\n<p> <img src=\"https:\/\/www.europesays.com\/es\/wp-content\/uploads\/2025\/09\/fe24bfd1bbf5-gettyimages-2233899457.jpg\"   width=\"1080\" height=\"1800\" loading=\"lazy\" decoding=\"async\" alt=\"Pamela Anderson recibe un premio en el Festival de Cine Americano de Deauville, en Francia, el 5 de septiembre de 2025\" fetchpriority=\"auto\" class=\"image ho-image\"\/>\u00a9 Getty Images<\/p>\n<p id=\"ejzKWlcfVR\" data-wc=\"48\">\u00ab<strong>No caigo ni caer\u00e9 jam\u00e1s en los trucos publicitarios. Ser\u00eda una sentencia de muerte. Soy una persona aut\u00e9ntica<\/strong>\u00ab, dijo tajante sobre las informaciones que han salido publicadas en algunos medios norteamericanos que aseguraban que lo suyo no era verdad y estaban enga\u00f1ando a todos, principalmente a sus fans.<\/p>\n<p> <img src=\"https:\/\/www.europesays.com\/es\/wp-content\/uploads\/2025\/09\/dad1e4ee650d-gettyimages-2233895013.jpg\"   width=\"1024\" height=\"682\" loading=\"lazy\" decoding=\"async\" alt=\"Pamela Anderson recibe un premio en el Deauville American Film Festival\" fetchpriority=\"auto\" class=\"image ho-image\"\/>\u00a9 Getty Images<\/p>\n<p id=\"ejWOqhJEJn\" data-wc=\"58\">\u00abSoy supersticiosa en el amor. Y <strong>no me siento c\u00f3moda compartiendo ni un \u00e1pice de mi vida rom\u00e1ntica<\/strong>\u00ab, dijo la actriz sobre el escenario de Deauville, asegurando que: \u00abS\u00e9 que me enamorar\u00e9 una y otra vez en la pantalla. Ese es mi trabajo. Si lo hacemos bien, lo sentir\u00e1s como una especie de proyecci\u00f3n. Es el mayor cumplido\u00bb.<\/p>\n<p> <img src=\"https:\/\/www.europesays.com\/es\/wp-content\/uploads\/2025\/09\/c20c3408abc7-gettyimages-2233894837.jpg\"   width=\"682\" height=\"1024\" loading=\"lazy\" decoding=\"async\" alt=\"Pamela Anderson recibe un premio en el Festival de Cine Americano de Deauville, en Francia, el 5 de septiembre de 2025\" fetchpriority=\"auto\" class=\"image ho-image\"\/>\u00a9 Getty Images<\/p>\n<p id=\"eXDf4xRZEC\" data-wc=\"71\">\u00abAs\u00ed que, por favor, piensen en positivo. Y agradezco los buenos deseos. <strong>No se trata de juegos tontos<\/strong>. <strong>Soy sincera<\/strong>\u00ab, concluy\u00f3 Pamela, que para su gran noche en Francia luci\u00f3 un sencillo vestido de color negro que complement\u00f3 solo con unos pendientes de brillantes y una manicura de color burdeos. Como siempre, luci\u00f3 su piel al natural, sin una gota de maquillaje, y apost\u00f3 por unas ondas deshechas para su melena.<\/p>\n<p> <img src=\"https:\/\/www.europesays.com\/es\/wp-content\/uploads\/2025\/09\/aa75a3edbc7d-gettyimages-2226508679.jpg\"   width=\"1080\" height=\"1080\" loading=\"lazy\" decoding=\"async\" alt=\"Pamela Anderson y Liam Neeson presentan en Londres su nueva pel\u00edcula, 'The Naked Gun', el 22 de julio de 2025\" fetchpriority=\"auto\" class=\"image ho-image\"\/>\u00a9 Getty Images<br \/>\nFelices y enamorados<\/p>\n<p id=\"egoxXqlOh9\" data-wc=\"76\">Durante a\u00f1os, Liam Neeson hab\u00eda dejado claro que <strong>no pensaba volver a enamorarse<\/strong>. El actor confes\u00f3 en m\u00e1s de una ocasi\u00f3n que las citas hab\u00edan quedado atr\u00e1s para \u00e9l y que se sent\u00eda tranquilo sin necesidad de conocer a nadie. De hecho, el pasado mes de octubre, en una entrevista con People, fue tajante al ser preguntado si estaba enamorado: \u00abEn una palabra, no. Eso ya lo super\u00e9\u00bb. Sin embargo, <a class=\"hm-link\" href=\"https:\/\/www.hola.com\/actualidad\/20250730847254\/pamela-anderson-liam-neeson-pareja-sorpresa-estan-enamorados\/\" data-mrf-recirculation=\"article-body-link\" rel=\"nofollow noopener\" target=\"_blank\">Pamela ha logrado cambiar esa visi\u00f3n<\/a>.<\/p>\n<p> <img src=\"https:\/\/www.europesays.com\/es\/wp-content\/uploads\/2025\/09\/fe10517c8e9e-gettyimages-2226866657-2.jpg\"   width=\"1080\" height=\"1080\" loading=\"lazy\" decoding=\"async\" alt=\"Pamela Anderson y Liam Neeson en el estreno de The Naked Gun en Berlin el 24 de julio de 2025\" fetchpriority=\"auto\" class=\"image ho-image\"\/>\u00a9 Getty Images<\/p>\n<p id=\"erhTtMuHzVl\" data-wc=\"118\">Durante la promoci\u00f3n de The Naked Gun, ambos actores han intercambiado piropos y declaraciones llenas de cari\u00f1o, adem\u00e1s de <a class=\"hm-link\" href=\"https:\/\/www.hola.com\/actualidad\/20250723845999\/pamela-anderson-desata-locura-besar-liam-neeson-alfombra-roja\/\" data-mrf-recirculation=\"article-body-link\" rel=\"nofollow noopener\" target=\"_blank\">sorprender en plena alfombra roja con un cari\u00f1oso beso en la mejilla<\/a>. Anderson ha reconocido que entre ellos existe \u00ab<strong>una conexi\u00f3n muy sincera y muy cari\u00f1osa<\/strong>\u00bb y est\u00e1 convencida de que lo suyo es \u00abuna amistad para toda la vida\u00bb. Adem\u00e1s, no dud\u00f3 en definir a Neeson como \u00ab<strong>un perfecto caballero<\/strong>\u00ab. Por su parte, el actor irland\u00e9s fue a\u00fan m\u00e1s expl\u00edcito: asegur\u00f3 sentirse \u00ablocamente enamorado\u00bb de Pamela y destac\u00f3 lo f\u00e1cil que es trabajar con ella: \u00abEs maravillosa. No tiene un ego enorme, simplemente viene a hacer su trabajo. Es divertida y es muy f\u00e1cil de trabajar con ella\u00bb.<\/p>\n","protected":false},"excerpt":{"rendered":"Mucho se ha hablado sobre el romance sorpresa del verano, sin embargo, lo cierto es que la verdad&hellip;\n","protected":false},"author":2,"featured_media":101804,"comment_status":"","ping_status":"","sticky":false,"template":"","format":"standard","meta":{"footnotes":""},"categories":[174],"tags":[517,255,146,147,25,24,256,9102,9101,23],"class_list":{"0":"post-101803","1":"post","2":"type-post","3":"status-publish","4":"format-standard","5":"has-post-thumbnail","7":"category-famosos","8":"tag-actualidad","9":"tag-celebrities","10":"tag-entertainment","11":"tag-entretenimiento","12":"tag-es","13":"tag-espana","14":"tag-famosos","15":"tag-liam-neeson","16":"tag-pamela-anderson","17":"tag-spain"},"share_on_mastodon":{"url":"","error":""},"_links":{"self":[{"href":"https:\/\/www.europesays.com\/es\/wp-json\/wp\/v2\/posts\/101803","targetHints":{"allow":["GET"]}}],"collection":[{"href":"https:\/\/www.europesays.com\/es\/wp-json\/wp\/v2\/posts"}],"about":[{"href":"https:\/\/www.europesays.com\/es\/wp-json\/wp\/v2\/types\/post"}],"author":[{"embeddable":true,"href":"https:\/\/www.europesays.com\/es\/wp-json\/wp\/v2\/users\/2"}],"replies":[{"embeddable":true,"href":"https:\/\/www.europesays.com\/es\/wp-json\/wp\/v2\/comments?post=101803"}],"version-history":[{"count":0,"href":"https:\/\/www.europesays.com\/es\/wp-json\/wp\/v2\/posts\/101803\/revisions"}],"wp:featuredmedia":[{"embeddable":true,"href":"https:\/\/www.europesays.com\/es\/wp-json\/wp\/v2\/media\/101804"}],"wp:attachment":[{"href":"https:\/\/www.europesays.com\/es\/wp-json\/wp\/v2\/media?parent=101803"}],"wp:term":[{"taxonomy":"category","embeddable":true,"href":"https:\/\/www.europesays.com\/es\/wp-json\/wp\/v2\/categories?post=101803"},{"taxonomy":"post_tag","embeddable":true,"href":"https:\/\/www.europesays.com\/es\/wp-json\/wp\/v2\/tags?post=101803"}],"curies":[{"name":"wp","href":"https:\/\/api.w.org\/{rel}","templated":true}]}}