{"id":101811,"date":"2025-09-08T19:18:09","date_gmt":"2025-09-08T19:18:09","guid":{"rendered":"https:\/\/www.europesays.com\/es\/101811\/"},"modified":"2025-09-08T19:18:09","modified_gmt":"2025-09-08T19:18:09","slug":"azrael-anuncia-fecha-de-salida-y-detalles-de-su-nuevo-album","status":"publish","type":"post","link":"https:\/\/www.europesays.com\/es\/101811\/","title":{"rendered":"AZRAEL anuncia fecha de salida y detalles de su nuevo \u00e1lbum"},"content":{"rendered":"<p>\u00a0<\/p>\n<p>\u00a0<\/p>\n<p><strong>AZRAEL anuncia fecha de salida y detalles de su nuevo \u00e1lbum<\/strong><br \/>\n<img fetchpriority=\"high\" decoding=\"async\" src=\"https:\/\/www.europesays.com\/es\/wp-content\/uploads\/2025\/09\/azrael-nuevo-disco-aquellarre-disponible-31-de-octubre500x267.jpg\" alt=\"AZRAEL\" width=\"500\" height=\"267\"\/><\/p>\n<p>Por fin <a href=\"https:\/\/www.facebook.com\/azraelmetaloficial\" target=\"_blank\" rel=\"noopener nofollow\"><strong>AZRAEL<\/strong><\/a> han puesto fecha para el lanzamiento de su esperado nuevo disco \u201cAquelarre\u201d. Ser\u00e1 el pr\u00f3ximo d\u00eda 31 de octubre cuando podamos disfrutar de esta nueva entrega discogr\u00e1fica que saldr\u00e1 a trav\u00e9s del sello Demons Records. D\u00e9cimo disco en estudio de la banda granadina.<\/p>\n<p>En unos d\u00edas activar\u00e1n el pre-order que traer\u00e1 alguna sorpresa.<\/p>\n<p><img loading=\"lazy\" decoding=\"async\" src=\"https:\/\/www.europesays.com\/es\/wp-content\/uploads\/2025\/09\/azrael-nuevo-disco-aquellarre-disponible-31-de-octubre.jpg\" alt=\"AZRAEL\" width=\"500\" height=\"625\"\/><\/p>\n<p>Con anterioridad la banda nos present\u00f3 la portada que como viene siendo habitual en los \u00faltimos discos es obra de Fernando Nanderas.<\/p>\n<p>Recordamos el primer adelanto que la banda subi\u00f3 a su canal de youtube, \u201cNoche de Brujas\u201d<\/p>\n<p><a href=\"https:\/\/www.facebook.com\/azraelmetaloficial\" target=\"_blank\" rel=\"noopener nofollow\"><strong>AZRAEL<\/strong><\/a> estar\u00e1 actuando en la segunda edici\u00f3n del <strong> MARACENA FEST<\/strong> en el Anfiteatro Carlos Cano el pr\u00f3ximo <strong>4 de octubre.<\/strong><\/p>\n<p align=\"center\"><strong>Sigue el\u00a0<a href=\"https:\/\/whatsapp.com\/channel\/0029VaCprxVBA1f555USvT2O\" target=\"_blank\" rel=\"nofollow noopener\">Canal de RAFABASA.COM en WhatsApp<\/a>, donde encontrar\u00e1s todas nuestras novedades al instante<\/strong><\/p>\n<p align=\"center\">\u00a0<\/p>\n<p align=\"center\">\u00a0<\/p>\n<p>\u00a0<\/p>\n<p>\u00a0<\/p>\n<p>\u00a0<\/p>\n<p>\u00a0<\/p>\n<p>\u00a0<\/p>\n<p>                        Art\u00edculo anterior<a href=\"https:\/\/www.rafabasa.com\/2025\/09\/08\/ars-amandi-entrevista-con-dani-aller-sobre-su-album-rumbo-norte-y-su-presentacion-en-madrid\/\" rel=\"nofollow noopener\" target=\"_blank\">ARS AMANDI \u2013 Entrevista con Dani Aller, sobre su \u00e1lbum \u00abRumbo Norte\u00bb y su presentaci\u00f3n en Madrid<\/a>Art\u00edculo siguiente<a href=\"https:\/\/www.rafabasa.com\/2025\/09\/08\/def-leppard-absolom-kanya-fest\/\" rel=\"nofollow noopener\" target=\"_blank\">DEF LEPPARD \u2013 ABSOLOM \u2013 Kanya!!! Fest<\/a>            \t                <\/p>\n","protected":false},"excerpt":{"rendered":"\u00a0 \u00a0 AZRAEL anuncia fecha de salida y detalles de su nuevo \u00e1lbum Por fin AZRAEL han puesto&hellip;\n","protected":false},"author":2,"featured_media":101812,"comment_status":"","ping_status":"","sticky":false,"template":"","format":"standard","meta":{"footnotes":""},"categories":[170],"tags":[35841,146,147,25,24,184,185,23],"class_list":{"0":"post-101811","1":"post","2":"type-post","3":"status-publish","4":"format-standard","5":"has-post-thumbnail","7":"category-musica","8":"tag-azrael","9":"tag-entertainment","10":"tag-entretenimiento","11":"tag-es","12":"tag-espana","13":"tag-music","14":"tag-musica","15":"tag-spain"},"share_on_mastodon":{"url":"","error":""},"_links":{"self":[{"href":"https:\/\/www.europesays.com\/es\/wp-json\/wp\/v2\/posts\/101811","targetHints":{"allow":["GET"]}}],"collection":[{"href":"https:\/\/www.europesays.com\/es\/wp-json\/wp\/v2\/posts"}],"about":[{"href":"https:\/\/www.europesays.com\/es\/wp-json\/wp\/v2\/types\/post"}],"author":[{"embeddable":true,"href":"https:\/\/www.europesays.com\/es\/wp-json\/wp\/v2\/users\/2"}],"replies":[{"embeddable":true,"href":"https:\/\/www.europesays.com\/es\/wp-json\/wp\/v2\/comments?post=101811"}],"version-history":[{"count":0,"href":"https:\/\/www.europesays.com\/es\/wp-json\/wp\/v2\/posts\/101811\/revisions"}],"wp:featuredmedia":[{"embeddable":true,"href":"https:\/\/www.europesays.com\/es\/wp-json\/wp\/v2\/media\/101812"}],"wp:attachment":[{"href":"https:\/\/www.europesays.com\/es\/wp-json\/wp\/v2\/media?parent=101811"}],"wp:term":[{"taxonomy":"category","embeddable":true,"href":"https:\/\/www.europesays.com\/es\/wp-json\/wp\/v2\/categories?post=101811"},{"taxonomy":"post_tag","embeddable":true,"href":"https:\/\/www.europesays.com\/es\/wp-json\/wp\/v2\/tags?post=101811"}],"curies":[{"name":"wp","href":"https:\/\/api.w.org\/{rel}","templated":true}]}}