{"id":101854,"date":"2025-09-08T19:43:09","date_gmt":"2025-09-08T19:43:09","guid":{"rendered":"https:\/\/www.europesays.com\/es\/101854\/"},"modified":"2025-09-08T19:43:09","modified_gmt":"2025-09-08T19:43:09","slug":"parte-medico-que-tiene-y-cuantos-partidos-se-perdera-con-el-athletic-club","status":"publish","type":"post","link":"https:\/\/www.europesays.com\/es\/101854\/","title":{"rendered":"Parte m\u00e9dico, qu\u00e9 tiene y cu\u00e1ntos partidos se perder\u00e1 con el Athletic Club"},"content":{"rendered":"<p class=\"ft-text\">Se le acumulan los problemas a<strong> Ernesto Valverde. <\/strong><a class=\"ft-link ft-link--decoration\" href=\"https:\/\/www.sport.es\/es\/noticias\/seleccion\/malas-noticias-athletic-nico-williams-121333366\" rel=\"nofollow noopener\" target=\"_blank\"><strong>Nico Williams<\/strong><\/a>, que tuvo que ser sustituido poco antes del descanso en el encuentro ante <strong>Turqu\u00eda<\/strong>, hizo saltar las alarmas en <strong>Bilbao<\/strong>. Y el <a class=\"ft-link ft-link--decoration\" href=\"https:\/\/www.sport.es\/es\/noticias\/athletic-club\/problemas-athletic-yeray-suspendido-diez-121348220\" rel=\"nofollow noopener\" target=\"_blank\"><strong>Athletic Club<\/strong><\/a><strong> <\/strong>emiti\u00f3 un comunicado para confirmar el alcance de las molestias que le obligaron a abandonar el \u00faltimo compromiso de la <strong>Selecci\u00f3n<\/strong> de este primer par\u00f3n de selecciones de la temporada:<strong> \u00abEl jugador sufre una lesi\u00f3n muscular moderada en la musculatura aductora izquierda<\/strong>, seg\u00fan las pruebas m\u00e9dicas realizadas esta tarde. Queda pendiente de evoluci\u00f3n\u00bb, escribe el club.<\/p>\n<p class=\"ft-text\">Saltaron las alarmas en <strong>Ibaigane <\/strong>el pasado domingo cuando el extremo navarro se retir\u00f3 lesionado en los minutos finales del primer tiempo del choque de la <strong>Selecci\u00f3n <\/strong>ante <strong>Turqu\u00eda<\/strong>, que termin\u00f3 en goleada a favor del combinado que dirige <strong>Luis de la Fuente<\/strong> (0-6). El &#8217;10&#8217; del <strong>Athletic<\/strong>, titular en los dos compromisos internacionales correspondientes a la clasificaci\u00f3n para el <strong>Mundial 2026,<\/strong> sinti\u00f3 un <strong>pinchazo <\/strong>en el <strong>aductor<\/strong> de su<strong> pierna izquierda <\/strong>cuando quedaban escasos minutos para llegar al descanso y qued\u00f3 tendido sobre el c\u00e9sped, con cara de preocupaci\u00f3n.<\/p>\n<p><img decoding=\"async\" src=\"https:\/\/www.europesays.com\/es\/wp-content\/uploads\/2025\/09\/216b735f-0612-4fa9-bc47-a5a979fab632_alta-libre-aspect-ratio_default_0.jpg\" width=\"1200\" height=\"800\" alt=\"KONYA (Turkey), 07\/09\/2025.- Nico Williams (C) of Spain leaves the pitch after an injury during the FIFA World Cup 2026 qualifying Group E soccer soccer match between Turkey and Spain in Konya, Turkey, 07 September 2025. (Mundial de F\u00fatbol, Espa\u00f1a, Turqu\u00eda) EFE\/EPA\/ERDEM SAHIN\" class=\"ft-helper-img-rd\" loading=\"lazy\" hasdataaida=\"true\"\/><\/p>\n<p class=\"ft-helper-fontColor-quaternary ft-helper-fontSize-body-S ft-helper-spacer-t-xxs\">KONYA (Turkey), 07\/09\/2025.- Nico Williams (C) of Spain leaves the pitch after an injury during the FIFA World Cup 2026 qualifying Group E soccer soccer match between Turkey and Spain in Konya, Turkey, 07 September 2025. (Mundial de F\u00fatbol, Espa\u00f1a, Turqu\u00eda) EFE\/EPA\/ERDEM SAHIN  \/ ERDEM SAHIN \/ EFE<\/p>\n<p>Sin debut <\/p>\n<p class=\"ft-text\">El club bilba\u00edno se limita a decir que el futbolista queda \u00abpendiente de evoluci\u00f3n\u00bb y no hace una estimaci\u00f3n de cu\u00e1nto tiempo estar\u00e1 en la enfermer\u00eda. Parece evidente que se perder\u00e1 los compromisos m\u00e1s pr\u00f3ximos, como la visita del <strong>Alav\u00e9s <\/strong>de este mismo s\u00e1bado 13 de septiembre o, sobre todo, el exigente debut en la <strong>Champions League<\/strong> ante el <strong>Arsenal<\/strong> en <strong>San Mam\u00e9s<\/strong>, que tendr\u00e1 lugar el martes 16 de septiembre. En cualquier caso, este tipo de dolencia suele traducirse en unas <strong>tres semanas <\/strong>de baja.<\/p>\n<p class=\"ft-text\">El menor de los <strong>Williams <\/strong>se retir\u00f3 cojeando y con visibles muestras de dolor mientras se tocaba constantemente la zona afectada. No es la primera vez que sufre un contratiempo en dicha zona, pues una <strong>pubalgia<\/strong> le mantuvo en el dique seco en la recta final de la pasada temporada, perdi\u00e9ndose encuentros importantes como la vuelta de la semifinal de la <strong>Europa League<\/strong> ante el<strong> Manchester United. <\/strong><\/p>\n<p class=\"ft-text\">Asimismo, sufri\u00f3 una peque\u00f1a lesi\u00f3n de cadera en octubre y tuvo dolencias en el muslo a mitad de temporada. Una zona afectada que empieza a ser recurrente y siembra la preocupaci\u00f3n en el <strong>Athletic Club.<\/strong><\/p>\n","protected":false},"excerpt":{"rendered":"Se le acumulan los problemas a Ernesto Valverde. Nico Williams, que tuvo que ser sustituido poco antes del&hellip;\n","protected":false},"author":2,"featured_media":101855,"comment_status":"","ping_status":"","sticky":false,"template":"","format":"standard","meta":{"footnotes":""},"categories":[93],"tags":[2182,14699,168,25,24,8252,1446,8329,289,23,167],"class_list":{"0":"post-101854","1":"post","2":"type-post","3":"status-publish","4":"format-standard","5":"has-post-thumbnail","7":"category-deportes","8":"tag-athletic","9":"tag-comunicado","10":"tag-deportes","11":"tag-es","12":"tag-espana","13":"tag-lesion","14":"tag-nico","15":"tag-nico-williams","16":"tag-oficial","17":"tag-spain","18":"tag-sports"},"share_on_mastodon":{"url":"","error":""},"_links":{"self":[{"href":"https:\/\/www.europesays.com\/es\/wp-json\/wp\/v2\/posts\/101854","targetHints":{"allow":["GET"]}}],"collection":[{"href":"https:\/\/www.europesays.com\/es\/wp-json\/wp\/v2\/posts"}],"about":[{"href":"https:\/\/www.europesays.com\/es\/wp-json\/wp\/v2\/types\/post"}],"author":[{"embeddable":true,"href":"https:\/\/www.europesays.com\/es\/wp-json\/wp\/v2\/users\/2"}],"replies":[{"embeddable":true,"href":"https:\/\/www.europesays.com\/es\/wp-json\/wp\/v2\/comments?post=101854"}],"version-history":[{"count":0,"href":"https:\/\/www.europesays.com\/es\/wp-json\/wp\/v2\/posts\/101854\/revisions"}],"wp:featuredmedia":[{"embeddable":true,"href":"https:\/\/www.europesays.com\/es\/wp-json\/wp\/v2\/media\/101855"}],"wp:attachment":[{"href":"https:\/\/www.europesays.com\/es\/wp-json\/wp\/v2\/media?parent=101854"}],"wp:term":[{"taxonomy":"category","embeddable":true,"href":"https:\/\/www.europesays.com\/es\/wp-json\/wp\/v2\/categories?post=101854"},{"taxonomy":"post_tag","embeddable":true,"href":"https:\/\/www.europesays.com\/es\/wp-json\/wp\/v2\/tags?post=101854"}],"curies":[{"name":"wp","href":"https:\/\/api.w.org\/{rel}","templated":true}]}}