{"id":101860,"date":"2025-09-08T19:46:09","date_gmt":"2025-09-08T19:46:09","guid":{"rendered":"https:\/\/www.europesays.com\/es\/101860\/"},"modified":"2025-09-08T19:46:09","modified_gmt":"2025-09-08T19:46:09","slug":"adios-a-la-tarjeta-sim-hola-a-mas-bateria-en-el-iphone-17-la-ultima-filtracion-antes-de-la-keynote-confirma-las-diferencias","status":"publish","type":"post","link":"https:\/\/www.europesays.com\/es\/101860\/","title":{"rendered":"Adi\u00f3s a la tarjeta SIM, hola a m\u00e1s bater\u00eda en el iPhone 17. La \u00faltima filtraci\u00f3n antes de la keynote confirma las diferencias"},"content":{"rendered":"<p>Estamos a escasas horas de conocer lo que Apple nos tiene preparado para su nueva familia <a class=\"text-outboundlink\" href=\"https:\/\/www.xatakamovil.com\/nuevo\/nuevo-iphone-17-informacion\" data-vars-post-title=\"iPhone 17 - Toda la informaci\u00f3n sobre los iPhone de 2025\" data-vars-post-url=\"https:\/\/www.xatakamovil.com\/nuevo\/nuevo-iphone-17-informacion\" rel=\"nofollow noopener\" target=\"_blank\">iPhone 17<\/a>.\u00a0Ya sabemos <a class=\"text-outboundlink\" href=\"https:\/\/www.xatakamovil.com\/apple\/sorry-tim-diseno-nuevos-iphone-17-se-ha-filtrado-detalle-dias-antes-keynote-apple\" data-vars-post-title=\"\u201cSorry, Tim\u201d, el dise\u00f1o de los nuevos iPhone 17 ya se ha filtrado en detalle, d\u00edas antes de la keynote de Apple \" data-vars-post-url=\"https:\/\/www.xatakamovil.com\/apple\/sorry-tim-diseno-nuevos-iphone-17-se-ha-filtrado-detalle-dias-antes-keynote-apple\" rel=\"nofollow noopener\" target=\"_blank\">c\u00f3mo lucir\u00e1n sus dise\u00f1os<\/a>, pero las dudas se ciernes sobre sus bater\u00edas, presumiblemente <a class=\"text-outboundlink\" href=\"https:\/\/www.xatakamovil.com\/apple\/iphone-17-pro-europeo-llegara-bateria-pequena-rumores-culpa-sim\" data-vars-post-title=\"El iPhone 17 Pro europeo llegar\u00e1 con una bater\u00eda m\u00e1s peque\u00f1a, seg\u00fan los rumores. Y la culpa es de la SIM \" data-vars-post-url=\"https:\/\/www.xatakamovil.com\/apple\/iphone-17-pro-europeo-llegara-bateria-pequena-rumores-culpa-sim\" rel=\"nofollow noopener\" target=\"_blank\">afectadas por la inclusi\u00f3n de la ranura para tarjeta SIM<\/a>. Ahora se han filtrado las diferentes capacidades de estas pilas internas, confirmando la <a class=\"text-outboundlink\" href=\"https:\/\/www.xatakamovil.com\/apple\/apple-esconde-sorpresa-para-europa-iphone-17-air-macrumors-solo-sera-compatible-esim\" data-vars-post-title=\"Apple esconde una sorpresa para Europa con el iPhone 17 Air, seg\u00fan Macrumors: solo ser\u00e1 compatible con eSIM\" data-vars-post-url=\"https:\/\/www.xatakamovil.com\/apple\/apple-esconde-sorpresa-para-europa-iphone-17-air-macrumors-solo-sera-compatible-esim\" rel=\"nofollow noopener\" target=\"_blank\">sorpresa<\/a> de la <strong>diferencia entre cada mercado<\/strong>.<\/p>\n<p>                   <img class=\"centro_sinmarco\" height=\"856\" width=\"1792\" loading=\"lazy\" decoding=\"async\"  fetchpriority=\"high\"  src=\"https:\/\/i.blogs.es\/8b19b6\/original\/450_1000.webp\" alt=\"Fundas iphone 17\" onerror=\"this.src=\" https:=\"\" false=\"\"\/><\/p>\n<p>        El dise\u00f1o de los iPhone 17 se dio a conocer gracias al fabricante de fundas dbrand<\/p>\n<p><strong>Menos bater\u00eda si lleva SIM<\/strong>. El iPhone lleva tiempo comercializ\u00e1ndose sin ranura para tarjetas SIM, pero solo en Estados Unidos. Durante las filtraciones de los iPhone 17, se habl\u00f3 de esta posibilidad para m\u00e1s mercados, pero finalmente no parece que sea as\u00ed.\u00a0<\/p>\n<p>Por lo tanto, esto nos deja un reparto de bater\u00edas desigual: un popular leaker ha desvelado c\u00f3mo ser\u00e1n estas <a rel=\"noopener, noreferrer nofollow\" href=\"https:\/\/x.com\/yabhishekhd\/status\/1964858675576893613\">en X<\/a>.<\/p>\n<p>                   <img class=\"centro_sinmarco\" height=\"1017\" width=\"1023\" loading=\"lazy\" decoding=\"async\"  fetchpriority=\"high\"  src=\"https:\/\/i.blogs.es\/7d955d\/g0suieoxaaavrpv\/450_1000.webp\" alt=\"Bater\u00edas iPhone 17\" onerror=\"this.src=\" https:=\"\" false=\"\"\/><\/p>\n<p>        Imagen: Abhishek Yadav en X<\/p>\n<p><strong>\u00bfC\u00f3mo ser\u00e1n las bater\u00edas de los iPhone 17 con tarjeta SIM?<\/strong> As\u00ed quedan en comparaci\u00f3n con las versiones compatibles solo con eSIM:<\/p>\n<tr>\n<p>Bater\u00edas filtradas (con sim)<\/p>\n<p>bater\u00edas filtradas (sin sim)<\/p>\n<p>diferencia<\/p>\n<\/tr>\n<tr>\n<p>iphone 17<\/p>\n<td class=\"align-left\">\n<p>3.692 mAh<\/p>\n<\/td>\n<td class=\"align-left\">\n<p>3.692 mAh<\/p>\n<\/td>\n<td class=\"align-left\">\n<p>0%<\/p>\n<\/td>\n<\/tr>\n<tr>\n<p>iphone 17 pro<\/p>\n<td class=\"align-left\">\n<p>3.988 mAh<\/p>\n<\/td>\n<td class=\"align-left\">\n<p>4.252 mAh<\/p>\n<\/td>\n<td class=\"align-left\">\n<p>+6,62%<\/p>\n<\/td>\n<\/tr>\n<tr>\n<p>iphone 17 pro max<\/p>\n<td class=\"align-left\">\n<p>4.823 mAh<\/p>\n<\/td>\n<td class=\"align-left\">\n<p>5.088 mAh<\/p>\n<\/td>\n<td class=\"align-left\">\n<p>+5,49%<\/p>\n<\/td>\n<\/tr>\n<tr>\n<p>iphone 17 air<\/p>\n<td class=\"align-left\">\n<p>3.036 mAh<\/p>\n<\/td>\n<td class=\"align-left\">\n<p>3.149 mAh<\/p>\n<\/td>\n<td class=\"align-left\">\n<p>+3,72%<\/p>\n<\/td>\n<\/tr>\n<p>Evidentemente, el ultradelgado iPhone 17 Air, rival del <a class=\"text-outboundlink\" href=\"https:\/\/www.xataka.com\/analisis\/samsung-galaxy-s25-edge-analisis-caracteristicas-precio-especificaciones\" data-vars-post-title=\"Samsung Galaxy S25 Edge, an\u00e1lisis: el Samsung que nada contracorriente para ser el Galaxy m\u00e1s delgado de la historia\" data-vars-post-url=\"https:\/\/www.xataka.com\/analisis\/samsung-galaxy-s25-edge-analisis-caracteristicas-precio-especificaciones\" rel=\"nofollow noopener\" target=\"_blank\">Galaxy S25 Edge<\/a>, deber\u00eda renunciar a autonom\u00eda para encajar el hardware en un grosor menor. Adem\u00e1s, es posible que deba acometer alguna concesi\u00f3n m\u00e1s, como unas c\u00e1maras peor dotadas que sus hermanos &#8216;Pro&#8217; y &#8216;Pro Max&#8217;. Y pese a eso, <a class=\"text-outboundlink\" href=\"https:\/\/www.applesfera.com\/rumores\/iphone-17-air-sera-movil-perfecto-para-minimalista-digital-gran\" data-vars-post-title=\"El iPhone 17 Air ser\u00e1 el m\u00f3vil perfecto para el minimalista digital. Aunque con un gran &quot;pero&quot; \" data-vars-post-url=\"https:\/\/www.applesfera.com\/rumores\/iphone-17-air-sera-movil-perfecto-para-minimalista-digital-gran\" rel=\"nofollow noopener\" target=\"_blank\">ser\u00e1 m\u00e1s costoso<\/a> que la versi\u00f3n est\u00e1ndar.<\/p>\n<p><strong>Tarjeta f\u00edsica s\u00ed o no<\/strong>. \u00bfQu\u00e9 suceder\u00e1 en nuestro pa\u00eds? Como leemos en Applesfera, la filtraci\u00f3n m\u00e1s reciente apuntaba a que los iPhone 17 <a class=\"text-outboundlink\" href=\"https:\/\/www.applesfera.com\/rumores\/ultima-filtracion-iphone-17-anticipa-adios-a-sim-espana-no-mala-noticia-como-parece\" data-vars-post-title=\"La \u00faltima filtraci\u00f3n del iPhone 17 anticipa el adi\u00f3s a la SIM en Espa\u00f1a. Pero no es tan mala noticia como parece\" data-vars-post-url=\"https:\/\/www.applesfera.com\/rumores\/ultima-filtracion-iphone-17-anticipa-adios-a-sim-espana-no-mala-noticia-como-parece\" rel=\"nofollow noopener\" target=\"_blank\">no traer\u00edan ranura para tarjeta SIM en Europa<\/a>. Desconociendo c\u00f3mo quedar\u00e1 el asunto, s\u00ed se han encontrado indicios de que, al menos el &#8216;Air&#8217;, llegar\u00e1 de esta manera.<\/p>\n<p>    <a href=\"https:\/\/www.xatakamovil.com\/apple\/seis-diferencias-iphone-17-iphone-17-air-que-se-han-filtrado-todo-lujo-detalles\" class=\"pivot-outboundlink\" data-vars-post-title=\"Seis diferencias entre el iPhone 17 y el iPhone 17 Air que ya se han filtrado con todo lujo de detalles\" rel=\"nofollow noopener\" target=\"_blank\"><br \/>\n     <img loading=\"lazy\" decoding=\"async\" alt=\"Seis diferencias entre el iPhone 17 y el iPhone 17 Air que ya se han filtrado con todo lujo de detalles\" width=\"375\" height=\"142\" src=\"https:\/\/i.blogs.es\/47a925\/iphone-17-air\/375_142.webp\" onerror=\"this.src=\" https:=\"\"\/><br \/>\n    <\/a><\/p>\n<p>En el resto del mundo, Apple seguir\u00eda vendiendo iPhone con SIM f\u00edsica en algunos territorios como China. El reputado Mark Gurman, conocido por sus filtraciones de Apple, apuntaba <a rel=\"noopener, noreferrer nofollow\" href=\"https:\/\/www.bloomberg.com\/news\/newsletters\/2025-09-07\/apple-s-iphone-17-air-event-which-new-iphone-should-i-buy-iphone-17-pro-mf9n5f9g\" target=\"_blank\">una idea<\/a>: Apple deber\u00e1 tener cuidado en el gigante asi\u00e1tico. Las operadoras tienen una fuerte presencia, por lo que la firma de la manzana mordida se ver\u00eda limitada a lanzar un dispositivo solo compatible con eSIM. Quiz\u00e1 sea el \u00fanico mercado que reciba una versi\u00f3n especial del iPhone 17 Air con ranura.<\/p>\n<p><strong>Cuesti\u00f3n de horas<\/strong>. Sea como sea, estas dudas se disipar\u00e1n muy pronto. Desde nuestros medios, cubriremos el evento especial en el que Apple presentar\u00e1 sus nuevos iPhone. Adem\u00e1s, se esperan nuevos Apple Watch, as\u00ed como una renovaci\u00f3n de los AirPods Pro.<\/p>\n<p>En Xataka M\u00f3vil | <a class=\"text-outboundlink\" href=\"https:\/\/www.xatakamovil.com\/apple\/llevo-15-anos-usando-iphone-que-espero-nuevos-modelos-no-ia-poder-usarlos-cuando-hace-mucho-calor\" data-vars-post-title=\"Tras 15 a\u00f1os usando iPhone, lo que espero de los nuevos iPhone 17 no es IA o m\u00e1s bater\u00eda: es poder usarlos cuando hace mucho calor\" data-vars-post-url=\"https:\/\/www.xatakamovil.com\/apple\/llevo-15-anos-usando-iphone-que-espero-nuevos-modelos-no-ia-poder-usarlos-cuando-hace-mucho-calor\" rel=\"nofollow noopener\" target=\"_blank\">Tras 15 a\u00f1os usando iPhone, lo que espero de los nuevos iPhone 17 no es IA o m\u00e1s bater\u00eda: es poder usarlos cuando hace mucho calor<\/a><\/p>\n","protected":false},"excerpt":{"rendered":"Estamos a escasas horas de conocer lo que Apple nos tiene preparado para su nueva familia iPhone 17.\u00a0Ya&hellip;\n","protected":false},"author":2,"featured_media":101861,"comment_status":"","ping_status":"","sticky":false,"template":"","format":"standard","meta":{"footnotes":""},"categories":[81],"tags":[119,123,124,25,24,117,121,122,23,118,120],"class_list":{"0":"post-101860","1":"post","2":"type-post","3":"status-publish","4":"format-standard","5":"has-post-thumbnail","7":"category-ciencia-y-tecnologia","8":"tag-ciencia","9":"tag-ciencia-y-tecnologia","10":"tag-cienciaytecnologia","11":"tag-es","12":"tag-espana","13":"tag-science","14":"tag-science-and-technology","15":"tag-scienceandtechnology","16":"tag-spain","17":"tag-technology","18":"tag-tecnologia"},"share_on_mastodon":{"url":"","error":""},"_links":{"self":[{"href":"https:\/\/www.europesays.com\/es\/wp-json\/wp\/v2\/posts\/101860","targetHints":{"allow":["GET"]}}],"collection":[{"href":"https:\/\/www.europesays.com\/es\/wp-json\/wp\/v2\/posts"}],"about":[{"href":"https:\/\/www.europesays.com\/es\/wp-json\/wp\/v2\/types\/post"}],"author":[{"embeddable":true,"href":"https:\/\/www.europesays.com\/es\/wp-json\/wp\/v2\/users\/2"}],"replies":[{"embeddable":true,"href":"https:\/\/www.europesays.com\/es\/wp-json\/wp\/v2\/comments?post=101860"}],"version-history":[{"count":0,"href":"https:\/\/www.europesays.com\/es\/wp-json\/wp\/v2\/posts\/101860\/revisions"}],"wp:featuredmedia":[{"embeddable":true,"href":"https:\/\/www.europesays.com\/es\/wp-json\/wp\/v2\/media\/101861"}],"wp:attachment":[{"href":"https:\/\/www.europesays.com\/es\/wp-json\/wp\/v2\/media?parent=101860"}],"wp:term":[{"taxonomy":"category","embeddable":true,"href":"https:\/\/www.europesays.com\/es\/wp-json\/wp\/v2\/categories?post=101860"},{"taxonomy":"post_tag","embeddable":true,"href":"https:\/\/www.europesays.com\/es\/wp-json\/wp\/v2\/tags?post=101860"}],"curies":[{"name":"wp","href":"https:\/\/api.w.org\/{rel}","templated":true}]}}