{"id":101864,"date":"2025-09-08T19:48:09","date_gmt":"2025-09-08T19:48:09","guid":{"rendered":"https:\/\/www.europesays.com\/es\/101864\/"},"modified":"2025-09-08T19:48:09","modified_gmt":"2025-09-08T19:48:09","slug":"west-point-trump-satisfecho-por-la-cancelacion-de-un-homenaje-a-tom-hanks-no-necesitamos-que-personas-destructivas-reciban-premios-gente","status":"publish","type":"post","link":"https:\/\/www.europesays.com\/es\/101864\/","title":{"rendered":"West Point: Trump, satisfecho por la cancelaci\u00f3n de un homenaje a Tom Hanks: \u201cNo necesitamos que personas destructivas reciban premios\u201d | Gente"},"content":{"rendered":"<p class=\"\">Como cada a\u00f1o, desde hace ya m\u00e1s de seis d\u00e9cadas, la prestigiosa de West Point, la Academia Militar nacional estadounidense, ha elegido a un nombre popular para otorgarle su premio Sylvanus Thayer, su m\u00e1s alto honor, por sus servicios de \u2014como dice su eslogan\u2014 \u201cdeber, honor, naci\u00f3n\u201d. Para 2025,<a href=\"https:\/\/elpais.com\/icon\/2024-12-09\/de-payaso-a-referente-moral-como-tom-hanks-consiguio-que-lo-amase-el-mundo-entero.html\" target=\"_self\" rel=\"nofollow noopener\" title=\"https:\/\/elpais.com\/icon\/2024-12-09\/de-payaso-a-referente-moral-como-tom-hanks-consiguio-que-lo-amase-el-mundo-entero.html\"> el escogido era el actor Tom Hanks.<\/a> Sin embargo, este fin de semana y a trav\u00e9s de un correo interno, la Academia ha anunciado que suspende la ceremonia, y no se sabe si el reconocimiento en s\u00ed. La reacci\u00f3n de Hanks se desconoce, pero hay alguien que est\u00e1 encantado con la decisi\u00f3n: el presidente Donald Trump.<\/p>\n<p class=\"\">La cancelaci\u00f3n la anunci\u00f3 el s\u00e1bado en exclusiva el diario <a href=\"https:\/\/www.washingtonpost.com\/politics\/2025\/09\/08\/trump-tom-hanks-west-point-ceremony\/\" target=\"_blank\" rel=\"nofollow noopener\" title=\"https:\/\/www.washingtonpost.com\/politics\/2025\/09\/08\/trump-tom-hanks-west-point-ceremony\/\">The Washington Post<\/a>, pero ha sido el lunes cuando Trump se ha congratulado por ello. \u201cNuestra gran West Point (\u00a1cada vez m\u00e1s grande!) ha cancelado inteligentemente la ceremonia de entrega de premios al actor Tom Hanks\u00bb, ha escrito el mandatario en un mensaje en <a href=\"https:\/\/truthsocial.com\/@realDonaldTrump\/posts\/115168758828419703\" target=\"_blank\" rel=\"nofollow noopener\" title=\"https:\/\/truthsocial.com\/@realDonaldTrump\/posts\/115168758828419703\">su red social, Truth<\/a>. \u201cUn gesto importante. \u00a1No necesitamos que personas destructivas y woke reciban nuestros preciados premios estadounidenses! Esperemos que los Premios de la Academia [de Cine] y otras falsas entregas de premios revisen sus normas y pr\u00e1cticas en nombre de la equidad y la justicia. \u00a1Mirad c\u00f3mo se disparan sus ahora muertos \u00edndices de audiencia!\u201c. <\/p>\n<p>M\u00e1s informaci\u00f3n<\/p>\n<p class=\"\">Es habitual que el presidente<a href=\"https:\/\/elpais.com\/us\/2025-08-05\/trump-contra-la-verdad-el-plan-para-silenciar-a-todos.html\" target=\"_self\" rel=\"nofollow noopener\" title=\"https:\/\/elpais.com\/us\/2025-08-05\/trump-contra-la-verdad-el-plan-para-silenciar-a-todos.html\"> se coloque contra actores, cantantes y personajes del mundo de la cultura<\/a>, a los que ataca a la menor oportunidad en sus discursos y en sus redes sociales. En general, porque muchos de ellos han sido cr\u00edticos contra Trump. Ha criticado con dureza <a href=\"https:\/\/elpais.com\/gente\/2025-03-24\/guerra-abierta-entre-trump-y-clooney-el-actor-avisa-de-la-falta-de-libertad-de-prensa-y-el-presidente-le-llama-estrella-de-segunda.html\" target=\"_self\" rel=\"nofollow noopener\" title=\"https:\/\/elpais.com\/gente\/2025-03-24\/guerra-abierta-entre-trump-y-clooney-el-actor-avisa-de-la-falta-de-libertad-de-prensa-y-el-presidente-le-llama-estrella-de-segunda.html\">a George Clooney<\/a>, al<a href=\"https:\/\/elpais.com\/gente\/2025-08-13\/jimmy-kimmel-obtiene-la-nacionalidad-italiana-en-rechazo-a-dondald-trump-lo-que-esta-pasando-es-tan-malo-como-imaginaba.html\" target=\"_self\" rel=\"nofollow noopener\" title=\"https:\/\/elpais.com\/gente\/2025-08-13\/jimmy-kimmel-obtiene-la-nacionalidad-italiana-en-rechazo-a-dondald-trump-lo-que-esta-pasando-es-tan-malo-como-imaginaba.html\"> c\u00f3mico Jimmy Kimmel<\/a> o <a href=\"https:\/\/elpais.com\/us\/entretenimiento\/2025-07-18\/the-late-show-with-stephen-colbert-acabara-en-mayo-de-2026-y-no-tendra-reemplazo-en-las-noches-de-cbs.html\" target=\"_self\" rel=\"nofollow noopener\" title=\"https:\/\/elpais.com\/us\/entretenimiento\/2025-07-18\/the-late-show-with-stephen-colbert-acabara-en-mayo-de-2026-y-no-tendra-reemplazo-en-las-noches-de-cbs.html\">al presentador Stephen Colbert<\/a>, entre muchos otros. De hecho, tras llegar a la presidencia anunci\u00f3 <a href=\"https:\/\/elpais.com\/gente\/2025-05-20\/trump-exige-una-investigacion-a-fondo-de-artistas-que-apoyaron-a-kamala-harris-como-beyonce-o-bruce-springsteen.html\" target=\"_self\" rel=\"nofollow noopener\" title=\"https:\/\/elpais.com\/gente\/2025-05-20\/trump-exige-una-investigacion-a-fondo-de-artistas-que-apoyaron-a-kamala-harris-como-beyonce-o-bruce-springsteen.html\">una investigaci\u00f3n contra los artistas <\/a>que apoyaron a su rival en las urnas, Kamala Harris, dejando caer que la dem\u00f3crata hab\u00eda pagado a Beyonc\u00e9, Oprah Winfrey o Bruce Springsteen por estar de su lado.<\/p>\n<p class=\"\">Tambi\u00e9n Hanks se ha mostrado cr\u00edtico con el presidente Donald Trump. En junio de 2024, ya en campa\u00f1a para su segundo mandato, el int\u00e9rprete afirm\u00f3 que el retorno del magnate a la Casa Blanca ser\u00eda un indicativo de que \u201cel camino [de Estados Unidos] hacia una uni\u00f3n m\u00e1s perfecta tiene algunos tropiezos\u201d. En una entrevista con la periodista Christiane Amanpour en la CNN, al ser preguntado si le preocupaban la democracia y la libertad en caso de que Trump saliera elegido, Hanks indic\u00f3 que hab\u00eda \u201crazones para estar preocupados en el corto plazo\u201d <\/p>\n<p><img alt=\"Donald Trump, en el Museo de la Biblia en Washington, DC, el 8 de septiembre de 2025.\" decoding=\"auto\" class=\"_re lazyload a_m-h\" height=\"277\"  width=\"414\"  src=\"https:\/\/www.europesays.com\/es\/wp-content\/uploads\/2025\/09\/MC2PFWVSXFLFJAJRTO277HMCBE.jpg\" loading=\"lazy\"\/>Donald Trump, en el Museo de la Biblia en Washington, DC, el 8 de septiembre de 2025.JIM LO SCALZO \/ POOL (EFE)<\/p>\n<p class=\"\">Lo que no est\u00e1 claro aun es si West Point finalmente honrar\u00e1 o no al actor, de 69 a\u00f1os. En su correo al resto de implicados, el coronel de la armada Mark Bieger, presidente de la asociaci\u00f3n de graduados de West Point \u2014los exalumnos de la Academia que conceden la condecoraci\u00f3n\u2014, hablaba de la ceremonia, pero no especificaba si tampoco se entregar\u00eda el galard\u00f3n. Seg\u00fan explicaba Bieger en su escrito, y como adelantaba el Post, la asociaci\u00f3n quer\u00eda prestar m\u00e1s atenci\u00f3n al futuro de los oficiales y a su preparaci\u00f3n de cara a posibles batallas y guerras.<\/p>\n<p class=\"\">Fue el 11 de junio cuando se supo que Hanks hab\u00eda sido honrado con el premio Thayer, a trav\u00e9s de<a href=\"https:\/\/www.westpointaog.org\/news\/tom-hanks-to-receive-thayer-award\/\" target=\"_blank\" rel=\"nofollow noopener\" title=\"https:\/\/www.westpointaog.org\/news\/tom-hanks-to-receive-thayer-award\/\"> un comunicado <\/a>emitido por West Point. En \u00e9l, se alababa al \u201cactor, guionista, director, productor y fil\u00e1ntropo\u201d. \u201c<a href=\"https:\/\/elpais.com\/cultura\/2022-12-13\/tom-hanks-los-actores-somos-insufribles-egoistas-y-paranoicos.html\" target=\"_self\" rel=\"nofollow noopener\" title=\"https:\/\/elpais.com\/cultura\/2022-12-13\/tom-hanks-los-actores-somos-insufribles-egoistas-y-paranoicos.html\">Tom Hanks ha hecho m\u00e1s por crear un retrato positivo<\/a> de los militares estadounidenses, m\u00e1s por el cuidado de los veteranos estadounidenses, por sus cuidadores y por sus familias, y m\u00e1s por el programa espacial estadounidense y todas las ramas del Gobierno que muchos otros estadounidenses\u201d, afirmaba en un comunicado el presidente de la junta directiva de exalumnos de la Academia. <\/p>\n<p class=\"\">Entonces, el actor quiso agradecerlo. \u201cQue mi primera visita a la Academia sea para recibir un honor tan grande como el Premio Thayer es simplemente incre\u00edble\u201d, afirm\u00f3. \u201cEl legado de liderazgo, car\u00e1cter y servicio a la naci\u00f3n de West Point es un poderoso ejemplo para todos los estadounidenses. Ser reconocido por una instituci\u00f3n cuyos graduados han moldeado la historia de nuestro pa\u00eds a trav\u00e9s de su servicio desinteresado es a la vez humilde y significativo\u201d.<\/p>\n<p class=\"\">Sin embargo, en esta ocasi\u00f3n, tres meses despu\u00e9s, el dos veces ganador del Oscar no ha emitido palabra al respecto, al menos por el momento. El actor californiano, de 69 a\u00f1os, ha interpretado a h\u00e9roes de guerra y personajes patri\u00f3ticos a lo largo de su extensa carrera,<a href=\"https:\/\/elpais.com\/elpais\/2016\/10\/11\/fotorrelato\/1476198975_647858.html\" target=\"_self\" rel=\"nofollow noopener\" title=\"https:\/\/elpais.com\/elpais\/2016\/10\/11\/fotorrelato\/1476198975_647858.html\"> con m\u00e1s de 100 papeles a lo largo de 45 a\u00f1os<\/a>: desde el recluta Forrest Gump, h\u00e9roe de la Guerra de Vietnam, hasta el capit\u00e1n Miller de Salvar al soldado Ryan, adem\u00e1s de a multitud de detectives, capitanes y polic\u00edas. <\/p>\n<p><img alt=\"Barack Obama recibe el premio Sylvanus Thayer, en 2024.\" decoding=\"auto\" class=\"_re lazyload a_m-h\" height=\"276\"  width=\"414\"  src=\"https:\/\/www.europesays.com\/es\/wp-content\/uploads\/2025\/09\/6ZBAY3UZFBGMJAF55UIY3ZTREY.jpg\" loading=\"lazy\"\/>Barack Obama recibe el premio Sylvanus Thayer, en 2024.West Point AOG<\/p>\n<p class=\"\">El a\u00f1o pasado fue el presidente Barack Obama quien recibi\u00f3 el premio Sylvanus Thayer \u2014llamado as\u00ed en honor a un superintendente de la Academia de mediados del siglo XIX que est\u00e1 considerado el padre fundador de la formaci\u00f3n militar en EE UU\u2014, en una ceremonia que incluye un desfile militar y una cena de gala. El galard\u00f3n se entrega desde 1958, y lo han recibido presidentes como el propio Obama, Dwight Eisenhower (1961), Ronald Reagan (1989), George Bush (1994) o George W. Bush (2017), secretarios de Estado como Colin Powell (1998), Madeleine Albright (2013) y Condoleeza Rice (2014), y tambi\u00e9n el astronauta Neil Armstrong (1971), el periodista Walter Cronkite (1997) o actores como Bob Hope (1968) o Gary Sinise (2015).<\/p>\n","protected":false},"excerpt":{"rendered":"Como cada a\u00f1o, desde hace ya m\u00e1s de seis d\u00e9cadas, la prestigiosa de West Point, la Academia Militar&hellip;\n","protected":false},"author":2,"featured_media":101865,"comment_status":"","ping_status":"","sticky":false,"template":"","format":"standard","meta":{"footnotes":""},"categories":[42],"tags":[35845,1014,17,18,352,629,256,13,14,260,11,1505,61,62,63,64,19,20,29237,9,10,15,16,12,29549,21,22,65,66,67],"class_list":{"0":"post-101864","1":"post","2":"type-post","3":"status-publish","4":"format-standard","5":"has-post-thumbnail","7":"category-internacional","8":"tag-academia-militar","9":"tag-actores","10":"tag-breaking-news","11":"tag-breakingnews","12":"tag-donald-trump","13":"tag-estados-unidos","14":"tag-famosos","15":"tag-featured-news","16":"tag-featurednews","17":"tag-gente","18":"tag-headlines","19":"tag-hollywood","20":"tag-internacional","21":"tag-international","22":"tag-international-news","23":"tag-internationalnews","24":"tag-latest-news","25":"tag-latestnews","26":"tag-militares-carrera","27":"tag-news","28":"tag-noticias","29":"tag-noticias-destacadas","30":"tag-noticiasdestacadas","31":"tag-titulares","32":"tag-tom-hanks","33":"tag-ultimas-noticias","34":"tag-ultimasnoticias","35":"tag-world","36":"tag-world-news","37":"tag-worldnews"},"share_on_mastodon":{"url":"","error":""},"_links":{"self":[{"href":"https:\/\/www.europesays.com\/es\/wp-json\/wp\/v2\/posts\/101864","targetHints":{"allow":["GET"]}}],"collection":[{"href":"https:\/\/www.europesays.com\/es\/wp-json\/wp\/v2\/posts"}],"about":[{"href":"https:\/\/www.europesays.com\/es\/wp-json\/wp\/v2\/types\/post"}],"author":[{"embeddable":true,"href":"https:\/\/www.europesays.com\/es\/wp-json\/wp\/v2\/users\/2"}],"replies":[{"embeddable":true,"href":"https:\/\/www.europesays.com\/es\/wp-json\/wp\/v2\/comments?post=101864"}],"version-history":[{"count":0,"href":"https:\/\/www.europesays.com\/es\/wp-json\/wp\/v2\/posts\/101864\/revisions"}],"wp:featuredmedia":[{"embeddable":true,"href":"https:\/\/www.europesays.com\/es\/wp-json\/wp\/v2\/media\/101865"}],"wp:attachment":[{"href":"https:\/\/www.europesays.com\/es\/wp-json\/wp\/v2\/media?parent=101864"}],"wp:term":[{"taxonomy":"category","embeddable":true,"href":"https:\/\/www.europesays.com\/es\/wp-json\/wp\/v2\/categories?post=101864"},{"taxonomy":"post_tag","embeddable":true,"href":"https:\/\/www.europesays.com\/es\/wp-json\/wp\/v2\/tags?post=101864"}],"curies":[{"name":"wp","href":"https:\/\/api.w.org\/{rel}","templated":true}]}}