{"id":101870,"date":"2025-09-08T19:51:08","date_gmt":"2025-09-08T19:51:08","guid":{"rendered":"https:\/\/www.europesays.com\/es\/101870\/"},"modified":"2025-09-08T19:51:08","modified_gmt":"2025-09-08T19:51:08","slug":"balonmano-bada-huesca-la-permanencia-del-bada-huesca-carrera-de-fondo-cada-punto-va-a-ser-valiosisimo","status":"publish","type":"post","link":"https:\/\/www.europesays.com\/es\/101870\/","title":{"rendered":"Balonmano | Bada Huesca | La permanencia del Bada Huesca, carrera de fondo: \u00abCada punto va a ser valios\u00edsimo\u00bb"},"content":{"rendered":"<p class=\"ft-text\">A las puertas del estreno liguero, <strong>Jos\u00e9 Francisco Nolasco, el entrenador del Bada Huesca, es realista y prudente<\/strong>. \u00abLa pretemporada ha sido tan exigente como siempre, aunque hemos hecho pocas incorporaciones, las salidas han sido de jugadores con una personalidad muy concreta, <strong>por lo que hemos tenido que replantearnos el juego<\/strong>\u00ab, comenta Nolasco. Esto ha exigido una adaptaci\u00f3n no solo t\u00e1ctica, sino tambi\u00e9n emocional: \u00abHemos utilizado estas semanas para <strong>encontrar esa nueva personalidad del equipo<\/strong>\u00ab.<\/p>\n<p class=\"ft-text\">A nivel f\u00edsico, el t\u00e9cnico no muestra preocupaci\u00f3n. \u00abSon verdaderos profesionales. <strong>La preparaci\u00f3n f\u00edsica no es un obst\u00e1culo<\/strong>, lo dif\u00edcil est\u00e1 en consolidar ideas en ataque y defensa\u00bb, explica. De hecho, el equipo ha disputado varios encuentros amistosos en verano, que han servido para afianzar esos conceptos.<\/p>\n<p class=\"ft-text\">El Bada Huesca empieza la temporada con una baja de peso: <strong>Meris Bosnjak, uno de los jugadores clave, estar\u00e1 fuera de la pista al menos cuatro meses por lesi\u00f3n<\/strong>. \u00abEs un contratiempo importante. Nos hace perder potencial y nos obliga a reajustar los roles\u00bb, admite Nolasco. A la baja de Bosnjak se suman otros tres jugadores (Alfonso Rodr\u00edguez, Carlos Molina y Bruno Garc\u00eda), que se espera puedan reincorporarse en un par de meses. El t\u00e9cnico es consciente de la dificultad que supone empezar la temporada con la plantilla incompleta: \u00ab<strong>Esto complica el d\u00eda a d\u00eda, porque obliga a modificar la idea inicial de juego. Pero son jugadores capaces de adaptarse<\/strong>\u00ab.<\/p>\n<p class=\"ft-text\"><strong>Nolasco tiene clara que la meta principal del Bada Huesca ser\u00e1 la permanencia<\/strong>: \u00abVa a ser una Liga muy igualada. Muchos equipos no se dan cuenta, pero su principal objetivo ser\u00e1 evitar el descenso. Nosotros lo sabemos bien por lo que nos pas\u00f3 la temporada pasada con las lesiones y <strong>ahora el primer objetivo es asentarnos en la categor\u00eda<\/strong>\u00ab. El regreso de los lesionados a corto plazo puede suponer un importante salto de calidad. \u00ab<strong>Cuando se reincorporen esos tres jugadores, el nivel general del equipo subir\u00e1<\/strong>. Eso genera expectativas positivas, pero nunca debemos perder de vista nuestro verdadero objetivo\u00bb, afirma.<\/p>\n<p class=\"ft-text\">Uno de los cambios respecto a la campa\u00f1a pasada es la <strong>ampliaci\u00f3n del n\u00famero de jugadores<\/strong>. \u00abPartimos con 19 del primer equipo, m\u00e1s varios canteranos. Son tres m\u00e1s que el a\u00f1o pasado\u00bb, y respecto a la mentalidad del grupo a\u00f1ade: \u00ab<strong>Tenemos que afrontar cada partido como si fuera una final<\/strong>. La temporada pasada aprendimos que no podemos dejar que los puntos se decidan al azar. Debemos llegar con un margen que incline la balanza a nuestro favor\u00bb, recalca.<\/p>\n<p class=\"ft-text\">La clave, seg\u00fan el entrenador, estar\u00e1 en mantener la l\u00ednea de trabajo que mostr\u00f3 el equipo en la segunda vuelta de la temporada pasada: \u00ab<strong>Los jugadores que siguen del a\u00f1o pasado tienen que continuar con esa mentalidad. Cada punto va a ser valios\u00edsimo<\/strong>\u00ab, apunta.<\/p>\n<p class=\"ft-text\"><strong>El primer encuentro de la temporada ser\u00e1 este pr\u00f3ximo domingo frente al Valladolid en el pabell\u00f3n Huerta del Rey<\/strong>. Para Nolasco, es una buena oportunidad para que los jugadores se liberen de la presi\u00f3n del comienzo de la 25-26. \u00abPrefiero empezar fuera de casa. Te quitas un punto de nervios y se lo pasas al rival. Adem\u00e1s, <strong>en la primera jornada siempre hay equipos que dan la sorpresa y nosotros queremos ser uno de ellos<\/strong>\u00ab, cuenta el t\u00e9cnico.<\/p>\n<p class=\"ft-text\">Adem\u00e1s, destaca la importancia de obtener la victoria frente al equipo vallisoletano: \u00abTenemos que intentar que esta jornada sea m\u00e1s favorable que si estuvi\u00e9ramos en mitad de la temporada, cuando todo est\u00e1 m\u00e1s asentado\u00bb. El Bada Huesca <strong>tiene que conseguir la permanencia y \u00abuna vez conseguida, ya pensaremos en cotas m\u00e1s altas\u00bb<\/strong>, concluye Nolasco.<\/p>\n","protected":false},"excerpt":{"rendered":"A las puertas del estreno liguero, Jos\u00e9 Francisco Nolasco, el entrenador del Bada Huesca, es realista y prudente.&hellip;\n","protected":false},"author":2,"featured_media":101871,"comment_status":"","ping_status":"","sticky":false,"template":"","format":"standard","meta":{"footnotes":""},"categories":[278],"tags":[2321,6256,376,4860,168,25,24,11657,375,1265,5544,1045,7208,23,167],"class_list":{"0":"post-101870","1":"post","2":"type-post","3":"status-publish","4":"format-standard","5":"has-post-thumbnail","7":"category-balonmano","8":"tag-bada","9":"tag-bada-huesca","10":"tag-balonmano","11":"tag-carrera","12":"tag-deportes","13":"tag-es","14":"tag-espana","15":"tag-fondo","16":"tag-handball","17":"tag-huesca","18":"tag-igualada","19":"tag-partido","20":"tag-permanencia","21":"tag-spain","22":"tag-sports"},"share_on_mastodon":{"url":"","error":""},"_links":{"self":[{"href":"https:\/\/www.europesays.com\/es\/wp-json\/wp\/v2\/posts\/101870","targetHints":{"allow":["GET"]}}],"collection":[{"href":"https:\/\/www.europesays.com\/es\/wp-json\/wp\/v2\/posts"}],"about":[{"href":"https:\/\/www.europesays.com\/es\/wp-json\/wp\/v2\/types\/post"}],"author":[{"embeddable":true,"href":"https:\/\/www.europesays.com\/es\/wp-json\/wp\/v2\/users\/2"}],"replies":[{"embeddable":true,"href":"https:\/\/www.europesays.com\/es\/wp-json\/wp\/v2\/comments?post=101870"}],"version-history":[{"count":0,"href":"https:\/\/www.europesays.com\/es\/wp-json\/wp\/v2\/posts\/101870\/revisions"}],"wp:featuredmedia":[{"embeddable":true,"href":"https:\/\/www.europesays.com\/es\/wp-json\/wp\/v2\/media\/101871"}],"wp:attachment":[{"href":"https:\/\/www.europesays.com\/es\/wp-json\/wp\/v2\/media?parent=101870"}],"wp:term":[{"taxonomy":"category","embeddable":true,"href":"https:\/\/www.europesays.com\/es\/wp-json\/wp\/v2\/categories?post=101870"},{"taxonomy":"post_tag","embeddable":true,"href":"https:\/\/www.europesays.com\/es\/wp-json\/wp\/v2\/tags?post=101870"}],"curies":[{"name":"wp","href":"https:\/\/api.w.org\/{rel}","templated":true}]}}