{"id":101924,"date":"2025-09-08T20:27:13","date_gmt":"2025-09-08T20:27:13","guid":{"rendered":"https:\/\/www.europesays.com\/es\/101924\/"},"modified":"2025-09-08T20:27:13","modified_gmt":"2025-09-08T20:27:13","slug":"ricky-martin-recibe-el-primer-latin-icon-award","status":"publish","type":"post","link":"https:\/\/www.europesays.com\/es\/101924\/","title":{"rendered":"Ricky Martin recibe el primer Latin Icon Award"},"content":{"rendered":"<p class=\"paragraph larva \/\/ lrv-u-margin-lr-auto  lrv-a-font-body-m   \">\n\tLa gran noche de <a href=\"https:\/\/www.billboard.com\/artist\/ricky-martin\/\" rel=\"nofollow noopener\" target=\"_blank\">Ricky Martin<\/a> en los VMAs 2025 el domingo (7 de septiembre) comenz\u00f3 con una presentaci\u00f3n especial de <a href=\"https:\/\/www.billboard.com\/artist\/j-balvin\/\" rel=\"nofollow noopener\" target=\"_blank\">J Balvin<\/a>, quien dio un emotivo discurso sobre la influencia y el legado de la superestrella puertorrique\u00f1a. \u201cRicky Martin no solo prepar\u00f3 el terreno para la conquista latina, sino que lo construy\u00f3 desde cero\u201d, dijo Balvin. \u201c\u00c9l me inspir\u00f3 a m\u00ed y a muchos latinos. Si no fuera por \u00e9l, yo no estar\u00eda aqu\u00ed\u201d.<\/p>\n<p>\t\t\t\t\tExplorar\t\t<\/p>\n<p>\t\t\t<a href=\"https:\/\/www.billboard.com\/artist\/ricky-martin\" class=\"c-lazy-image__link lrv-a-unstyle-link\" rel=\"nofollow noopener\" target=\"_blank\"><\/p>\n<p>\t\t\t\t\t\t<img class=\"c-lazy-image__img lrv-u-background-color-grey-lightest lrv-u-width-100p lrv-u-display-block lrv-u-height-auto\" src=\"\" data-lazy-src=\"\" alt=\"\" data-lazy- data-lazy- height=\"\" width=\"\" decoding=\"async\"\/><\/p>\n<p>\t\t\t<\/a><\/p>\n<p class=\"c-tagline    lrv-u-text-transform-uppercase lrv-u-color-black u-padding-t-13 lrv-u-padding-b-2 lrv-u-margin-tb-00 lrv-u-text-align-center lrv-u-border-t-1 lrv-u-border-color-black lrv-u-width-100p a-bbesp-font-secondary-fancy-xs@desktop a-bbesp-font-primary-m@mobile-max u-letter-spacing-0041@desktop u-letter-spacing-0656@mobile-max u-line-height-10px@desktop u-line-height-12px@mobile-max\">Vea los \u00faltimos videos, gr\u00e1ficos y noticias<\/p>\n<p class=\"paragraph larva \/\/ lrv-u-margin-lr-auto  lrv-a-font-body-m   \">\n\tPoco despu\u00e9s, el hombre del momento, que tambi\u00e9n fue galardonado con el primer Latin Icon Award, subi\u00f3 al escenario vestido con un traje especial para la ocasi\u00f3n: una elegante chaqueta blanca, pantalones negros y un pa\u00f1uelo al cuello. Acab\u00f3 quit\u00e1ndose algunas de esas prendas y, mientras lo hac\u00eda, interpret\u00f3 un popurr\u00ed de grandes \u00e9xitos, comenzando con \u201cLivin\u2019 La Vida Loca\u201d.<\/p>\n<p class=\"paragraph larva \/\/ lrv-u-margin-lr-auto  lrv-a-font-body-m   \">\n\tAcompa\u00f1ado por una banda completa y un grupo de bailarines, Ricky Martin ofreci\u00f3 una actuaci\u00f3n fascinante, cantando en ingl\u00e9s y espa\u00f1ol, y ejecutando envidiables pasos de baile que demuestran lo din\u00e1mico que es sobre el escenario. Entre los \u00e9xitos se encontraban \u201cP\u00e9gate\u201d, \u201cShake Your Bon-Bon\u201d, \u201cVente pa\u2019ca\u201d, \u201cMar\u00eda\u201d y \u201cThe Cup of Life\u201d, que hizo que Ariana Grande se pusiera de pie, cantara y aplaudiera al ritmo del himno de f\u00fatbol.<\/p>\n<p class=\"paragraph larva \/\/ lrv-u-margin-lr-auto  lrv-a-font-body-m   \">\n\tDespu\u00e9s de terminar su actuaci\u00f3n, Jessica Simpson subi\u00f3 al escenario para presentarle el premio. \u201cEn 1999, cuando yo estaba empezando, la estrella del pop m\u00e1s grande del mundo me pidi\u00f3 que fuera su telonera en su gira Livin\u2019 La Vida Loca. Fue un sue\u00f1o hecho realidad\u201d, dijo. Martin ocup\u00f3 entonces el centro del escenario para pronunciar un breve pero emotivo discurso y aceptar el homenaje especial.<\/p>\n<p class=\"paragraph larva \/\/ lrv-u-margin-lr-auto  lrv-a-font-body-m   \">\n\t\u201cEsto es muy sencillo, esto es para todos ustedes. Muchas gracias por sus aplausos\u201d, dijo con una sonrisa de oreja a oreja. \u201cSoy adicto a sus aplausos, por eso sigo subiendo al escenario. No solo ustedes aqu\u00ed en Estados Unidos, sino en todo el mundo. Han pasado 40 a\u00f1os. Empec\u00e9 cuando era un beb\u00e9 y seguimos aqu\u00ed. Solo queremos unir pa\u00edses, romper fronteras y mantener viva la m\u00fasica\u201d.<\/p>\n<p class=\"paragraph larva \/\/ lrv-u-margin-lr-auto  lrv-a-font-body-m   \">\n\tTambi\u00e9n dedic\u00f3 el premio a sus hijos. \u201cTodo lo que hago, lo hago pensando en ustedes y con ustedes en mi coraz\u00f3n\u201d.<\/p>\n<p class=\"paragraph larva \/\/ lrv-u-margin-lr-auto  lrv-a-font-body-m   \">\n\tLa actuaci\u00f3n especial de Martin en los Premios MTV a los Videos Musicales el domingo en el UBS Arena de Nueva York marc\u00f3 el aniversario n\u00famero 26 de su primera actuaci\u00f3n en los VMAs, durante la cual interpret\u00f3 \u201cShe\u2019s All I Ever Had\u201d y \u201cLivin\u2019 La Vida Loca\u201d.<\/p>\n<p class=\"paragraph larva \/\/ lrv-u-margin-lr-auto  lrv-a-font-body-m   \">\n\tMira su actuaci\u00f3n del domingo a continuaci\u00f3n:<\/p>\n","protected":false},"excerpt":{"rendered":"La gran noche de Ricky Martin en los VMAs 2025 el domingo (7 de septiembre) comenz\u00f3 con una&hellip;\n","protected":false},"author":2,"featured_media":101925,"comment_status":"","ping_status":"","sticky":false,"template":"","format":"standard","meta":{"footnotes":""},"categories":[170],"tags":[146,147,25,24,9834,26631,184,185,25201,23],"class_list":{"0":"post-101924","1":"post","2":"type-post","3":"status-publish","4":"format-standard","5":"has-post-thumbnail","7":"category-musica","8":"tag-entertainment","9":"tag-entretenimiento","10":"tag-es","11":"tag-espana","12":"tag-genre-espau00f1ol","13":"tag-mtv-vmas-espanol","14":"tag-music","15":"tag-musica","16":"tag-premios-espau00f1ol","17":"tag-spain"},"share_on_mastodon":{"url":"","error":""},"_links":{"self":[{"href":"https:\/\/www.europesays.com\/es\/wp-json\/wp\/v2\/posts\/101924","targetHints":{"allow":["GET"]}}],"collection":[{"href":"https:\/\/www.europesays.com\/es\/wp-json\/wp\/v2\/posts"}],"about":[{"href":"https:\/\/www.europesays.com\/es\/wp-json\/wp\/v2\/types\/post"}],"author":[{"embeddable":true,"href":"https:\/\/www.europesays.com\/es\/wp-json\/wp\/v2\/users\/2"}],"replies":[{"embeddable":true,"href":"https:\/\/www.europesays.com\/es\/wp-json\/wp\/v2\/comments?post=101924"}],"version-history":[{"count":0,"href":"https:\/\/www.europesays.com\/es\/wp-json\/wp\/v2\/posts\/101924\/revisions"}],"wp:featuredmedia":[{"embeddable":true,"href":"https:\/\/www.europesays.com\/es\/wp-json\/wp\/v2\/media\/101925"}],"wp:attachment":[{"href":"https:\/\/www.europesays.com\/es\/wp-json\/wp\/v2\/media?parent=101924"}],"wp:term":[{"taxonomy":"category","embeddable":true,"href":"https:\/\/www.europesays.com\/es\/wp-json\/wp\/v2\/categories?post=101924"},{"taxonomy":"post_tag","embeddable":true,"href":"https:\/\/www.europesays.com\/es\/wp-json\/wp\/v2\/tags?post=101924"}],"curies":[{"name":"wp","href":"https:\/\/api.w.org\/{rel}","templated":true}]}}