{"id":101926,"date":"2025-09-08T20:29:14","date_gmt":"2025-09-08T20:29:14","guid":{"rendered":"https:\/\/www.europesays.com\/es\/101926\/"},"modified":"2025-09-08T20:29:14","modified_gmt":"2025-09-08T20:29:14","slug":"el-athletic-confirma-la-lesion-moderada-de-nico-williams","status":"publish","type":"post","link":"https:\/\/www.europesays.com\/es\/101926\/","title":{"rendered":"El Athletic confirma la lesi\u00f3n \u00abmoderada\u00bb de Nico Williams"},"content":{"rendered":"<p>\n        Ya se sab\u00eda que <a href=\"https:\/\/www.deia.eus\/tags\/nico-williams\/\" title=\"Nico Williams\" class=\"link copy\" rel=\"nofollow noopener\" target=\"_blank\">Nico Williams<\/a> ten\u00eda algo en la ingle izquierda. Fue a donde el extremo rojiblanco se ech\u00f3 mano nada m\u00e1s irse al suelo <strong>en el encuentro que enfrent\u00f3 a Espa\u00f1a con Turqu\u00eda<\/strong> el pasado domingo. Y tras las pruebas m\u00e9dicas realizadas por el Athletic, <strong>el parte m\u00e9dico es claro: \u00abSufre una lesi\u00f3n muscular moderada en la musculatura aductora izquierda\u00bb.<\/strong>\n<\/p>\n<p class=\"article-body__text \">\n        El propio club determina que<strong> su situaci\u00f3n queda \u00abpendiente de evoluci\u00f3n\u00bb y, por lo tanto, no estima un periodo concreto de baja<\/strong>. Sin embargo, en estos casos los jugadores suelen necesitar <strong>entre dos y seis semanas<\/strong> para poder volver al terreno de juego en plenas condiciones.\n<\/p>\n<blockquote class=\"twitter-tweet\" data-lang=\"es\">\n<p lang=\"es\" dir=\"ltr\">El primer tiempo de la <a href=\"https:\/\/twitter.com\/SEFutbol?ref_src=twsrc%5Etfw\" rel=\"nofollow noopener\" target=\"_blank\">@SEFutbol<\/a> solo ha dejado una mala noticia.<\/p>\n<p>Nico Williams se tuvo que retirar antes del descanso aquejado de molestias f\u00edsicas. <a href=\"https:\/\/twitter.com\/hashtag\/SeleccionRTVE?src=hash&amp;ref_src=twsrc%5Etfw\" rel=\"nofollow noopener\" target=\"_blank\">#SeleccionRTVE<\/a> <a href=\"https:\/\/twitter.com\/hashtag\/WCQ2026?src=hash&amp;ref_src=twsrc%5Etfw\" rel=\"nofollow noopener\" target=\"_blank\">#WCQ2026<\/a> <a href=\"https:\/\/t.co\/Lgd2TxWSx5\" rel=\"nofollow\">pic.twitter.com\/Lgd2TxWSx5<\/a><\/p>\n<p>\u2014 Teledeporte (@teledeporte) <a href=\"https:\/\/twitter.com\/teledeporte\/status\/1964777460740104301?ref_src=twsrc%5Etfw\" rel=\"nofollow noopener\" target=\"_blank\">7 de septiembre de 2025<\/a><\/p><\/blockquote>\n<p class=\"article-body__text \">\n        De esta forma, el menor de los Williams <strong>se cae seguro del derbi ante el Alav\u00e9s del s\u00e1bado<\/strong> (18.30 horas) <strong>y del estreno en la Champions League<\/strong> ante<a href=\"https:\/\/www.deia.eus\/athletic\/2025\/08\/30\/athletic-debutara-champions-arsenal-san-mames-10027695.html\" title=\" el Arsenal del pr\u00f3ximo martes\" class=\"link copy\" rel=\"nofollow noopener\" target=\"_blank\"> el Arsenal del pr\u00f3ximo martes<\/a> (18.45 horas). Y parece tambi\u00e9n<strong> seria duda para los duelos ligueros de Valencia, Girona y Villarreal <\/strong>y llegar\u00eda, si llega,<strong> muy justo a la segunda jornada europea ante el Borussia Dortmund.<\/strong>\n<\/p>\n<p>  <strong>Titular en los dos partidos con Espa\u00f1a<\/strong><\/p>\n<p class=\"article-body__text \">\n        Ya lo adelant\u00f3 el seleccionador estatal, <strong>Luis de la Fuente, <\/strong><a href=\"https:\/\/www.deia.eus\/athletic\/2025\/09\/07\/alarma-athletic-nico-williams-lesiona-10056317.html\" title=\"al t\u00e9rmino de la goleada de Espa\u00f1a frente a Turqu\u00eda (0-6)\" class=\"link copy\" rel=\"nofollow noopener\" target=\"_blank\">al t\u00e9rmino de la goleada de Espa\u00f1a frente a Turqu\u00eda (0-6)<\/a>: \u00abDesgraciadamente es una pena esta circunstancia.<strong> Tiene una peque\u00f1a molestia en el abductor <\/strong>y se tiene que hacer pruebas pero <strong>parece un problema muscular\u00bb<\/strong>. Estas declaraciones llegaron despu\u00e9s de que <strong>Nico tuviera que ser sustituido al filo del descanso, <\/strong>cuando estaba siendo uno de los m\u00e1s destacados, por Ferr\u00e1n Torres.\n<\/p>\n<p class=\"article-body__text \">\n        El extremo del <a href=\"https:\/\/www.deia.eus\/tags\/athletic\/\" title=\"Athletic\" class=\"link copy\" rel=\"nofollow noopener\" target=\"_blank\"><strong>Athletic <\/strong><\/a><strong>se tir\u00f3 al suelo al sentir unas molestias en el abductor izquierdo y enseguida pidi\u00f3 el cambio. <\/strong>Esto ocurri\u00f3 despu\u00e9s de que De la Fuente le colocara como titular en los <a href=\"https:\/\/www.deia.eus\/athletic\/2025\/08\/29\/triple-presencia-rojiblanca-camino-mundial-10025136.html\" title=\"dos encuentros clasificatorios para el Mundial 2026, ante Bulgaria y ante Turqu\u00eda, \" class=\"link copy\" rel=\"nofollow noopener\" target=\"_blank\">dos encuentros clasificatorios para el Mundial 2026, ante Bulgaria y ante Turqu\u00eda, <\/a><strong>con apenas tres d\u00edas de descanso. <\/strong>En total,<strong> Nico disput\u00f3 alrededor de 110 minutos<\/strong> que hubieran sido m\u00e1s sino hubiera ca\u00eddo lesionado.\n<\/p>\n<p class=\"article-body__text \">\n        Sea como fuere, la musculatura aductora le trae al menor de los Williams por la calle de la amargura. Y es que<strong> Ernesto Valverde ya anunci\u00f3 al final de la temporada pasada que el 10 del Athletic arrastraba una pubalgia<\/strong> que le oblig\u00f3 a ausentarse en varios encuentros clave, como el liguero <strong>ante el Real Madrid o el de Europa ante el United en Old Trafford.<\/strong>\n<\/p>\n<p>            <script async src=\"https:\/\/platform.twitter.com\/widgets.js\" charset=\"utf-8\"><\/script><\/p>\n","protected":false},"excerpt":{"rendered":"Ya se sab\u00eda que Nico Williams ten\u00eda algo en la ingle izquierda. Fue a donde el extremo rojiblanco&hellip;\n","protected":false},"author":2,"featured_media":101927,"comment_status":"","ping_status":"","sticky":false,"template":"","format":"standard","meta":{"footnotes":""},"categories":[93],"tags":[2182,1779,168,25,24,8252,17841,1446,23,167],"class_list":{"0":"post-101926","1":"post","2":"type-post","3":"status-publish","4":"format-standard","5":"has-post-thumbnail","7":"category-deportes","8":"tag-athletic","9":"tag-confirma","10":"tag-deportes","11":"tag-es","12":"tag-espana","13":"tag-lesion","14":"tag-moderada","15":"tag-nico","16":"tag-spain","17":"tag-sports"},"share_on_mastodon":{"url":"","error":""},"_links":{"self":[{"href":"https:\/\/www.europesays.com\/es\/wp-json\/wp\/v2\/posts\/101926","targetHints":{"allow":["GET"]}}],"collection":[{"href":"https:\/\/www.europesays.com\/es\/wp-json\/wp\/v2\/posts"}],"about":[{"href":"https:\/\/www.europesays.com\/es\/wp-json\/wp\/v2\/types\/post"}],"author":[{"embeddable":true,"href":"https:\/\/www.europesays.com\/es\/wp-json\/wp\/v2\/users\/2"}],"replies":[{"embeddable":true,"href":"https:\/\/www.europesays.com\/es\/wp-json\/wp\/v2\/comments?post=101926"}],"version-history":[{"count":0,"href":"https:\/\/www.europesays.com\/es\/wp-json\/wp\/v2\/posts\/101926\/revisions"}],"wp:featuredmedia":[{"embeddable":true,"href":"https:\/\/www.europesays.com\/es\/wp-json\/wp\/v2\/media\/101927"}],"wp:attachment":[{"href":"https:\/\/www.europesays.com\/es\/wp-json\/wp\/v2\/media?parent=101926"}],"wp:term":[{"taxonomy":"category","embeddable":true,"href":"https:\/\/www.europesays.com\/es\/wp-json\/wp\/v2\/categories?post=101926"},{"taxonomy":"post_tag","embeddable":true,"href":"https:\/\/www.europesays.com\/es\/wp-json\/wp\/v2\/tags?post=101926"}],"curies":[{"name":"wp","href":"https:\/\/api.w.org\/{rel}","templated":true}]}}