{"id":101938,"date":"2025-09-08T20:35:10","date_gmt":"2025-09-08T20:35:10","guid":{"rendered":"https:\/\/www.europesays.com\/es\/101938\/"},"modified":"2025-09-08T20:35:10","modified_gmt":"2025-09-08T20:35:10","slug":"hallan-pavos-muertos-en-una-escuela-infantil-ubicada-junto-al-alcazar-de-sevilla-cerrado-por-un-brote-de-gripe-aviar","status":"publish","type":"post","link":"https:\/\/www.europesays.com\/es\/101938\/","title":{"rendered":"Hallan pavos muertos en una escuela infantil ubicada junto al Alc\u00e1zar de Sevilla, cerrado por un brote de gripe aviar"},"content":{"rendered":"<p class=\"article-text\">\n        Al menos dos ejemplares de pavos muertos han sido hallados este viernes en la Escuela Infantil (EI) Mar\u00eda Inmaculada de Sevilla, que se encuentra en las inmediaciones del Real Alc\u00e1zar.\n    <\/p>\n<p>    <a href=\"https:\/\/www.eldiario.es\/andalucia\/gobierno-andaluz-pide-alcaldes-cierre-temporal-parques-casos-gripe-aviar-lista-personas-expuestas_1_12582161.html\" data-mrf-recirculation=\"saber-mas\" data-dl-event=\"saber-mas\" rel=\"nofollow noopener\" target=\"_blank\"><\/p>\n<p class=\"know-more__title\">El Gobierno andaluz pide a los alcaldes el \u00abcierre temporal\u00bb de parques con casos de gripe aviar y la lista de personas expuestas<\/p>\n<p>            <img decoding=\"async\" class=\"lazy\" loading=\"lazy\" data-src=\"https:\/\/static.eldiario.es\/clip\/ba328912-cb49-4129-8ffd-d9ef9e8a594b_16-9-aspect-ratio_default_0.jpg\" src=\"data:image\/svg+xml,%3Csvg xmlns=\" http:=\"\" viewbox=\"0 0 880 495\" alt=\"El Gobierno andaluz pide a los alcaldes el &quot;cierre temporal&quot; de parques con casos de gripe aviar y la lista de personas expuestas\"\/><\/p>\n<p>                        <\/a><\/p>\n<p class=\"article-text\">\n        Seg\u00fan han confirmado los Servicios de Emergencias 112 a Europa Press, el incidente tuvo lugar sobre las 7:40 horas de este lunes, cuando recibieron un aviso que alertaba de la presencia de animales muertos en el centro. En ese momento, se activaron los servicios de la Polic\u00eda Local, as\u00ed como otros efectivos de Emergencias Sevilla.\n    <\/p>\n<p class=\"article-text\">\n        Cabe recordar que <a href=\"https:\/\/www.eldiario.es\/sevilla\/cierre-preventivo-jardines-alcazar-parque-miraflores-sevilla-aparecer-aves-muertas_1_12578120.html\" data-mrf-recirculation=\"links-noticia\" class=\"link\" rel=\"nofollow noopener\" target=\"_blank\">los jardines del Real Alc\u00e1zar se encuentran cerrados al p\u00fablico desde el pasado jueves 4 de septiembre<\/a>, despu\u00e9s de que aparecieran los cuerpos sin vida de una hembra de pava real adulta y un pato. Todo ello en el marco del <a href=\"https:\/\/www.eldiario.es\/andalucia\/sostenibilidad\/brote-gripe-aviar-activa-alarmas-malaga-sevilla-criticas-dejacion-funciones-municipal_1_12576439.html\" data-mrf-recirculation=\"links-noticia\" class=\"link\" rel=\"nofollow noopener\" target=\"_blank\">brote de gripe aviar que se ha detectado en\u00a0jardines y parques p\u00fablicos de Sevilla capital o M\u00e1laga,<\/a> y que <a href=\"https:\/\/www.eldiario.es\/andalucia\/confirmacion-donana-tres-casos-gripe-aviar-aves-silvestres-dispara-alertas-obliga-reforzar-controles_1_12585974.html\" data-mrf-recirculation=\"links-noticia\" class=\"link\" rel=\"nofollow noopener\" target=\"_blank\">afecta tambi\u00e9n al Espacio Natural de Do\u00f1ana<\/a>.\n    <\/p>\n<p>    Cierre preventivo de parques y jardines<\/p>\n<p class=\"article-text\">\n        El Gobierno andaluz <a href=\"https:\/\/www.eldiario.es\/andalucia\/gobierno-andaluz-pide-alcaldes-cierre-temporal-parques-casos-gripe-aviar-lista-personas-expuestas_1_12582161.html\" data-mrf-recirculation=\"links-noticia\" class=\"link\" rel=\"nofollow noopener\" target=\"_blank\">ha instado a los ayuntamientos de los municipios afectados a cerrar temporalmente\u00a0los parques<\/a> donde se hallaron las primeras aves muertas, colocar carteles advirtiendo de los riesgos y entregar a la Consejer\u00eda de Salud del Gobierno andaluz un listado con las personas que hayan estado expuestas al foco de contagio.\n    <\/p>\n<p class=\"article-text\">\n        En el caso de Sevilla, permanecen cerrados los parques donde se han detectado aves muertas \u2013el del Tamarguillo, el de Miraflores y los Jardines del Real Alc\u00e1zar. No obstante, desde el Grupo Municipal Socialista en el Ayuntamiento de Sevilla se insta al Gobierno de Jos\u00e9 Luis Sanz a cerrar tambi\u00e9n de forma preventiva el Parque de Mar\u00eda Luisa, \u201cdonde se concentran muchas palomas\u201d.\n    <\/p>\n<p class=\"article-text\">\n        El PSOE ha se\u00f1alado adem\u00e1s la falta de se\u00f1alizaci\u00f3n que indique la prohibici\u00f3n de dar de comer o beber a las aves, algo que \u201cest\u00e1n haciendo los usuarios sin tener informaci\u00f3n alguna\u201d. Asimismo, la concejala socialista Encarnaci\u00f3n Aguilar ha solicitado al Gobierno local informaci\u00f3n sobre qu\u00e9 datos ha facilitado a los trabajadores y a los sindicatos sobre las medidas de protecci\u00f3n y vigilancia que est\u00e1n llevando a cabo.\n    <\/p>\n<p class=\"article-text\">\n        Adem\u00e1s, ha enmarcado que el protocolo de la Junta de Andaluc\u00eda indica que la vigilancia y control de los parques es responsabilidad de los ayuntamientos, que deben \u201cestablecer medidas respecto al cuidado y mantenimiento de la avifauna, las condiciones de las l\u00e1minas de agua, la seguridad de los trabajadores y el p\u00fablico de estas zonas\u201d.\n    <\/p>\n<p>    <a href=\"https:\/\/www.eldiario.es\/andalucia\/confirmacion-donana-tres-casos-gripe-aviar-aves-silvestres-dispara-alertas-obliga-reforzar-controles_1_12585974.html\" data-mrf-recirculation=\"saber-mas-abajo\" data-dl-event=\"saber-mas-abajo\" rel=\"nofollow noopener\" target=\"_blank\"><\/p>\n<p class=\"know-more__title\">Tres casos de gripe aviar en Do\u00f1ana disparan las alertas y obligan a reforzar los controles\n<\/p>\n<p>            <img decoding=\"async\" class=\"lazy\" loading=\"lazy\" data-src=\"https:\/\/static.eldiario.es\/clip\/98d347e2-18a2-4142-b3c6-143772b65002_16-9-aspect-ratio_default_0.jpg\" src=\"data:image\/svg+xml,%3Csvg xmlns=\" http:=\"\" viewbox=\"0 0 880 495\" alt=\"Tres casos de gripe aviar en Do\u00f1ana disparan las alertas y obligan a reforzar los controles\"\/><\/p>\n<p>                        <\/a><\/p>\n<p class=\"article-text\">\n        Por todo ello, los socialistas han insistido en la \u201cnecesidad\u201d de colocar carteles que informen de las medidas de prevenci\u00f3n en los parques afectados por los episodios recientes.\n    <\/p>\n<p class=\"article-text\">\n        A trav\u00e9s de nuestro\u00a0<a href=\"https:\/\/t.me\/eldiarioand\" target=\"_blank\" data-mrf-recirculation=\"links-noticia\" class=\"link\" rel=\"nofollow\">canal en Telegram<\/a>\u00a0trasladamos de forma inmediata lo que ocurre en Andaluc\u00eda: \u00faltimas noticias que van aconteciendo, o donde, simplemente, te ofrecemos un resumen de la informaci\u00f3n m\u00e1s relevante del d\u00eda.\n    <\/p>\n<p class=\"article-text\">\n        <a href=\"https:\/\/t.me\/eldiarioand\" target=\"_blank\" data-mrf-recirculation=\"links-noticia\" class=\"link\" rel=\"nofollow\">Suscr\u00edbete a nuestro canal en este enlace<\/a>.\n    <\/p>\n","protected":false},"excerpt":{"rendered":"Al menos dos ejemplares de pavos muertos han sido hallados este viernes en la Escuela Infantil (EI) Mar\u00eda&hellip;\n","protected":false},"author":2,"featured_media":101939,"comment_status":"","ping_status":"","sticky":false,"template":"","format":"standard","meta":{"footnotes":""},"categories":[8],"tags":[1705,259,17,18,2760,3854,25,24,13,14,494,11,1667,19,20,3855,9,10,15,16,1925,1171,23,12,21,22],"class_list":{"0":"post-101938","1":"post","2":"type-post","3":"status-publish","4":"format-standard","5":"has-post-thumbnail","7":"category-espana","8":"tag-analisis","9":"tag-andalucia","10":"tag-breaking-news","11":"tag-breakingnews","12":"tag-cordoba","13":"tag-eldiario-es","14":"tag-es","15":"tag-espana","16":"tag-featured-news","17":"tag-featurednews","18":"tag-granada","19":"tag-headlines","20":"tag-informacion","21":"tag-latest-news","22":"tag-latestnews","23":"tag-malaga","24":"tag-news","25":"tag-noticias","26":"tag-noticias-destacadas","27":"tag-noticiasdestacadas","28":"tag-opinion","29":"tag-sevilla","30":"tag-spain","31":"tag-titulares","32":"tag-ultimas-noticias","33":"tag-ultimasnoticias"},"share_on_mastodon":{"url":"","error":""},"_links":{"self":[{"href":"https:\/\/www.europesays.com\/es\/wp-json\/wp\/v2\/posts\/101938","targetHints":{"allow":["GET"]}}],"collection":[{"href":"https:\/\/www.europesays.com\/es\/wp-json\/wp\/v2\/posts"}],"about":[{"href":"https:\/\/www.europesays.com\/es\/wp-json\/wp\/v2\/types\/post"}],"author":[{"embeddable":true,"href":"https:\/\/www.europesays.com\/es\/wp-json\/wp\/v2\/users\/2"}],"replies":[{"embeddable":true,"href":"https:\/\/www.europesays.com\/es\/wp-json\/wp\/v2\/comments?post=101938"}],"version-history":[{"count":0,"href":"https:\/\/www.europesays.com\/es\/wp-json\/wp\/v2\/posts\/101938\/revisions"}],"wp:featuredmedia":[{"embeddable":true,"href":"https:\/\/www.europesays.com\/es\/wp-json\/wp\/v2\/media\/101939"}],"wp:attachment":[{"href":"https:\/\/www.europesays.com\/es\/wp-json\/wp\/v2\/media?parent=101938"}],"wp:term":[{"taxonomy":"category","embeddable":true,"href":"https:\/\/www.europesays.com\/es\/wp-json\/wp\/v2\/categories?post=101938"},{"taxonomy":"post_tag","embeddable":true,"href":"https:\/\/www.europesays.com\/es\/wp-json\/wp\/v2\/tags?post=101938"}],"curies":[{"name":"wp","href":"https:\/\/api.w.org\/{rel}","templated":true}]}}