{"id":101942,"date":"2025-09-08T20:37:10","date_gmt":"2025-09-08T20:37:10","guid":{"rendered":"https:\/\/www.europesays.com\/es\/101942\/"},"modified":"2025-09-08T20:37:10","modified_gmt":"2025-09-08T20:37:10","slug":"balonmano-soria-presenta-su-camiseta-para-el-debut-en-plata","status":"publish","type":"post","link":"https:\/\/www.europesays.com\/es\/101942\/","title":{"rendered":"Balonmano Soria presenta su camiseta para el debut en Plata"},"content":{"rendered":"<p class=\"prip\">El Balonmano Soria ha presentado su nueva equipaci\u00f3n para la temporada 2025\/26, la primera del club en la Divisi\u00f3n de Honor Plata. Las camisetas, dise\u00f1adas por New Balance, incorporan s\u00edmbolos de la identidad soriana como San Saturio, el Pico Frentes y el Caballito de Soria. El equipo debutar\u00e1 en la categor\u00eda el pr\u00f3ximo 13 de septiembre en el Polideportivo San Andr\u00e9s.<\/p>\n<p class=\"prip\">El <strong>Balonmano Soria<\/strong> da un paso m\u00e1s en su preparaci\u00f3n para una temporada hist\u00f3rica. El club ha presentado esta ma\u00f1ana en el supermercado E.Leclerc de la capital la que ser\u00e1 su nueva equipaci\u00f3n oficial para la campa\u00f1a 2025\/26, con la que se estrenar\u00e1 en la <strong>Divisi\u00f3n de Honor Plata<\/strong>, la segunda categor\u00eda del balonmano nacional.<\/p>\n<p>El acto de presentaci\u00f3n ha contado con la presencia de varios jugadores del primer equipo, miembros de la directiva y aficionados, que han podido conocer de primera mano los nuevos dise\u00f1os. La puesta de largo de la equipaci\u00f3n marca un hito en la cuenta atr\u00e1s para el esperado debut del equipo en la nueva categor\u00eda.<\/p>\n<p>La nueva indumentaria, que el club ha definido como su \u201csegunda piel\u201d, ha sido dise\u00f1ada por la marca <strong>New Balance<\/strong>, patrocinador t\u00e9cnico de la entidad. La firma deportiva aportar\u00e1 calidad y un dise\u00f1o cuidado para vestir al equipo en este importante reto deportivo.<\/p>\n<p>Un dise\u00f1o con identidad soriana<\/p>\n<p>Las nuevas camisetas est\u00e1n cargadas de simbolismo y representan un claro gui\u00f1o a la identidad de Soria. El club ha querido plasmar en su equipaci\u00f3n elementos representativos de la provincia, buscando que los jugadores lleven consigo un pedazo de su tierra en cada partido que disputen lejos del San Andr\u00e9s.<\/p>\n<p>Los tres dise\u00f1os presentados incorporan los siguientes elementos:<\/p>\n<ul>\n<li><strong>Camisetas de juego:<\/strong> Incluyen referencias a <strong>San Saturio<\/strong> y al <strong>Pico Frentes<\/strong>, dos de los iconos m\u00e1s reconocibles de la capital soriana.<\/li>\n<p>&#13;<\/p>\n<li><strong>Camiseta de calentamiento:<\/strong> Presenta el <strong>Caballito de Soria<\/strong>, la emblem\u00e1tica f\u00edbula celtib\u00e9rica encontrada en las ruinas de Numancia.<\/li>\n<p>&#13;\n<\/ul>\n<p>\u201cEl dise\u00f1o refleja lo que somos y lo que queremos transmitir: competir con la fuerza de Soria en cada partido\u201d, se\u00f1alaron desde el club durante la presentaci\u00f3n, subrayando la importancia de llevar estos s\u00edmbolos por todo el territorio nacional.<\/p>\n<p>Cuenta atr\u00e1s para el debut en San Andr\u00e9s<\/p>\n<p>Con la presentaci\u00f3n de su nueva equipaci\u00f3n, el Balonmano Soria calienta motores para su estreno en la Divisi\u00f3n de Honor Plata. La primera jornada de liga est\u00e1 marcada en el calendario para el pr\u00f3ximo <strong>s\u00e1bado 13 de septiembre<\/strong>.<\/p>\n<p>El debut del conjunto soriano tendr\u00e1 lugar en el <strong>Polideportivo San Andr\u00e9s<\/strong>, donde recibir\u00e1 al <strong>HCEivissa<\/strong>. Ser\u00e1 la primera oportunidad para que la afici\u00f3n vea en acci\u00f3n al equipo con su nueva indumentaria en una temporada que se prev\u00e9 ilusionante y llena de desaf\u00edos.<\/p>\n","protected":false},"excerpt":{"rendered":"El Balonmano Soria ha presentado su nueva equipaci\u00f3n para la temporada 2025\/26, la primera del club en la&hellip;\n","protected":false},"author":2,"featured_media":101943,"comment_status":"","ping_status":"","sticky":false,"template":"","format":"standard","meta":{"footnotes":""},"categories":[278],"tags":[376,4392,168,25,24,23093,375,5229,35859,246,23,167,1152],"class_list":{"0":"post-101942","1":"post","2":"type-post","3":"status-publish","4":"format-standard","5":"has-post-thumbnail","7":"category-balonmano","8":"tag-balonmano","9":"tag-camiseta","10":"tag-deportes","11":"tag-es","12":"tag-espana","13":"tag-frentes","14":"tag-handball","15":"tag-historica","16":"tag-saturio","17":"tag-soria","18":"tag-spain","19":"tag-sports","20":"tag-temporada"},"share_on_mastodon":{"url":"","error":""},"_links":{"self":[{"href":"https:\/\/www.europesays.com\/es\/wp-json\/wp\/v2\/posts\/101942","targetHints":{"allow":["GET"]}}],"collection":[{"href":"https:\/\/www.europesays.com\/es\/wp-json\/wp\/v2\/posts"}],"about":[{"href":"https:\/\/www.europesays.com\/es\/wp-json\/wp\/v2\/types\/post"}],"author":[{"embeddable":true,"href":"https:\/\/www.europesays.com\/es\/wp-json\/wp\/v2\/users\/2"}],"replies":[{"embeddable":true,"href":"https:\/\/www.europesays.com\/es\/wp-json\/wp\/v2\/comments?post=101942"}],"version-history":[{"count":0,"href":"https:\/\/www.europesays.com\/es\/wp-json\/wp\/v2\/posts\/101942\/revisions"}],"wp:featuredmedia":[{"embeddable":true,"href":"https:\/\/www.europesays.com\/es\/wp-json\/wp\/v2\/media\/101943"}],"wp:attachment":[{"href":"https:\/\/www.europesays.com\/es\/wp-json\/wp\/v2\/media?parent=101942"}],"wp:term":[{"taxonomy":"category","embeddable":true,"href":"https:\/\/www.europesays.com\/es\/wp-json\/wp\/v2\/categories?post=101942"},{"taxonomy":"post_tag","embeddable":true,"href":"https:\/\/www.europesays.com\/es\/wp-json\/wp\/v2\/tags?post=101942"}],"curies":[{"name":"wp","href":"https:\/\/api.w.org\/{rel}","templated":true}]}}