{"id":101967,"date":"2025-09-08T20:54:07","date_gmt":"2025-09-08T20:54:07","guid":{"rendered":"https:\/\/www.europesays.com\/es\/101967\/"},"modified":"2025-09-08T20:54:07","modified_gmt":"2025-09-08T20:54:07","slug":"el-funeral-de-giorgio-armani-flores-blancas-y-62-invitados-en-rivalta","status":"publish","type":"post","link":"https:\/\/www.europesays.com\/es\/101967\/","title":{"rendered":"El funeral de Giorgio Armani: flores blancas y 62 invitados en Rivalta"},"content":{"rendered":"<p class=\"has-dropcap\">\u00abUn placentino ilustre que am\u00f3 profundamente a Rivalta. Quiso vivir este momento con sencillez y privacidad, pero con intensidad emocional y vinculado al misterio de Dios. <strong>Es muy hermoso que ante el sufrimiento y la muerte, eligiera la oraci\u00f3n y la sacralidad<\/strong>. Aqu\u00ed descansan sus seres queridos, y ahora \u00e9l se une a ellos\u00bb. Estas son las palabras, recogidas por el Corriere della Sera, del p\u00e1rroco <strong>Giuseppe Busani<\/strong>, que celebr\u00f3 el funeral de <a href=\"https:\/\/www.revistavanityfair.es\/articulos\/giorgio-armani-muerte-91-anos\" isautogenerated=\"true\" rel=\"nofollow noopener\" target=\"_blank\"><strong>Giorgio Armani<\/strong><\/a> en la iglesia de San Martino del pueblo de Rivalta, cerca de Piacenza.<\/p>\n<p>Se vieron flores blancas por todo el pueblo, tanto en forma de coronas en el exterior de la iglesia, como en las flores dentro de la c\u00e1mara funeraria y las que trajo <strong>Donatella Versace<\/strong>. El diario milan\u00e9s informaba de que tambi\u00e9n hab\u00eda rosas blancas en los caminos del peque\u00f1o cementerio donde descansar\u00e1n las cenizas del dise\u00f1ador, probablemente el mi\u00e9rcoles, junto a las tumbas de sus padres y de su hermano <strong>Sergio<\/strong>.<\/p>\n<p>Flores blancas en el funeral de Giorgio Armani.<\/p>\n<p>Valentina S. Frugiuele\/Getty Images<\/p>\n<p>El p\u00e1rroco hab\u00eda declarado por la ma\u00f1ana a la televisi\u00f3n italiana Rai Uno que \u00abel n\u00famero [de asistentes a la ceremonia] queda a elecci\u00f3n de la familia, ser\u00e1 en la intimidad: eso significa que el acento se pondr\u00e1 s\u00f3lo en la oraci\u00f3n y en la unidad de la familia y de los colaboradores. Su discreci\u00f3n y su deseo de vivir un momento \u00edntimo e intenso \u2014yo incluso lo llamar\u00eda religioso, sagrado\u2014 es realmente impresionante. Lo haremos, intentaremos hacerlo, en el estilo que nos ense\u00f1\u00f3 el maestro. Yo lo llamar\u00eda sencillez noble, para ser tambi\u00e9n reflejo de esa belleza que \u00e9l nos ense\u00f1\u00f3, de la que fue maestro. En la vida religiosa y en la experiencia de la oraci\u00f3n esto se trata ya como un don de la belleza de Dios Padre, de la que \u00e9l fue en cierto modo art\u00edfice, guardi\u00e1n, y que cultiv\u00f3 con gran genio\u00bb.<\/p>\n<p><strong>Al funeral asistieron 62 personas<\/strong>: sus familiares m\u00e1s cercanos, su hermana, sus nietos y bisnietos, <strong>Leo Dell&#8217;Orco<\/strong> [mano derecha de Armani y posible sucesor del emporio] sus colaboradores m\u00e1s pr\u00f3ximos, as\u00ed como algunos amigos. \u00abUna celebraci\u00f3n sobria en todos sus aspectos. Como \u00e9l nos ense\u00f1\u00f3. A su estilo. Una sencillez noble\u00bb, dijo el padre Giuseppe. Para la lectura se eligi\u00f3 un pasaje del Evangelio de San Juan sobre la promesa del reino de los cielos. La m\u00fasica: el Ave Mar\u00eda de <strong>Schubert<\/strong> y el R\u00e9quiem de <strong>Verdi<\/strong>. Durante la ceremonia se interrumpi\u00f3, por respeto, la m\u00fasica de la recepci\u00f3n nupcial que acababa de celebrarse. En la iglesia estaban <strong>Andrea Camerana<\/strong> [sobrino de Armani] con su esposa <strong>Alexia<\/strong> y sus hijas, <strong>Silvana<\/strong>, <strong>Rosanna<\/strong> y <strong>Roberta Armani<\/strong>, y <strong>Leo Dell&#8217;Orco<\/strong>. El f\u00e9retro sali\u00f3 de la iglesia escoltado por seis personas. <strong>El pueblo estaba blindado y acordonado, s\u00f3lo los residentes pod\u00edan entrar.<\/strong><\/p>\n<p>Art\u00edculo publicado en Vanity Fair Italia y adaptado. <a href=\"https:\/\/www.vanityfair.it\/article\/il-funerale-di-giorgio-armani-fiori-bianchi-e-62-invitati-a-rivalta\" rel=\"nofollow noopener\" target=\"_blank\">Lea el original aqu\u00ed.<\/a><\/p>\n","protected":false},"excerpt":{"rendered":"\u00abUn placentino ilustre que am\u00f3 profundamente a Rivalta. Quiso vivir este momento con sencillez y privacidad, pero con&hellip;\n","protected":false},"author":2,"featured_media":101968,"comment_status":"","ping_status":"","sticky":false,"template":"","format":"standard","meta":{"footnotes":""},"categories":[91],"tags":[4408,35865,146,147,25,24,33775,23],"class_list":{"0":"post-101967","1":"post","2":"type-post","3":"status-publish","4":"format-standard","5":"has-post-thumbnail","7":"category-entretenimiento","8":"tag-armani","9":"tag-donatella-versace","10":"tag-entertainment","11":"tag-entretenimiento","12":"tag-es","13":"tag-espana","14":"tag-giorgio-armani","15":"tag-spain"},"share_on_mastodon":{"url":"","error":""},"_links":{"self":[{"href":"https:\/\/www.europesays.com\/es\/wp-json\/wp\/v2\/posts\/101967","targetHints":{"allow":["GET"]}}],"collection":[{"href":"https:\/\/www.europesays.com\/es\/wp-json\/wp\/v2\/posts"}],"about":[{"href":"https:\/\/www.europesays.com\/es\/wp-json\/wp\/v2\/types\/post"}],"author":[{"embeddable":true,"href":"https:\/\/www.europesays.com\/es\/wp-json\/wp\/v2\/users\/2"}],"replies":[{"embeddable":true,"href":"https:\/\/www.europesays.com\/es\/wp-json\/wp\/v2\/comments?post=101967"}],"version-history":[{"count":0,"href":"https:\/\/www.europesays.com\/es\/wp-json\/wp\/v2\/posts\/101967\/revisions"}],"wp:featuredmedia":[{"embeddable":true,"href":"https:\/\/www.europesays.com\/es\/wp-json\/wp\/v2\/media\/101968"}],"wp:attachment":[{"href":"https:\/\/www.europesays.com\/es\/wp-json\/wp\/v2\/media?parent=101967"}],"wp:term":[{"taxonomy":"category","embeddable":true,"href":"https:\/\/www.europesays.com\/es\/wp-json\/wp\/v2\/categories?post=101967"},{"taxonomy":"post_tag","embeddable":true,"href":"https:\/\/www.europesays.com\/es\/wp-json\/wp\/v2\/tags?post=101967"}],"curies":[{"name":"wp","href":"https:\/\/api.w.org\/{rel}","templated":true}]}}