{"id":101973,"date":"2025-09-08T20:58:08","date_gmt":"2025-09-08T20:58:08","guid":{"rendered":"https:\/\/www.europesays.com\/es\/101973\/"},"modified":"2025-09-08T20:58:08","modified_gmt":"2025-09-08T20:58:08","slug":"cualquier-forma-de-vida-ha-sido-eliminada-definitivamente","status":"publish","type":"post","link":"https:\/\/www.europesays.com\/es\/101973\/","title":{"rendered":"\u00abCualquier forma de vida ha sido eliminada definitivamente\u00bb"},"content":{"rendered":"<p>08\/09\/2025<br \/>\n<br \/><strong><br \/>\nActualizado a las 20:27h.<br \/>\n<\/strong><\/p>\n<p class=\"voc-p\" style=\"\">Este lunes 8 de septiembre, y seg\u00fan los plazos previstos, se ha dado por concluido el <strong>tratamiento de anoxia<\/strong> sobre la imagen de Mar\u00eda Sant\u00edsima de la Esperanza Macarena. Los trabajos han sido realizados por la e<strong>mpresa especializada Samitech<\/strong> bajo la supervisi\u00f3n del conservador Pedro Manzano, quien se encargar\u00e1 de la restauraci\u00f3n de la Virgen.<\/p>\n<p class=\"voc-p\" style=\"\">La talla ha permanecido en la <strong>burbuja de tratamiento durante 24 d\u00edas<\/strong> con un 0,00% de concentraci\u00f3n de ox\u00edgeno. Una vez sacada de dicha burbuja, los t\u00e9cnicos de Samitech y Pedro Manzano, con la presencia de la junta de gobierno, han comprobado el estado de la Virgen de la Esperanza.<\/p>\n<p class=\"voc-p\" style=\"\">En este sentido, el director t\u00e9cnico de Samitech, Roberto Fern\u00e1ndez Ramos, valora el tratamiento como <strong>\u00abun \u00e9xito de principio a fin\u00bb<\/strong>, ya que se ha desarrollado \u00abseg\u00fan lo esperado\u00bb y cumpliendo \u00ablos plazos previstos\u00bb desde que se alcanzara el 0,00% de concentraci\u00f3n de ox\u00edgeno entre las primeras 24 y 36 horas de inicio del mismo. <\/p>\n<p class=\"voc-p\" style=\"\">Samitech confirma que existe la seguridad, desde el punto de vista biol\u00f3gico, de que <strong>cualquier tipo de forma de vida<\/strong> que dependiera del ox\u00edgeno <strong>ya ha sido eliminada definitivamente<\/strong> de la imagen. Indica asimismo que se ha comprobado f\u00edsicamente que la integridad de la Sagrada Imagen no ha sido alterada y que no existe ninguna variaci\u00f3n est\u00e9tica con respecto al momento en que se inici\u00f3 el tratamiento de anoxia. <\/p>\n<p><img decoding=\"async\" loading=\"lazy\" src=\"https:\/\/www.europesays.com\/es\/wp-content\/uploads\/2025\/09\/grafica-samitech-macarena-U53534215272EPo-760x900@diario_abc.jpg\" class=\"voc-img\" width=\"760\" height=\"900\" alt=\"Datos del tratamiento realizado sobre la imagen\" data-voc-vtm-id=\"in-text-traffic\"\/><\/p>\n<p>Datos del tratamiento realizado sobre la imagen<\/p>\n<p>Hermandad<\/p>\n<p class=\"voc-p\" style=\"\">Por su parte, el conservador restaurador Pedro Manzano, que ha supervisado y monitorizado todo el proceso, califica el tratamiento de \u00abexitoso\u00bb, puesto que se ha completado el ciclo previsto de 24 d\u00edas de anoxia <strong>sin incidente alguno<\/strong>, coincidiendo con los t\u00e9cnicos de Samitech en la seguridad de que los resultados de la misma son \u00f3ptimos y permiten dar por concluida esta fase inicial de la restauraci\u00f3n. <\/p>\n<p class=\"voc-p\" style=\"\">La siguiente fase consistir\u00e1 en <strong>atender las necesidades estructurales<\/strong> tras las deficiencias detectadas a trav\u00e9s de las pruebas diagn\u00f3sticas. <\/p>\n<p class=\"voc-p\" style=\"\">Los trabajos en esta nueva fase se centrar\u00e1n en la <strong>desuni\u00f3n de las piezas en el lado izquierdo de la mascarilla<\/strong> y en la actuaci\u00f3n sobre el nudo desestructurado que se ha detectado en los estudios mediante im\u00e1genes m\u00e9dicas en la zona posterior de la espalda de la Sagrada Imagen. <\/p>\n<p class=\"voc-p\" style=\"\">Asimismo, el restaurador comprobar\u00e1 el estado de aquellos puntos de la estructura de la Esperanza Macarena <strong>a los que no lleg\u00f3 el tom\u00f3grafo<\/strong> ni las pruebas realizadas sobre el material l\u00edgneo.<\/p>\n<p>Reportar un error<\/p>\n","protected":false},"excerpt":{"rendered":"08\/09\/2025 Actualizado a las 20:27h. Este lunes 8 de septiembre, y seg\u00fan los plazos previstos, se ha dado&hellip;\n","protected":false},"author":2,"featured_media":101974,"comment_status":"","ping_status":"","sticky":false,"template":"","format":"standard","meta":{"footnotes":""},"categories":[8],"tags":[35866,17,18,26877,35867,25,24,13,14,1142,11,19,20,60,9,10,15,16,23,4178,12,1064,21,22,2606],"class_list":{"0":"post-101973","1":"post","2":"type-post","3":"status-publish","4":"format-standard","5":"has-post-thumbnail","7":"category-espana","8":"tag-anoxia","9":"tag-breaking-news","10":"tag-breakingnews","11":"tag-definitivamente","12":"tag-eliminada","13":"tag-es","14":"tag-espana","15":"tag-featured-news","16":"tag-featurednews","17":"tag-forma","18":"tag-headlines","19":"tag-latest-news","20":"tag-latestnews","21":"tag-macarena","22":"tag-news","23":"tag-noticias","24":"tag-noticias-destacadas","25":"tag-noticiasdestacadas","26":"tag-spain","27":"tag-termina","28":"tag-titulares","29":"tag-tratamiento","30":"tag-ultimas-noticias","31":"tag-ultimasnoticias","32":"tag-vida"},"share_on_mastodon":{"url":"","error":""},"_links":{"self":[{"href":"https:\/\/www.europesays.com\/es\/wp-json\/wp\/v2\/posts\/101973","targetHints":{"allow":["GET"]}}],"collection":[{"href":"https:\/\/www.europesays.com\/es\/wp-json\/wp\/v2\/posts"}],"about":[{"href":"https:\/\/www.europesays.com\/es\/wp-json\/wp\/v2\/types\/post"}],"author":[{"embeddable":true,"href":"https:\/\/www.europesays.com\/es\/wp-json\/wp\/v2\/users\/2"}],"replies":[{"embeddable":true,"href":"https:\/\/www.europesays.com\/es\/wp-json\/wp\/v2\/comments?post=101973"}],"version-history":[{"count":0,"href":"https:\/\/www.europesays.com\/es\/wp-json\/wp\/v2\/posts\/101973\/revisions"}],"wp:featuredmedia":[{"embeddable":true,"href":"https:\/\/www.europesays.com\/es\/wp-json\/wp\/v2\/media\/101974"}],"wp:attachment":[{"href":"https:\/\/www.europesays.com\/es\/wp-json\/wp\/v2\/media?parent=101973"}],"wp:term":[{"taxonomy":"category","embeddable":true,"href":"https:\/\/www.europesays.com\/es\/wp-json\/wp\/v2\/categories?post=101973"},{"taxonomy":"post_tag","embeddable":true,"href":"https:\/\/www.europesays.com\/es\/wp-json\/wp\/v2\/tags?post=101973"}],"curies":[{"name":"wp","href":"https:\/\/api.w.org\/{rel}","templated":true}]}}