{"id":102023,"date":"2025-09-08T21:37:13","date_gmt":"2025-09-08T21:37:13","guid":{"rendered":"https:\/\/www.europesays.com\/es\/102023\/"},"modified":"2025-09-08T21:37:13","modified_gmt":"2025-09-08T21:37:13","slug":"el-cautivo-la-nueva-pelicula-de-alejandro-amenabar-con-julio-pena-como-miguel-de-cervantes-llega-a-los-cines","status":"publish","type":"post","link":"https:\/\/www.europesays.com\/es\/102023\/","title":{"rendered":"&#8216;El cautivo&#8217;, la nueva pel\u00edcula de Alejandro Amen\u00e1bar con Julio Pe\u00f1a como Miguel de Cervantes, llega a los cines"},"content":{"rendered":"<p class=\"c-paragraph\">\u00abAlg\u00fan d\u00eda alguien conocer\u00e1 de aquel que nos contaba grandes historias, la mejor de todas, la suya\u00bb. Con esta frase, termina el tr\u00e1iler de<b> El cautivo, la nueva pel\u00edcula escrita y dirigida por el ganador del Oscar a mejor pel\u00edcula de habla no inglesa Alejandro Amen\u00e1bar <\/b>(Mar adentro). En ella, el director se embarca en una aventura siguiendo la estela del autor que escribi\u00f3 la novela m\u00e1s famosa de la literatura, Miguel de Cervantes, interpretado por Julio Pe\u00f1a, y llega hasta el tiempo en el que estuvo prisionero en Argel.\u00a0<\/p>\n<p class=\"c-paragraph\">Antes de ser Cervantes, el joven soldado Miguel, herido en la batalla de Lepanto, es capturado por corsarios \u00e1rabes y llevado a Argel como reh\u00e9n. La pel\u00edcula se centra en este cap\u00edtulo de su vida para<b> imaginar desde la ficci\u00f3n las inc\u00f3gnitas de su cautiverio.<\/b> \u00abContar la historia de uno de los mejores contadores de historias de todos los tiempos empez\u00f3 como un reto narrativo y ha acabado convirti\u00e9ndose en una de las experiencias m\u00e1s personales de mi carrera\u00bb, explica el director.<b><\/b><\/p>\n<p class=\"c-paragraph\">Consciente de que su familia no podr\u00e1 pagar su rescate, el escritor encuentra <b>refugio y una posible forma de escapar en su pasi\u00f3n por contar historias.<\/b> Sus relatos devuelven la esperanza a sus compa\u00f1eros de prisi\u00f3n. Tambi\u00e9n, llaman la atenci\u00f3n de Has\u00e1n, el misterioso y temido Baj\u00e1 de Argel, quien le promete un d\u00eda de libertad por cada historia y con el que comienza a desarrollar una extra\u00f1a afinidad.<b><\/b><\/p>\n<p class=\"c-paragraph\">Mientras los conflictos crecen entre sus compa\u00f1eros, Miguel, llevado por su inquebrantable optimismo, comenzar\u00e1 a idear un arriesgado plan de fuga a la vez que imagina un universo que acabar\u00e1 por\u00a0formar parte de una de las obras cumbre de la literatura, El ingenioso hidalgo Don Quijote de la Mancha. <b>Su estancia en Argel se reflej\u00f3 en gran parte de su obra,<\/b> como en El trato de Argel \u2014 renombrada m\u00e1s tarde como Los ba\u00f1os de Argel\u2014, La Galatea o en el mismo Quijote, donde se narra el dram\u00e1tico cautiverio de un soldado espa\u00f1ol a manos de corsarios berberiscos y su arriesgado plan para fugarse.<\/p>\n<p class=\"c-paragraph\">As\u00ed concibi\u00f3 Amen\u00e1bar la historia de El cautivo: \u00abNo es dif\u00edcil establecer <b>v\u00ednculos entre esa aventura imaginaria y la realidad vivida por Miguel,<\/b> apresado por los \u00e1rabes en 1575 y responsable de varios intentos de fuga. Y tampoco resulta descabellado pensar que la concibiera muchos a\u00f1os antes de escribir su obra maestra, como se\u00f1alan algunos historiadores. \u00bfY por qu\u00e9 no, digo yo, durante sus cinco a\u00f1os de cautiverio, como una manera quiz\u00e1 de evadirse?\u00bb.<\/p>\n<p class=\"c-paragraph\"><b>Un reparto encabezado por Julio Pe\u00f1a<\/b><\/p>\n<p class=\"c-paragraph\">A pesar de ser el escritor de la novela m\u00e1s famosa de la literatura, son pocas las producciones que reflejan su vida o que incluso se hayan atrevido a relatar las aventuras de Don Quijote y su leal escudero Sancho Panza por La Mancha. Tomar su pluma era <b>un gran reto interpretativo que el actor Julio Pe\u00f1a ha afrontado en uno de sus papeles m\u00e1s importantes de su carrera.\u00a0<\/b><\/p>\n<p class=\"c-paragraph\">Desde ni\u00f1o, el actor ha formado parte de obras de <b>teatro<\/b> como Pesadilla antes de Navidad, Mamma Mia! o Moulin Rouge. Su primer papel en <b>televisi\u00f3n<\/b> vino en la serie original de Disney Channel Latinoam\u00e9rica Bia. De ah\u00ed, en 2021 se incorpor\u00f3 al elenco de la telenovela de Televisi\u00f3n Espa\u00f1ola Acacias 38 y ese mismo a\u00f1o empez\u00f3 a ser m\u00e1s reconocido tras salir en el videoclip de la canci\u00f3n Berl\u00edn de Aitana.<\/p>\n<p class=\"c-paragraph\">Pero, <b>su \u00e9xito irrumpi\u00f3 al convertirse en Ares Hidalgo,<\/b> y protagonizar junto a Clara Galle de la trilog\u00eda de Netflix A trav\u00e9s de mi ventana, A trav\u00e9s del mar y A trav\u00e9s de tu mirada. Tambi\u00e9n, es uno de los personajes principales de la serie Berl\u00edn, spin-off centrado en el pasado del personaje de Pedro Alonso en La casa de papel.\u00a0<b><\/b><\/p>\n<p class=\"c-paragraph\">En El cautivo encarna a Miguel de Cervantes, un papel que representa un desaf\u00edo art\u00edstico y personal, donde muestra su talento para reflejar la lucha interna y el optimismo de uno de los escritores m\u00e1s relevantes <b>de la historia.<\/b> Esta interpretaci\u00f3n supone un paso importante en su consolidaci\u00f3n como actor de primer nivel.<\/p>\n<p class=\"c-paragraph\">Completan el reparto <b>Alessandro Borghi<\/b><b> <\/b>(Suburra) como Has\u00e1n Baj\u00e1, el poderoso y enigm\u00e1tico gobernador de Argel; <b>Miguel Rell\u00e1n <\/b>(Amanece que no es poco) como Antonio de Sosa; <b>Luis Callejo<\/b> (Tarde para la ira) como Dorador; <b>Fernando Tejero<\/b> (Modelo 77) como Blanco de Paz; o <b>Jos\u00e9 Manuel Poga <\/b>(El cuerpo en llamas) como Diego Casta\u00f1eda, entre otros.\u00a0<\/p>\n<p class=\"c-paragraph\"><b>Una superproducci\u00f3n grabada en la Comunidad Valenciana y Sevilla<\/b><\/p>\n<p class=\"c-paragraph\">Despu\u00e9s de estrenarse en el mundo de las series con La Fortuna, Alejandro Amen\u00e1bar, director de filmes de renombre como Tesis, \u00c1gora, Mar adentro, o Los otros, vuelve a las salas de cine tras su aclamado \u00faltimo largometraje, <b>Mientras dure la guerra<\/b>, en el que relat\u00f3 los sucesos en Salamanca durante la segunda mitad de 1936 a trav\u00e9s del conflicto pol\u00edtico y personal de Miguel de Unamuno, interpretado por Karra Elejalde.\u00a0<b><\/b><\/p>\n<p class=\"c-paragraph\">El cautivo, producida por MOD Producciones y distribuida por Buena Vista International, ha contado con un <b>ambicioso presupuesto, convirti\u00e9ndose en una superproducci\u00f3n. <\/b>Se ha rodado en parajes tan m\u00e1gicos como los Reales Alc\u00e1zares de Sevilla y en la Comunidad Valenciana, en Alicante, Santa Pola y los estudios Ciudad de la Luz, por lo que la experiencia visual en la gran pantalla promete ser estremecedora.\u00a0<\/p>\n<p class=\"c-paragraph\"><b>La pel\u00edcula llega a los cines el 12 de septiembre.\u00a0<\/b>\u00abHemos concebido El cautivo desde la ilusi\u00f3n. La ilusi\u00f3n por hacer disfrutar al gran p\u00fablico de una gran historia\u00bb, reflexiona Amen\u00e1bar.<\/p>\n<ul class=\"article-small-list\">\n<li><strong>REALIZADO POR ALAYANS STUDIO<\/strong><br \/>Este contenido ha sido elaborado por ALAYANS STUDIO, unidad Branded Content de Henneo.<\/li>\n<\/ul>\n<p>Conforme a los criterios de<a href=\"https:\/\/thetrustproject.org\/\" target=\"_blank\" rel=\"nofollow noopener\" aria-label=\"Trust Project\" class=\"c-detail__trust__logo\"><img decoding=\"async\" loading=\"lazy\" src=\"https:\/\/www.20minutos.es\/images\/Trust-Logo-Horizontal.svg\" alt=\"Logo Trust Project\" width=\"146\" height=\"25\"\/><\/a><\/p>\n","protected":false},"excerpt":{"rendered":"\u00abAlg\u00fan d\u00eda alguien conocer\u00e1 de aquel que nos contaba grandes historias, la mejor de todas, la suya\u00bb. Con&hellip;\n","protected":false},"author":2,"featured_media":102024,"comment_status":"","ping_status":"","sticky":false,"template":"","format":"standard","meta":{"footnotes":""},"categories":[169],"tags":[10114,15992,25326,177,146,147,25,24,176,175,795,1257,23],"class_list":{"0":"post-102023","1":"post","2":"type-post","3":"status-publish","4":"format-standard","5":"has-post-thumbnail","7":"category-cine","8":"tag-alejandro","9":"tag-amenabar","10":"tag-cautivo","11":"tag-cine","12":"tag-entertainment","13":"tag-entretenimiento","14":"tag-es","15":"tag-espana","16":"tag-film","17":"tag-movies","18":"tag-nueva","19":"tag-pelicula","20":"tag-spain"},"share_on_mastodon":{"url":"","error":""},"_links":{"self":[{"href":"https:\/\/www.europesays.com\/es\/wp-json\/wp\/v2\/posts\/102023","targetHints":{"allow":["GET"]}}],"collection":[{"href":"https:\/\/www.europesays.com\/es\/wp-json\/wp\/v2\/posts"}],"about":[{"href":"https:\/\/www.europesays.com\/es\/wp-json\/wp\/v2\/types\/post"}],"author":[{"embeddable":true,"href":"https:\/\/www.europesays.com\/es\/wp-json\/wp\/v2\/users\/2"}],"replies":[{"embeddable":true,"href":"https:\/\/www.europesays.com\/es\/wp-json\/wp\/v2\/comments?post=102023"}],"version-history":[{"count":0,"href":"https:\/\/www.europesays.com\/es\/wp-json\/wp\/v2\/posts\/102023\/revisions"}],"wp:featuredmedia":[{"embeddable":true,"href":"https:\/\/www.europesays.com\/es\/wp-json\/wp\/v2\/media\/102024"}],"wp:attachment":[{"href":"https:\/\/www.europesays.com\/es\/wp-json\/wp\/v2\/media?parent=102023"}],"wp:term":[{"taxonomy":"category","embeddable":true,"href":"https:\/\/www.europesays.com\/es\/wp-json\/wp\/v2\/categories?post=102023"},{"taxonomy":"post_tag","embeddable":true,"href":"https:\/\/www.europesays.com\/es\/wp-json\/wp\/v2\/tags?post=102023"}],"curies":[{"name":"wp","href":"https:\/\/api.w.org\/{rel}","templated":true}]}}