{"id":102025,"date":"2025-09-08T21:40:22","date_gmt":"2025-09-08T21:40:22","guid":{"rendered":"https:\/\/www.europesays.com\/es\/102025\/"},"modified":"2025-09-08T21:40:22","modified_gmt":"2025-09-08T21:40:22","slug":"los-fans-de-dani-fernandez-acampan-en-la-plaza-mayor-horas-antes-de-su-concierto-en-valladolid","status":"publish","type":"post","link":"https:\/\/www.europesays.com\/es\/102025\/","title":{"rendered":"Los fans de Dani Fern\u00e1ndez acampan en la Plaza Mayor horas antes de su concierto en Valladolid"},"content":{"rendered":"<p><a class=\"v-mdl-ath__fig-a\" href=\"https:\/\/www.elnortedecastilla.es\/autor\/carlos-espeso-4489.html\" title=\"Carlos Espeso\" rel=\"nofollow noopener\" target=\"_blank\"><br \/>\n<img decoding=\"async\" class=\"v-mdl-ath__img\" src=\"https:\/\/www.europesays.com\/es\/wp-content\/uploads\/2025\/09\/autor-4489-foto-1.jpeg\" alt=\"Carlos Espeso\"\/><br \/>\n<\/a><\/p>\n<p class=\"v-mdl-ath__p v-mdl-ath__p--2\">\n<a href=\"https:\/\/www.elnortedecastilla.es\/autor\/carlos-espeso-4489.html\" rel=\"nofollow noopener\" target=\"_blank\">Carlos Espeso<\/a>\n<\/p>\n<p class=\"v-mdl-ath__p v-mdl-ath__p--3\">\nValladolid\n<\/p>\n<p class=\"v-mdl-ath__p v-mdl-ath__p--6\">\nLunes, 8 de septiembre 2025, 16:31<\/p>\n<p>Modo oscuro<\/p>\n<p>Compartir<\/p>\n<p class=\"v-p\">Dani Fern\u00e1ndez no saltar\u00e1 al escenario de la Plaza Mayor hasta las diez de la noche, pero son muchas las fans que aguardan ese momento desde horas antes de que comience la actuaci\u00f3n. Decenas de personas permanecen desde este lunes apostadas cerca del escenario para asegurarse que ver\u00e1n a su \u00eddolo en primera fila. Bocadillos, cartas y nervios acompa\u00f1an a este p\u00fablico tan entregado, que disfrutar\u00e1 a partir de las 22:00 horas del concierto de Dani Fern\u00e1ndez en las fiestas de la Virgen de San Lorenzo. <\/p>\n<p><img decoding=\"async\" loading=\"lazy\" src=\"https:\/\/www.europesays.com\/es\/wp-content\/uploads\/2025\/09\/1500561157.jpg\" class=\"v-a-img\" width=\"624\" height=\"900\" alt=\"Los fans de Dani Fern\u00e1ndez acampan en la Plaza Mayor horas antes de su concierto en Valladolid\"\/><\/p>\n<p class=\"v-pill-m__c\">\n<p>Ampliar\n<\/p>\n<p><img decoding=\"async\" loading=\"lazy\" src=\"https:\/\/www.europesays.com\/es\/wp-content\/uploads\/2025\/09\/1500561157.jpg\" class=\"v-mdl__img-z\" width=\"624\" height=\"900\" alt=\"Los fans de Dani Fern\u00e1ndez acampan en la Plaza Mayor horas antes de su concierto en Valladolid\"\/><\/p>\n<p><img loading=\"lazy\" decoding=\"async\" src=\"https:\/\/www.europesays.com\/es\/wp-content\/uploads\/2025\/09\/1500561157.jpg\" class=\"v-mdl__img-z\" width=\"624\" height=\"900\" alt=\"Los fans de Dani Fern\u00e1ndez acampan en la Plaza Mayor horas antes de su concierto en Valladolid\"\/><\/p>\n<p><img decoding=\"async\" loading=\"lazy\" src=\"https:\/\/www.europesays.com\/es\/wp-content\/uploads\/2025\/09\/1500561158.jpg\" class=\"v-a-img\" width=\"624\" height=\"900\" alt=\"Los fans de Dani Fern\u00e1ndez acampan en la Plaza Mayor horas antes de su concierto en Valladolid\"\/><\/p>\n<p class=\"v-pill-m__c\">\n<p>Ampliar\n<\/p>\n<p><img decoding=\"async\" loading=\"lazy\" src=\"https:\/\/www.europesays.com\/es\/wp-content\/uploads\/2025\/09\/1500561158.jpg\" class=\"v-mdl__img-z\" width=\"624\" height=\"900\" alt=\"Los fans de Dani Fern\u00e1ndez acampan en la Plaza Mayor horas antes de su concierto en Valladolid\"\/><\/p>\n<p><img loading=\"lazy\" decoding=\"async\" src=\"https:\/\/www.europesays.com\/es\/wp-content\/uploads\/2025\/09\/1500561158.jpg\" class=\"v-mdl__img-z\" width=\"624\" height=\"900\" alt=\"Los fans de Dani Fern\u00e1ndez acampan en la Plaza Mayor horas antes de su concierto en Valladolid\"\/><\/p>\n<p><img decoding=\"async\" loading=\"lazy\" src=\"https:\/\/www.europesays.com\/es\/wp-content\/uploads\/2025\/09\/1500561173.jpg\" class=\"v-a-img\" width=\"624\" height=\"900\" alt=\"Los fans de Dani Fern\u00e1ndez acampan en la Plaza Mayor horas antes de su concierto en Valladolid\"\/><\/p>\n<p class=\"v-pill-m__c\">\n<p>Ampliar\n<\/p>\n<p><img decoding=\"async\" loading=\"lazy\" src=\"https:\/\/www.europesays.com\/es\/wp-content\/uploads\/2025\/09\/1500561173.jpg\" class=\"v-mdl__img-z\" width=\"624\" height=\"900\" alt=\"Los fans de Dani Fern\u00e1ndez acampan en la Plaza Mayor horas antes de su concierto en Valladolid\"\/><\/p>\n<p><img loading=\"lazy\" decoding=\"async\" src=\"https:\/\/www.europesays.com\/es\/wp-content\/uploads\/2025\/09\/1500561173.jpg\" class=\"v-mdl__img-z\" width=\"624\" height=\"900\" alt=\"Los fans de Dani Fern\u00e1ndez acampan en la Plaza Mayor horas antes de su concierto en Valladolid\"\/><\/p>\n<p><img decoding=\"async\" loading=\"lazy\" src=\"https:\/\/www.europesays.com\/es\/wp-content\/uploads\/2025\/09\/1500561135.jpg\" class=\"v-a-img\" width=\"624\" height=\"900\" alt=\"Los fans de Dani Fern\u00e1ndez acampan en la Plaza Mayor horas antes de su concierto en Valladolid\"\/><\/p>\n<p class=\"v-pill-m__c\">\n<p>Ampliar\n<\/p>\n<p><img decoding=\"async\" loading=\"lazy\" src=\"https:\/\/www.europesays.com\/es\/wp-content\/uploads\/2025\/09\/1500561135.jpg\" class=\"v-mdl__img-z\" width=\"624\" height=\"900\" alt=\"Los fans de Dani Fern\u00e1ndez acampan en la Plaza Mayor horas antes de su concierto en Valladolid\"\/><\/p>\n<p><img loading=\"lazy\" decoding=\"async\" src=\"https:\/\/www.europesays.com\/es\/wp-content\/uploads\/2025\/09\/1500561135.jpg\" class=\"v-mdl__img-z\" width=\"624\" height=\"900\" alt=\"Los fans de Dani Fern\u00e1ndez acampan en la Plaza Mayor horas antes de su concierto en Valladolid\"\/><\/p>\n<p><img decoding=\"async\" loading=\"lazy\" src=\"https:\/\/www.europesays.com\/es\/wp-content\/uploads\/2025\/09\/1500561148.jpg\" class=\"v-a-img\" width=\"624\" height=\"900\" alt=\"Los fans de Dani Fern\u00e1ndez acampan en la Plaza Mayor horas antes de su concierto en Valladolid\"\/><\/p>\n<p class=\"v-pill-m__c\">\n<p>Ampliar\n<\/p>\n<p><img decoding=\"async\" loading=\"lazy\" src=\"https:\/\/www.europesays.com\/es\/wp-content\/uploads\/2025\/09\/1500561148.jpg\" class=\"v-mdl__img-z\" width=\"624\" height=\"900\" alt=\"Los fans de Dani Fern\u00e1ndez acampan en la Plaza Mayor horas antes de su concierto en Valladolid\"\/><\/p>\n<p><img loading=\"lazy\" decoding=\"async\" src=\"https:\/\/www.europesays.com\/es\/wp-content\/uploads\/2025\/09\/1500561148.jpg\" class=\"v-mdl__img-z\" width=\"624\" height=\"900\" alt=\"Los fans de Dani Fern\u00e1ndez acampan en la Plaza Mayor horas antes de su concierto en Valladolid\"\/><\/p>\n<p><img decoding=\"async\" loading=\"lazy\" src=\"https:\/\/www.europesays.com\/es\/wp-content\/uploads\/2025\/09\/1500561149.jpg\" class=\"v-a-img\" width=\"624\" height=\"900\" alt=\"Los fans de Dani Fern\u00e1ndez acampan en la Plaza Mayor horas antes de su concierto en Valladolid\"\/><\/p>\n<p class=\"v-pill-m__c\">\n<p>Ampliar\n<\/p>\n<p><img decoding=\"async\" loading=\"lazy\" src=\"https:\/\/www.europesays.com\/es\/wp-content\/uploads\/2025\/09\/1500561149.jpg\" class=\"v-mdl__img-z\" width=\"624\" height=\"900\" alt=\"Los fans de Dani Fern\u00e1ndez acampan en la Plaza Mayor horas antes de su concierto en Valladolid\"\/><\/p>\n<p><img loading=\"lazy\" decoding=\"async\" src=\"https:\/\/www.europesays.com\/es\/wp-content\/uploads\/2025\/09\/1500561149.jpg\" class=\"v-mdl__img-z\" width=\"624\" height=\"900\" alt=\"Los fans de Dani Fern\u00e1ndez acampan en la Plaza Mayor horas antes de su concierto en Valladolid\"\/><\/p>\n<p><img decoding=\"async\" loading=\"lazy\" src=\"https:\/\/www.europesays.com\/es\/wp-content\/uploads\/2025\/09\/1500561155.jpg\" class=\"v-a-img\" width=\"624\" height=\"900\" alt=\"Los fans de Dani Fern\u00e1ndez acampan en la Plaza Mayor horas antes de su concierto en Valladolid\"\/><\/p>\n<p class=\"v-pill-m__c\">\n<p>Ampliar\n<\/p>\n<p><img decoding=\"async\" loading=\"lazy\" src=\"https:\/\/www.europesays.com\/es\/wp-content\/uploads\/2025\/09\/1500561155.jpg\" class=\"v-mdl__img-z\" width=\"624\" height=\"900\" alt=\"Los fans de Dani Fern\u00e1ndez acampan en la Plaza Mayor horas antes de su concierto en Valladolid\"\/><\/p>\n<p><img loading=\"lazy\" decoding=\"async\" src=\"https:\/\/www.europesays.com\/es\/wp-content\/uploads\/2025\/09\/1500561155.jpg\" class=\"v-mdl__img-z\" width=\"624\" height=\"900\" alt=\"Los fans de Dani Fern\u00e1ndez acampan en la Plaza Mayor horas antes de su concierto en Valladolid\"\/><\/p>\n<p><img decoding=\"async\" loading=\"lazy\" src=\"https:\/\/www.europesays.com\/es\/wp-content\/uploads\/2025\/09\/1500561156.jpg\" class=\"v-a-img\" width=\"624\" height=\"900\" alt=\"Los fans de Dani Fern\u00e1ndez acampan en la Plaza Mayor horas antes de su concierto en Valladolid\"\/><\/p>\n<p class=\"v-pill-m__c\">\n<p>Ampliar\n<\/p>\n<p><img decoding=\"async\" loading=\"lazy\" src=\"https:\/\/www.europesays.com\/es\/wp-content\/uploads\/2025\/09\/1500561156.jpg\" class=\"v-mdl__img-z\" width=\"624\" height=\"900\" alt=\"Los fans de Dani Fern\u00e1ndez acampan en la Plaza Mayor horas antes de su concierto en Valladolid\"\/><\/p>\n<p><img loading=\"lazy\" decoding=\"async\" src=\"https:\/\/www.europesays.com\/es\/wp-content\/uploads\/2025\/09\/1500561156.jpg\" class=\"v-mdl__img-z\" width=\"624\" height=\"900\" alt=\"Los fans de Dani Fern\u00e1ndez acampan en la Plaza Mayor horas antes de su concierto en Valladolid\"\/><\/p>\n<ul class=\"v-mdl-tpc__u\">\n<li class=\"v-mdl-tpc__l\">\n<p>Temas<\/p>\n<\/li>\n<li class=\"v-mdl-tpc__l\">\n<a class=\"v-mdl-tpc__a v-btn v-btn-s\" href=\"https:\/\/www.elnortedecastilla.es\/temas\/generales\/conciertos-en-valladolid.html\" title=\"Conciertos en Valladolid\" data-mrf-link=\"https:\/\/www.elnortedecastilla.es\/temas\/generales\/conciertos-en-valladolid.html\" rel=\"nofollow noopener\" target=\"_blank\"><br \/>\nConciertos en Valladolid<br \/>\n<\/a>\n<\/li>\n<li class=\"v-mdl-tpc__l\">\n<a class=\"v-mdl-tpc__a v-btn v-btn-s\" href=\"https:\/\/www.elnortedecastilla.es\/temas\/generales\/fiestas-de-la-virgen-de-san-lorenzo.html\" title=\"Fiestas de la Virgen de San Lorenzo\" data-mrf-link=\"https:\/\/www.elnortedecastilla.es\/temas\/generales\/fiestas-de-la-virgen-de-san-lorenzo.html\" rel=\"nofollow noopener\" target=\"_blank\"><br \/>\nFiestas de la Virgen de San Lorenzo<br \/>\n<\/a>\n<\/li>\n<\/ul>\n","protected":false},"excerpt":{"rendered":"Carlos Espeso Valladolid Lunes, 8 de septiembre 2025, 16:31 Modo oscuro Compartir Dani Fern\u00e1ndez no saltar\u00e1 al escenario&hellip;\n","protected":false},"author":2,"featured_media":102026,"comment_status":"","ping_status":"","sticky":false,"template":"","format":"standard","meta":{"footnotes":""},"categories":[91],"tags":[35869,2339,1996,146,147,25,24,7136,10994,297,31,1386,23,1607],"class_list":{"0":"post-102025","1":"post","2":"type-post","3":"status-publish","4":"format-standard","5":"has-post-thumbnail","7":"category-entretenimiento","8":"tag-acampan","9":"tag-concierto","10":"tag-dani","11":"tag-entertainment","12":"tag-entretenimiento","13":"tag-es","14":"tag-espana","15":"tag-fans","16":"tag-fernandez","17":"tag-horas","18":"tag-mayor","19":"tag-plaza","20":"tag-spain","21":"tag-valladolid"},"share_on_mastodon":{"url":"","error":""},"_links":{"self":[{"href":"https:\/\/www.europesays.com\/es\/wp-json\/wp\/v2\/posts\/102025","targetHints":{"allow":["GET"]}}],"collection":[{"href":"https:\/\/www.europesays.com\/es\/wp-json\/wp\/v2\/posts"}],"about":[{"href":"https:\/\/www.europesays.com\/es\/wp-json\/wp\/v2\/types\/post"}],"author":[{"embeddable":true,"href":"https:\/\/www.europesays.com\/es\/wp-json\/wp\/v2\/users\/2"}],"replies":[{"embeddable":true,"href":"https:\/\/www.europesays.com\/es\/wp-json\/wp\/v2\/comments?post=102025"}],"version-history":[{"count":0,"href":"https:\/\/www.europesays.com\/es\/wp-json\/wp\/v2\/posts\/102025\/revisions"}],"wp:featuredmedia":[{"embeddable":true,"href":"https:\/\/www.europesays.com\/es\/wp-json\/wp\/v2\/media\/102026"}],"wp:attachment":[{"href":"https:\/\/www.europesays.com\/es\/wp-json\/wp\/v2\/media?parent=102025"}],"wp:term":[{"taxonomy":"category","embeddable":true,"href":"https:\/\/www.europesays.com\/es\/wp-json\/wp\/v2\/categories?post=102025"},{"taxonomy":"post_tag","embeddable":true,"href":"https:\/\/www.europesays.com\/es\/wp-json\/wp\/v2\/tags?post=102025"}],"curies":[{"name":"wp","href":"https:\/\/api.w.org\/{rel}","templated":true}]}}