{"id":102027,"date":"2025-09-08T21:42:09","date_gmt":"2025-09-08T21:42:09","guid":{"rendered":"https:\/\/www.europesays.com\/es\/102027\/"},"modified":"2025-09-08T21:42:09","modified_gmt":"2025-09-08T21:42:09","slug":"leapmotor-presenta-en-munich-los-modelos-que-podria-fabricar-en-zaragoza","status":"publish","type":"post","link":"https:\/\/www.europesays.com\/es\/102027\/","title":{"rendered":"Leapmotor presenta en M\u00fanich los modelos que podr\u00eda fabricar en Zaragoza"},"content":{"rendered":"<p>            Leapmotor presenta en M\u00fanich los modelos que podr\u00eda fabricar en Zaragoza                <\/p>\n<p>Leapmotor presenta en M\u00fanich los modelos que podr\u00eda fabricar en Zaragoza<\/p>\n<p class=\"epigraph\">La marca china, aliada para Europa con el grupo Stellantis, exhibe en el sal\u00f3n del autom\u00f3vil alem\u00e1n el B10, ya en el mercado, y el Lafa 5 (B05).<\/p>\n<p class=\"paragraph\"><a href=\"https:\/\/www.leapmotor.net\/es\" rel=\"nofollow noopener\" target=\"_blank\">Leapmoto<\/a>r, fabricante de autom\u00f3viles chino que vende sus veh\u00edculos en Europa a trav\u00e9s de una alianza firmada con el grupo Stellantis,<b> ha tenido un destacado protagonismo el primer d\u00eda de la celebraci\u00f3n del Sal\u00f3n del Autom\u00f3vil de M\u00fanich, el IAA Mobility.<\/b> La compa\u00f1\u00eda<b> ha presentado este lunes<\/b>, con la participaci\u00f3n activa de su fundador y consejero delegado, Zhu Jiangming, <b>los modelos B10 y Lafa 5 (conocido internamente como B05), que podr\u00edan fabricarse en la planta que tiene Stellantis en Figueruelas.<\/b><\/p>\n<p>            Conforme a los criterios de<br \/>\n            <a class=\"trustproject_img\" id=\"trustproject_img\" href=\"https:\/\/thetrustproject.org\/\" target=\"_blank\" rel=\"nofollow noopener\" aria-label=\"Trust Project\"><img decoding=\"async\" loading=\"lazy\" src=\"https:\/\/www.heraldo.es\/images\/Trust-Logo-Horizontal.svg\" alt=\"Logo Trust Project\" width=\"200\" height=\"34\"\/><\/a><\/p>\n<p>                <img decoding=\"async\" loading=\"lazy\" src=\"https:\/\/www.europesays.com\/es\/wp-content\/uploads\/2025\/09\/luis-h-menendez.jpeg\" class=\"author-image\" width=\"120\" height=\"120\" alt=\"Luis H. Men\u00e9ndez\"\/><\/p>\n<p>        <a href=\"https:\/\/www.henneo.com\/\" title=\"Grupo Henneo\" class=\"logo\" rel=\"nofollow noopener\" target=\"_blank\"><br \/>\n            <img decoding=\"async\" src=\"https:\/\/www.heraldo.es\/images\/logo_henneo_gris.svg\" alt=\"Logo Henneo\" width=\"559\" height=\"389\" loading=\"lazy\"\/><br \/>\n        <\/a><\/p>\n<p>\u00a9 HERALDO DE ARAGON EDITORA, S.L.U.<br \/>Tel\u00e9fono 976 765 000 \/ &#8211; P\u00ba. Independencia, 29, 50001 Zaragoza &#8211; CIF: B99288763 &#8211; Inscrita en el Registro Mercantil de Zaragoza al Tomo 3796, Libro 0, Folio 177, Secci\u00f3n 8, Hoja Z-50564<br \/>Queda prohibida toda reproducci\u00f3n sin permiso escrito de la empresa a los efectos del art\u00edculo 32.1, p\u00e1rrafo segundo, de la Ley de Propiedad Intelectual<\/p>\n<p>\n                P\u00ba Independencia, 29, 50001 Zaragoza<br \/> Tel\u00e9fono 976 765 000\n            <\/p>\n<p>                    Actualmente tu navegador no permite ejecutar JavaScript. Para poder disfrutar de nuestro contenido es necesario que lo permita.<br \/>\n                                        <img decoding=\"async\" loading=\"lazy\" alt=\"Heraldo logo\" src=\"https:\/\/dkumiip2e9ary.cloudfront.net\/xalok\/heraldo\/especiales\/hola-de-nuevo\/logo-heraldo.svg\" width=\"215\" height=\"43\"\/><\/p>\n","protected":false},"excerpt":{"rendered":"Leapmotor presenta en M\u00fanich los modelos que podr\u00eda fabricar en Zaragoza Leapmotor presenta en M\u00fanich los modelos que&hellip;\n","protected":false},"author":2,"featured_media":102028,"comment_status":"","ping_status":"","sticky":false,"template":"","format":"standard","meta":{"footnotes":""},"categories":[80],"tags":[82,95,94,25,24,11133,32870,3383,2782,23,491],"class_list":{"0":"post-102027","1":"post","2":"type-post","3":"status-publish","4":"format-standard","5":"has-post-thumbnail","7":"category-economia","8":"tag-business","9":"tag-economia","10":"tag-economy","11":"tag-es","12":"tag-espana","13":"tag-fabricar","14":"tag-leapmotor","15":"tag-modelos","16":"tag-presenta","17":"tag-spain","18":"tag-zaragoza"},"share_on_mastodon":{"url":"","error":""},"_links":{"self":[{"href":"https:\/\/www.europesays.com\/es\/wp-json\/wp\/v2\/posts\/102027","targetHints":{"allow":["GET"]}}],"collection":[{"href":"https:\/\/www.europesays.com\/es\/wp-json\/wp\/v2\/posts"}],"about":[{"href":"https:\/\/www.europesays.com\/es\/wp-json\/wp\/v2\/types\/post"}],"author":[{"embeddable":true,"href":"https:\/\/www.europesays.com\/es\/wp-json\/wp\/v2\/users\/2"}],"replies":[{"embeddable":true,"href":"https:\/\/www.europesays.com\/es\/wp-json\/wp\/v2\/comments?post=102027"}],"version-history":[{"count":0,"href":"https:\/\/www.europesays.com\/es\/wp-json\/wp\/v2\/posts\/102027\/revisions"}],"wp:featuredmedia":[{"embeddable":true,"href":"https:\/\/www.europesays.com\/es\/wp-json\/wp\/v2\/media\/102028"}],"wp:attachment":[{"href":"https:\/\/www.europesays.com\/es\/wp-json\/wp\/v2\/media?parent=102027"}],"wp:term":[{"taxonomy":"category","embeddable":true,"href":"https:\/\/www.europesays.com\/es\/wp-json\/wp\/v2\/categories?post=102027"},{"taxonomy":"post_tag","embeddable":true,"href":"https:\/\/www.europesays.com\/es\/wp-json\/wp\/v2\/tags?post=102027"}],"curies":[{"name":"wp","href":"https:\/\/api.w.org\/{rel}","templated":true}]}}