{"id":102029,"date":"2025-09-08T21:43:07","date_gmt":"2025-09-08T21:43:07","guid":{"rendered":"https:\/\/www.europesays.com\/es\/102029\/"},"modified":"2025-09-08T21:43:07","modified_gmt":"2025-09-08T21:43:07","slug":"el-bloque-de-centroizquierda-gana-las-elecciones-legislativas-en-noruega-con-el-54-escrutado-sociedad","status":"publish","type":"post","link":"https:\/\/www.europesays.com\/es\/102029\/","title":{"rendered":"El bloque de centroizquierda gana las elecciones legislativas en Noruega con el 54% escrutado | Sociedad"},"content":{"rendered":"<p>El bloque gubernamental de centroizquierda liderado por el primer ministro laborista, Jonas Gahr St\u00f8re, se impuso en las elecciones legislativas celebradas este lunes en Noruega, con un 49,2 % de los votos frente al 46,6 % de la oposici\u00f3n de derecha, seg\u00fan datos oficiales con el 54,7 % del escrutinio completado.<\/p>\n<p>El Partido Laborista fue la fuerza m\u00e1s votada con un 28 %, seguido del xen\u00f3fobo Partido del Progreso (Frp), que alcanz\u00f3 el 24,7 %, y del Partido Conservador, que obtuvo un 14,4 %, seg\u00fan inform\u00f3 la Autoridad Electoral minutos despu\u00e9s del cierre de los colegios, con los datos del voto anticipado.<\/p>\n<p>Proyecci\u00f3n favorable al bloque gubernamental<\/p>\n<p>Una proyecci\u00f3n de la televisi\u00f3n p\u00fablica NRK estima que el bloque de centroizquierda obtendr\u00eda 89 esca\u00f1os, frente a los 80 de la oposici\u00f3n. Sin embargo, los laboristas necesitar\u00edan el respaldo de m\u00e1s fuerzas del centroizquierda que las dos que los apoyaron en la pasada legislatura para formar gobierno.<\/p>\n<p>Los laboristas mejorar\u00edan casi dos puntos respecto a los comicios de 2021, mientras que el Frp duplicar\u00eda su n\u00famero de votos y se consolidar\u00eda como la fuerza dominante del bloque de derecha.<\/p>\n<p>Hundimiento conservador y retroceso de aliados<\/p>\n<p>El Partido Conservador, liderado por la exprimera ministra Erna Solberg, sufrir\u00eda una ca\u00edda de seis puntos, marcando su peor resultado en d\u00e9cadas.<\/p>\n<p>Los antiguos aliados de los laboristas tambi\u00e9n retroceder\u00edan: el Partido Centrista pasar\u00eda del 13,6 % al 5,7 %, y el Partido de Izquierda Socialista (rojiverdes), del 7,6 % al 5,5 %.<\/p>\n<p>Por el contrario, otras dos fuerzas del bloque mejorar\u00edan sus cifras: los excomunistas de Rojo subir\u00edan unas d\u00e9cimas hasta el 5,4 %, y Los Verdes crecer\u00edan m\u00e1s de medio punto hasta el 4,6 %.<\/p>\n<p>El Partido Cristianodem\u00f3crata obtendr\u00eda un 4,1 %, tres d\u00e9cimas m\u00e1s que en los anteriores comicios, mientras que el Partido Liberal se quedar\u00eda en el 3,4 %, por debajo de la barrera m\u00ednima, aunque podr\u00eda lograr representaci\u00f3n en algunos distritos.<\/p>\n<p>Una victoria esperada<\/p>\n<p>Los \u00faltimos sondeos publicados el fin de semana ya anticipaban una victoria del bloque gubernamental, con una ventaja de diez esca\u00f1os y los laboristas como primera fuerza, seguidos por el Frp y los conservadores.<\/p>\n<p>Hasta hace apenas una semana, las encuestas apuntaban a un resultado mucho m\u00e1s ajustado, con el Frp acerc\u00e1ndose peligrosamente a los laboristas.<\/p>\n<p>La campa\u00f1a electoral ha estado marcada por temas como el aumento de los precios, especialmente de los alimentos, la pol\u00edtica fiscal, el precio de la vivienda y el debate sobre la posible eliminaci\u00f3n del impuesto sobre el patrimonio.<\/p>\n","protected":false},"excerpt":{"rendered":"El bloque gubernamental de centroizquierda liderado por el primer ministro laborista, Jonas Gahr St\u00f8re, se impuso en las&hellip;\n","protected":false},"author":2,"featured_media":102030,"comment_status":"","ping_status":"","sticky":false,"template":"","format":"standard","meta":{"footnotes":""},"categories":[42],"tags":[1765,17,18,13,14,11,61,62,63,64,19,20,9,10,15,16,12,1766,21,22,65,66,67],"class_list":{"0":"post-102029","1":"post","2":"type-post","3":"status-publish","4":"format-standard","5":"has-post-thumbnail","7":"category-internacional","8":"tag-bestof","9":"tag-breaking-news","10":"tag-breakingnews","11":"tag-featured-news","12":"tag-featurednews","13":"tag-headlines","14":"tag-internacional","15":"tag-international","16":"tag-international-news","17":"tag-internationalnews","18":"tag-latest-news","19":"tag-latestnews","20":"tag-news","21":"tag-noticias","22":"tag-noticias-destacadas","23":"tag-noticiasdestacadas","24":"tag-titulares","25":"tag-topix","26":"tag-ultimas-noticias","27":"tag-ultimasnoticias","28":"tag-world","29":"tag-world-news","30":"tag-worldnews"},"share_on_mastodon":{"url":"","error":""},"_links":{"self":[{"href":"https:\/\/www.europesays.com\/es\/wp-json\/wp\/v2\/posts\/102029","targetHints":{"allow":["GET"]}}],"collection":[{"href":"https:\/\/www.europesays.com\/es\/wp-json\/wp\/v2\/posts"}],"about":[{"href":"https:\/\/www.europesays.com\/es\/wp-json\/wp\/v2\/types\/post"}],"author":[{"embeddable":true,"href":"https:\/\/www.europesays.com\/es\/wp-json\/wp\/v2\/users\/2"}],"replies":[{"embeddable":true,"href":"https:\/\/www.europesays.com\/es\/wp-json\/wp\/v2\/comments?post=102029"}],"version-history":[{"count":0,"href":"https:\/\/www.europesays.com\/es\/wp-json\/wp\/v2\/posts\/102029\/revisions"}],"wp:featuredmedia":[{"embeddable":true,"href":"https:\/\/www.europesays.com\/es\/wp-json\/wp\/v2\/media\/102030"}],"wp:attachment":[{"href":"https:\/\/www.europesays.com\/es\/wp-json\/wp\/v2\/media?parent=102029"}],"wp:term":[{"taxonomy":"category","embeddable":true,"href":"https:\/\/www.europesays.com\/es\/wp-json\/wp\/v2\/categories?post=102029"},{"taxonomy":"post_tag","embeddable":true,"href":"https:\/\/www.europesays.com\/es\/wp-json\/wp\/v2\/tags?post=102029"}],"curies":[{"name":"wp","href":"https:\/\/api.w.org\/{rel}","templated":true}]}}