{"id":102037,"date":"2025-09-08T21:49:02","date_gmt":"2025-09-08T21:49:02","guid":{"rendered":"https:\/\/www.europesays.com\/es\/102037\/"},"modified":"2025-09-08T21:49:02","modified_gmt":"2025-09-08T21:49:02","slug":"un-guino-a-su-amigo-joaquin-niemann-la-particular-celebracion-golfistica-de-carlos-alcaraz-tras-su-titulo-del-us-open-la-tercera","status":"publish","type":"post","link":"https:\/\/www.europesays.com\/es\/102037\/","title":{"rendered":"\u00bfUn gui\u00f1o a su amigo Joaqu\u00edn Niemann? La particular celebraci\u00f3n \u201cgolf\u00edstica\u201d de Carlos Alcaraz tras su t\u00edtulo del US Open &#8211; La Tercera"},"content":{"rendered":"<ol>\n<li><a href=\"https:\/\/news.google.com\/rss\/articles\/CBMi-AFBVV95cUxOWkFoRHdyZDl1OTgwMU41bnVzM19lWHd6Wm1oa2l2OFJwc2Q0Smg1Z3NFNW01X3d2M2ptUFYtZml0RHBIVGlzd1JVYWstZTFGWGVUbWNEMzBBQkJHR2ZrTERCU0tQS01rTm1tazZnUF93Q1k0NGZrX3hncVF2YlFIcEp3TXF1S1pUS05ZM05NTXpUbDhhVjlSTjhwN0s2Y25vb0VYYlA1V2R5VjNBRFBkODRPR0VtNTUwVndja2xpLVBtOHRSQ1BrTUxzRUljN2IxeE5reml1c3FyNTFxWWVzenpDdDNLX29oaF94TWtyMHczcjBUdWFfNdIBmgJBVV95cUxOa01aZWxoaEkxSlpaWE9EV0pldFl0a2pQSjU0aFhUN1dTblgyU2FBZTlHR05lemswSmd0OUtmdy1lYWZqMFRZNUpNS196U3NNai05RW8zNmo2Y3dsaGwzR0xIMi1mRUYycURaWFZIV1BOeEJjVzE4RDQtc2V2UC0tUUNQWEpTZWRpcF9qbC1CS1dWOFdldDEzYTZYRDBoY0xqNWhVaWVhbS1kSDBNa2kyUEZOcEEycmN4QlFRT1pKdW5obnpBWFJXZmhQSUVQemFIOUppLUNTVXZ3WHU4SFhZRjM4RXRFX2FDbEJUQ2Vld3lxbzVRRVR3N3BoZkVKbjh0ck96VC1qWTBOM2JhN0FEcUw2MmYzTERjZlE?oc=5\" target=\"_blank\" rel=\"nofollow noopener\">\u00bfUn gui\u00f1o a su amigo Joaqu\u00edn Niemann? La particular celebraci\u00f3n \u201cgolf\u00edstica\u201d de Carlos Alcaraz tras su t\u00edtulo del US Open<\/a>&nbsp;&nbsp;La Tercera<\/li>\n<li><a href=\"https:\/\/news.google.com\/rss\/articles\/CBMiugFBVV95cUxQRUZUWVh3b0ZLNGpFWkJNM0pwRlFhaEFVMlVwd2VfVVRFU1NDUjhNYnJUMU5idjBoLUd3UDl4TzJXSGJ5VU9sSnBMbll1WmRHU2JVY0ZxRVBwMkRwUm5WWUJ3OXBKaVpHZ0FUZ1VGRGFpYk0yVHg3SHBWRnZqZ2R0UWlYaTdiWGRyRVBhQTl0MGkyYWg3NjNWZlVkaWhlcnZFU2tVTGd5UmNIbjg1Z1EtZmN5c21OY1UzYUHSAc4BQVVfeXFMUGdtYnVWOFRGRDBpQkl1ZklFXzhhMmlmT2dwdXpBRkM1cG0yUFM0ZG1NZl9zeGNxUUlJQkZJa1BkMHV5NG1IYW1wM2kxUHIxR0cydEU5ZC1wZURYbmNWd19XaVpyTGlycTdaSFZpZmtUdXVzSzA5U0p3bk5BRGNLcGdUWVhKQ3dJS2dLOGNjZmQtNW5KV0xNU0ctY2tRQTZfNVVDd3R2eVJQQnB0N2lmV0VSSHN5U2IwMUZEVUNtSXlaMmVmMEVxSFBlMVduekE?oc=5\" target=\"_blank\" rel=\"nofollow noopener\">Alcaraz: \u201cDavid (Puig) y yo le ganamos 400 d\u00f3lares a Sergio (Garc\u00eda) y a Juan Carlos (Ferrero)\u201d<\/a>&nbsp;&nbsp;Diario AS<\/li>\n<li><a href=\"https:\/\/news.google.com\/rss\/articles\/CBMizwFBVV95cUxOelBZOWpjdUpBRXp5TWFNQWtteG45c3lEQmtQYVpQZUlsMGt1S3JDQlhTNUNQOHlOUXFyTnMtelFyMElIY1JfekxzRzBjSGNOTzgxcm5GeXhOcmwzV3lGSC1RN056ay1LWmhBNnhtUUpOM1d5MkFUTUI0czF3VFVCR1RHRXBobDdFWHoxRkZjTzhBWU94WHA5SURDRDNCU3FLUlZGVlBCcGg4WmpESHNnVlllZ2JGS0p6S0k4QWNWX1kyb0tabFlYZHh1QURYVG8?oc=5\" target=\"_blank\" rel=\"nofollow noopener\">US Open 2025 | Inside Alcaraz: La receta antes de las semifinales: tenis, golf y descanso<\/a>&nbsp;&nbsp;Eurosport<\/li>\n<li><a href=\"https:\/\/news.google.com\/rss\/articles\/CBMiwwFBVV95cUxNRE9MY2NKZi12bmZLSzNrUG9kOEEzcTE1ZHRCQ0RoZ2V4OVFPNTBNV0ppcUFzZTU3S1Z5Ni0zaURTU3c5TTdQRnZrSk1yQVQ0X3llRlVIX0xyNm1JS1pDVWJYbEh3Wk5DNlNXTDZDSWI4RmxDWnczY3FmaXdwMW02dkhaUTBqci1aZTBEY0ItSnpXZ0VjR1dQV0VEc0JHVGJDWFl4RTRCTXVFRjRCRFAtQ184dE92MjgwX1NocDF4QkRKQTQ?oc=5\" target=\"_blank\" rel=\"nofollow noopener\">Alcaraz, a Sergio Garc\u00eda: \u00abMe debes 200 d\u00f3lares\u00bb<\/a>&nbsp;&nbsp;diariodenavarra.es<\/li>\n<li><a href=\"https:\/\/news.google.com\/rss\/articles\/CBMigAFBVV95cUxQRFNaZFBlZXVhQmtqSTRHRl80eUhyZVk3cjROcURBbWxsT2lfSHFMU3BXV3BQcklQVjdoMFJFYlJXcnM1cU0tZDFVNzF2Vnp3M2pCcUNjWDRQQlRxb3FycGNVOURNUmJRMXJ2WGdfTFRvR3hyb2MtRnBUTWZVZmlfdA?oc=5\" target=\"_blank\" rel=\"nofollow noopener\">El golf, la v\u00eda de escape de Alcaraz en plena batalla del US Open<\/a>&nbsp;&nbsp;ATP Tour<\/li>\n<\/ol>\n","protected":false},"excerpt":{"rendered":"\u00bfUn gui\u00f1o a su amigo Joaqu\u00edn Niemann? La particular celebraci\u00f3n \u201cgolf\u00edstica\u201d de Carlos Alcaraz tras su t\u00edtulo del&hellip;\n","protected":false},"author":2,"featured_media":7497,"comment_status":"","ping_status":"","sticky":false,"template":"","format":"standard","meta":{"footnotes":""},"categories":[275],"tags":[168,25,24,329,23,167],"class_list":{"0":"post-102037","1":"post","2":"type-post","3":"status-publish","4":"format-standard","5":"has-post-thumbnail","7":"category-golf","8":"tag-deportes","9":"tag-es","10":"tag-espana","11":"tag-golf","12":"tag-spain","13":"tag-sports"},"share_on_mastodon":{"url":"","error":""},"_links":{"self":[{"href":"https:\/\/www.europesays.com\/es\/wp-json\/wp\/v2\/posts\/102037","targetHints":{"allow":["GET"]}}],"collection":[{"href":"https:\/\/www.europesays.com\/es\/wp-json\/wp\/v2\/posts"}],"about":[{"href":"https:\/\/www.europesays.com\/es\/wp-json\/wp\/v2\/types\/post"}],"author":[{"embeddable":true,"href":"https:\/\/www.europesays.com\/es\/wp-json\/wp\/v2\/users\/2"}],"replies":[{"embeddable":true,"href":"https:\/\/www.europesays.com\/es\/wp-json\/wp\/v2\/comments?post=102037"}],"version-history":[{"count":0,"href":"https:\/\/www.europesays.com\/es\/wp-json\/wp\/v2\/posts\/102037\/revisions"}],"wp:featuredmedia":[{"embeddable":true,"href":"https:\/\/www.europesays.com\/es\/wp-json\/wp\/v2\/media\/7497"}],"wp:attachment":[{"href":"https:\/\/www.europesays.com\/es\/wp-json\/wp\/v2\/media?parent=102037"}],"wp:term":[{"taxonomy":"category","embeddable":true,"href":"https:\/\/www.europesays.com\/es\/wp-json\/wp\/v2\/categories?post=102037"},{"taxonomy":"post_tag","embeddable":true,"href":"https:\/\/www.europesays.com\/es\/wp-json\/wp\/v2\/tags?post=102037"}],"curies":[{"name":"wp","href":"https:\/\/api.w.org\/{rel}","templated":true}]}}