{"id":102043,"date":"2025-09-08T21:53:10","date_gmt":"2025-09-08T21:53:10","guid":{"rendered":"https:\/\/www.europesays.com\/es\/102043\/"},"modified":"2025-09-08T21:53:10","modified_gmt":"2025-09-08T21:53:10","slug":"jabari-parker-un-adios-al-barca-sin-amargura","status":"publish","type":"post","link":"https:\/\/www.europesays.com\/es\/102043\/","title":{"rendered":"Jabari Parker, un adi\u00f3s al Bar\u00e7a \u201csin amargura\u201d"},"content":{"rendered":"<p class=\"ft-text ft-helper-align-justify\"><strong>Jabari Parker ya est\u00e1 concentrado en su nuevo club, el Partizan de de Belgrado, en su nuevo destino<\/strong> <a class=\"ft-link ft-link--decoration\" href=\"https:\/\/www.sport.es\/es\/noticias\/barca\/baloncesto\/oficial-barca-rescinde-jabari-parker-118952380\" rel=\"nofollow noopener\" target=\"_blank\">despu\u00e9s de salir del Bar\u00e7a este pasado verano en una decisi\u00f3n sorprendente<\/a>, pero que complaci\u00f3 al jugador y al conjunto azulgrana, por lo que la relaci\u00f3<strong>n acab\u00f3 a buenas, a diferencia de otras estrellas que dejaron el Bar\u00e7a<\/strong>.<\/p>\n<p class=\"ft-text ft-helper-align-justify\"><strong>\u201cEl Barcelona me dio la oportunidad de marcharme, fue mi decisi\u00f3n\u201d, aseguraba en una entrevista al portal Basketball Sphere<\/strong>. \u201cNo tuve nunca ning\u00fan problema con el club, lo respeto mucho y le estoy muy agradecido, fue maravilloso\u201d, explicaba.<\/p>\n<p class=\"ft-text ft-helper-align-justify\">\u201cNo fue una mala experiencia, fue un sue\u00f1o hecho realidad.\u201d,dijo. \u201cNo se trataba solo de llegar a los playoffs, siempre quer\u00edamos trofeos. <strong>No quiero decir que dej\u00e9 el club por amargura, simplemente quer\u00eda un cambio y jugar en el Partizan, con estos jugadores<\/strong>\u00ab, asegur\u00f3 Parker, feliz de su nuevo destino.<\/p>\n<p><img decoding=\"async\" src=\"https:\/\/www.europesays.com\/es\/wp-content\/uploads\/2025\/09\/7fd644b6-a0ff-4901-90e6-160d183a2389_alta-libre-aspect-ratio_default_0.jpg\" width=\"1200\" height=\"675\" alt=\"El estadounidense afirm\u00f3 en una entrevista en Basketball Sphere sus buenos recuerdos de blaugrana\" class=\"ft-helper-img-rd\" loading=\"lazy\" hasdataaida=\"true\"\/><\/p>\n<p class=\"ft-helper-fontColor-quaternary ft-helper-fontSize-body-S ft-helper-spacer-t-xxs\">El estadounidense afirm\u00f3 en una entrevista en Basketball Sphere sus buenos recuerdos de blaugrana  \/ SPHERE<\/p>\n<p>Contento con sus nuevos compa\u00f1eros<\/p>\n<p class=\"ft-text ft-helper-align-justify\">\u00abJugu\u00e9 con Sterling Brown en el instituto, conozco a Shake Milton y Frank Ntilikina de la NBA, y tambi\u00e9n jugu\u00e9 contra Tyrique Jones. Este es un grupo de chicos que me hizo querer arriesgarme y fichar por el Partizan\u00bb, manifest\u00f3.<\/p>\n<p class=\"ft-text ft-helper-align-justify\">Con Kevin Punter, asegura que \u201c<strong>me encantar\u00eda volver a jugar con \u00e9l<\/strong>,<strong> pero en este momento quer\u00eda el Partizan porque con este grupo de chicos siento que podemos ganar el t\u00edtulo de la Euroliga<\/strong>. No le quito m\u00e9rito al Barcelona, pero necesitaba este reto\u00bb, d<a class=\"ft-link ft-link--decoration\" href=\"https:\/\/www.sport.es\/es\/noticias\/baloncesto\/euroliga\/zeljko-obradovic-deshace-elogios-barca-99437288\" rel=\"nofollow noopener\" target=\"_blank\">ijo el estadounidense, que tambi\u00e9n se mostr\u00f3 expectante al ponerse a las \u00f3rdenes de Zeljko Obradovic<\/a>.<\/p>\n<p><img decoding=\"async\" src=\"https:\/\/www.europesays.com\/es\/wp-content\/uploads\/2025\/09\/16cde954-b1bf-4abf-a6c9-2e7a89d5218f_alta-libre-aspect-ratio_default_0.jpg\" width=\"1200\" height=\"799\" alt=\"Parker est\u00e1 ilusionado de su nueva etapa en el Partizan junto a Zeljko Obradovic\" class=\"ft-helper-img-rd\" loading=\"lazy\" hasdataaida=\"true\"\/><\/p>\n<p class=\"ft-helper-fontColor-quaternary ft-helper-fontSize-body-S ft-helper-spacer-t-xxs\">Parker est\u00e1 ilusionado de su nueva etapa en el Partizan junto a Zeljko Obradovic  \/ PARTIZAN<\/p>\n<p class=\"ft-text ft-helper-align-justify\"><strong>\u00abHe o\u00eddo que siempre est\u00e1 ah\u00ed para ayudar a los jugadores. Cuando el Partizan recibi\u00f3 la informaci\u00f3n de que exist\u00eda la posibilidad de que dejara el Bar\u00e7a, me llam\u00f3<\/strong>. No digo que mis anteriores entrenadores no fueran buenos, pero \u00e9l me recuerda a los que me entrenaron en la universidad y en el instituto. Me recuerda a mi padre\u00bb, asegur\u00f3.<\/p>\n<p class=\"ft-text ft-helper-align-justify\">\u00abMe gusta ese tipo de enfoque porque es exactamente lo que necesito. <strong>Echaba de menos esa parte del aspecto del entrenamiento, y mi impresi\u00f3n es que \u00e9l sacar\u00e1 lo mejor de m\u00ed<\/strong>\u00ab, finaliz\u00f3 Parker.<\/p>\n","protected":false},"excerpt":{"rendered":"Jabari Parker ya est\u00e1 concentrado en su nuevo club, el Partizan de de Belgrado, en su nuevo destino&hellip;\n","protected":false},"author":2,"featured_media":102044,"comment_status":"","ping_status":"","sticky":false,"template":"","format":"standard","meta":{"footnotes":""},"categories":[269],"tags":[35879,299,298,168,25,24,18718,35880,23,167,35878],"class_list":{"0":"post-102043","1":"post","2":"type-post","3":"status-publish","4":"format-standard","5":"has-post-thumbnail","7":"category-baloncesto","8":"tag-al-barca","9":"tag-baloncesto","10":"tag-basketball","11":"tag-deportes","12":"tag-es","13":"tag-espana","14":"tag-jabari-parker","15":"tag-sin-amargura","16":"tag-spain","17":"tag-sports","18":"tag-un-adios"},"share_on_mastodon":{"url":"","error":""},"_links":{"self":[{"href":"https:\/\/www.europesays.com\/es\/wp-json\/wp\/v2\/posts\/102043","targetHints":{"allow":["GET"]}}],"collection":[{"href":"https:\/\/www.europesays.com\/es\/wp-json\/wp\/v2\/posts"}],"about":[{"href":"https:\/\/www.europesays.com\/es\/wp-json\/wp\/v2\/types\/post"}],"author":[{"embeddable":true,"href":"https:\/\/www.europesays.com\/es\/wp-json\/wp\/v2\/users\/2"}],"replies":[{"embeddable":true,"href":"https:\/\/www.europesays.com\/es\/wp-json\/wp\/v2\/comments?post=102043"}],"version-history":[{"count":0,"href":"https:\/\/www.europesays.com\/es\/wp-json\/wp\/v2\/posts\/102043\/revisions"}],"wp:featuredmedia":[{"embeddable":true,"href":"https:\/\/www.europesays.com\/es\/wp-json\/wp\/v2\/media\/102044"}],"wp:attachment":[{"href":"https:\/\/www.europesays.com\/es\/wp-json\/wp\/v2\/media?parent=102043"}],"wp:term":[{"taxonomy":"category","embeddable":true,"href":"https:\/\/www.europesays.com\/es\/wp-json\/wp\/v2\/categories?post=102043"},{"taxonomy":"post_tag","embeddable":true,"href":"https:\/\/www.europesays.com\/es\/wp-json\/wp\/v2\/tags?post=102043"}],"curies":[{"name":"wp","href":"https:\/\/api.w.org\/{rel}","templated":true}]}}