{"id":102057,"date":"2025-09-08T22:01:04","date_gmt":"2025-09-08T22:01:04","guid":{"rendered":"https:\/\/www.europesays.com\/es\/102057\/"},"modified":"2025-09-08T22:01:04","modified_gmt":"2025-09-08T22:01:04","slug":"nico-williams-estara-al-menos-tres-semanas-de-baja-por-la-lesion-sufrida-con-la-roja-en-turquia","status":"publish","type":"post","link":"https:\/\/www.europesays.com\/es\/102057\/","title":{"rendered":"Nico Williams estar\u00e1 al menos tres semanas de baja por la lesi\u00f3n sufrida con La Roja en Turqu\u00eda"},"content":{"rendered":"<p>Nico Williams estar\u00e1 al menos tres semanas de baja debido al problema f\u00edsico que le fren\u00f3 en seco el domingo en Turqu\u00eda, donde la selecci\u00f3n  &#8230; espa\u00f1ola acab\u00f3 por arrasar a la otomana (0-6) en el partido clasificatorio para la Copa del Mundo que se jugar\u00e1 el a\u00f1o que viene en Estados Unidos, Canad\u00e1 y M\u00e9xico. El extremo regres\u00f3 a Bilbao pendiente de someterse a diferentes pruebas diagn\u00f3sticas con el objetivo de conocer el alcance exacto de los da\u00f1os sufridos en el estadio de Konya, escenario de una goleada hist\u00f3rica y en el que el navarro tuvo que pedir el cambio poco antes del descanso. El Athletic examin\u00f3 al futbolista este lunes por la tarde en las instalaciones de Lezama y los resultados confirmaron que el menor de los hermanos Williams sufre una \u00ablesi\u00f3n muscular moderada en la musculatura aductora izquierda\u00bb. En el mejor de los casos, aunque siempre hay que ser prudente con los plazos, volver\u00eda a los terrenos de juego en los primeros d\u00edas de octubre.<\/p>\n<p class=\"v-p\">Un repaso r\u00e1pido al calendario permite concluir que Nico se perder\u00eda al menos cinco partidos entre Liga y Champions. No podr\u00e1 estar el s\u00e1bado en el derbi contra el Alav\u00e9s ni tampoco frente al Arsenal en la jornada inaugural de una nueva edici\u00f3n de la mejor competici\u00f3n de clubes del mundo. Una baja sensible en los planes de Ernesto Valverde, quien deber\u00e1 tirar de recursos para cubrir el flanco izquierdo del ataque rojiblanco. Luego causar\u00eda baja tambi\u00e9n en los compromisos ante Valencia, Girona y Villarreal, mientras que los del Borussia Dortmund y Mallorca estar\u00edan bajo los signos de interrogaci\u00f3n. Lo bueno es que a mediados de octubre hay otro par\u00f3n por selecciones que dar\u00eda m\u00e1s margen al navarro para reaparecer en perfecto estado de revista.<\/p>\n<p class=\"v-p\">Las fuentes m\u00e9dicas consultadas indican que Nico necesitar\u00e1 al menos tres semanas para dejar atr\u00e1s su lesi\u00f3n en el aductor, mientras que las previsiones m\u00e1s pesimistas hablan de hasta un mes y medio de baja. El Athletic conf\u00eda en recuperar a su estrella lo antes posible y disfrutar de su f\u00fatbol en los primeros d\u00edas de octubre, aunque sin correr ning\u00fan tipo de riesgos que impliquen el peligro de una reca\u00edda. Como suele ser habitual en estos casos, el club no quiso avanzar los plazos de recuperaci\u00f3n y se limit\u00f3 a decir que el futbolista \u00abqueda pendiente de evoluci\u00f3n\u00bb. Los m\u00e9dicos rojiblancos trabajan ya en la rehabilitaci\u00f3n de un jugador clave en el esquema de Valverde.<\/p>\n<p>Siete partes m\u00e9dicos<\/p>\n<p class=\"v-p\">Con el de este lunes son siete los partes m\u00e9dicos que ha tenido Nico Williams en el \u00faltimo a\u00f1o. Casi ninguno de ellos ha revestido gravedad, salvo el emitido el pasado 19 de abril en el que se informaba de una \u00abpubalgia\u00bb que le dej\u00f3 fuera de los partidos contra el Real Madrid en la Liga y el Manchester United en las semifinales de la Europa League, entre otros. Ah\u00ed saltaron todas las alarmas y quien m\u00e1s quien menos pens\u00f3 en que el extremo acabar\u00eda pasando por el quir\u00f3fano. Al final se opt\u00f3 por seguir tratamientos conservadores y el menor de los hermanos respondi\u00f3 bien a las terapias planteadas. Ahora volver\u00e1 a parar por un problema muscular que le impedir\u00e1 debutar el martes en la Champions.<\/p>\n<p class=\"v-p\">Los otros partes m\u00e9dicos ten\u00edan que ver con procesos gripales, sobrecargas musculares y contusiones en los tobillos y las rodillas. De hecho, una de ellas, la que sufri\u00f3 en octubre de 2024 en la \u00abzona sacroil\u00edaca izquierda\u00bb, le hizo abandonar la concentraci\u00f3n de la selecci\u00f3n. Ahora bien, los per\u00edodos de baja no sol\u00edan ser largos y Nico tampoco tardaba en integrarse en la din\u00e1mica del grupo. Es lo que el Athletic espera que pase ahora, cuando el calendario se aprieta y los compromisos se suceden. En el mejor de los casos se perder\u00e1 cinco partidos y en el peor, siete.<\/p>\n<p class=\"v-p\">Porque despu\u00e9s del choque frente al Mallorca se abrir\u00e1 una nueva ventana dedicada a los compromisos de las selecciones que, en caso de necesidad, dar\u00eda m\u00e1s margen a Nico para ponerse a punto. Si lo hace antes habr\u00e1 que ver si Luis de la Fuente le llama de nuevo para los duelos ante Georgia y Bulgaria o, por contra, le da un descanso.<\/p>\n","protected":false},"excerpt":{"rendered":"Nico Williams estar\u00e1 al menos tres semanas de baja debido al problema f\u00edsico que le fren\u00f3 en seco&hellip;\n","protected":false},"author":2,"featured_media":102058,"comment_status":"","ping_status":"","sticky":false,"template":"","format":"standard","meta":{"footnotes":""},"categories":[93],"tags":[35882,168,25,24,14924,8252,17841,14988,1446,23,167,11463,308],"class_list":{"0":"post-102057","1":"post","2":"type-post","3":"status-publish","4":"format-standard","5":"has-post-thumbnail","7":"category-deportes","8":"tag-aductor","9":"tag-deportes","10":"tag-es","11":"tag-espana","12":"tag-izquierdo","13":"tag-lesion","14":"tag-moderada","15":"tag-muscular","16":"tag-nico","17":"tag-spain","18":"tag-sports","19":"tag-sufre","20":"tag-williams"},"share_on_mastodon":{"url":"","error":""},"_links":{"self":[{"href":"https:\/\/www.europesays.com\/es\/wp-json\/wp\/v2\/posts\/102057","targetHints":{"allow":["GET"]}}],"collection":[{"href":"https:\/\/www.europesays.com\/es\/wp-json\/wp\/v2\/posts"}],"about":[{"href":"https:\/\/www.europesays.com\/es\/wp-json\/wp\/v2\/types\/post"}],"author":[{"embeddable":true,"href":"https:\/\/www.europesays.com\/es\/wp-json\/wp\/v2\/users\/2"}],"replies":[{"embeddable":true,"href":"https:\/\/www.europesays.com\/es\/wp-json\/wp\/v2\/comments?post=102057"}],"version-history":[{"count":0,"href":"https:\/\/www.europesays.com\/es\/wp-json\/wp\/v2\/posts\/102057\/revisions"}],"wp:featuredmedia":[{"embeddable":true,"href":"https:\/\/www.europesays.com\/es\/wp-json\/wp\/v2\/media\/102058"}],"wp:attachment":[{"href":"https:\/\/www.europesays.com\/es\/wp-json\/wp\/v2\/media?parent=102057"}],"wp:term":[{"taxonomy":"category","embeddable":true,"href":"https:\/\/www.europesays.com\/es\/wp-json\/wp\/v2\/categories?post=102057"},{"taxonomy":"post_tag","embeddable":true,"href":"https:\/\/www.europesays.com\/es\/wp-json\/wp\/v2\/tags?post=102057"}],"curies":[{"name":"wp","href":"https:\/\/api.w.org\/{rel}","templated":true}]}}