{"id":102061,"date":"2025-09-08T22:03:06","date_gmt":"2025-09-08T22:03:06","guid":{"rendered":"https:\/\/www.europesays.com\/es\/102061\/"},"modified":"2025-09-08T22:03:06","modified_gmt":"2025-09-08T22:03:06","slug":"abuela-a-los-56-anos-la-relacion-con-su-hijo-carlo-constanzia-y-la-ruptura-con-su-novio","status":"publish","type":"post","link":"https:\/\/www.europesays.com\/es\/102061\/","title":{"rendered":"abuela a los 56 a\u00f1os, la relaci\u00f3n con su hijo Carlo Constanzia y la ruptura con su novio"},"content":{"rendered":"<p><img decoding=\"async\" class=\"voc-author__img\" src=\"https:\/\/www.europesays.com\/es\/wp-content\/uploads\/2025\/08\/autor-5052-foto-4.png\" alt=\"Mar\u00eda Albert\"\/><\/p>\n<p class=\"voc-p\" style=\"\">Durante muchos a\u00f1os, <strong>Mar Flores<\/strong> fue considerada como una de las mujeres m\u00e1s bellas de Espa\u00f1a. La modelo madrile\u00f1a, que salt\u00f3 a la fama en la d\u00e9cada de los 90 tras ganar el premio &#8216;Rostros de los 90&#8217; de la revista Elle, se acab\u00f3 consolidando a\u00f1os despu\u00e9s como uno de los personajes m\u00e1s pol\u00e9micos de la prensa del coraz\u00f3n gracias a la relaci\u00f3n con su primog\u00e9nito, <strong>Carlo Constanzia<\/strong>, y a sus sonados romances. Entre ellos, <strong>&#8216;La flor de Usera&#8217;<\/strong> se acab\u00f3 codeando con hombres tan conocidos como <a href=\"https:\/\/www.abc.es\/gente\/siete-hijos-bertin-osborne-tragica-muerte-primogenito-20250901204500-nt.html\" title=\"www.abc.es\" data-voc-vtm-id=\"in-text-traffic\" data-mrf-link=\"www.abc.es\" rel=\"nofollow noopener\" target=\"_blank\">Bert\u00edn Osborne<\/a>, Alessandro Lequio o Cayetano Mart\u00ednez de Irujo.<\/p>\n<p class=\"voc-p\" style=\"\">De todos estos noviazgos, as\u00ed como de los esc\u00e1ndalos en los que se vio envuelta durante su \u00e9poca de m\u00e1ximo esplendor, habla ahora en <a href=\"https:\/\/www.abc.es\/gente\/mar-flores-anuncia-libro-memorias-historia-vivencias-20250904100731-nt.html\" title=\"www.abc.es\" data-voc-vtm-id=\"in-text-traffic\" data-mrf-link=\"www.abc.es\" rel=\"nofollow noopener\" target=\"_blank\">sus memorias<\/a>, <strong>&#8216;Mar en Calma&#8217;<\/strong>, que saldr\u00e1 publicado en La Esfera de los Libros el pr\u00f3ximo <strong>10 de septiembre<\/strong>. \u00abYo era demasiado libre y viv\u00eda mi vida como se viv\u00eda fuera de Espa\u00f1a. <strong>La Espa\u00f1a de los 90 no estaba preparada para Mar Flores<\/strong>\u00bb, recuerda ahora sobre todos los conflictos que protagoniz\u00f3 en una entrevista para la revista Vanity Fair.<\/p>\n<p class=\"voc-p\" style=\"\">Con motivo de esta reciente publicaci\u00f3n, la empresaria espa\u00f1ola no ha dejado de aparecer en diversos medios de comunicaci\u00f3n para publicitar esta autobiograf\u00eda. Tambi\u00e9n lo har\u00e1 este lunes 8 de septiembre como primera invitada de la semana de <strong>&#8216;El Hormiguero&#8217;<\/strong>, el programa de <strong>Pablo Motos<\/strong> en <a href=\"https:\/\/www.abc.es\/noticias\/pablo-motos\/\" title=\"www.abc.es\" data-voc-vtm-id=\"in-text-traffic\" data-mrf-link=\"www.abc.es\" rel=\"nofollow noopener\" target=\"_blank\">Antena 3<\/a>. All\u00ed conceder\u00e1 su primera entrevista en televisi\u00f3n sobre el libro y hablar\u00e1 en exclusiva sobre todos los detalles que esconde.<\/p>\n<p>\nDe una compleja infancia en Usera a convertirse en modelo internacional\n<\/p>\n<p class=\"voc-p\" style=\"\">La infancia de Mar Flores no fue nada sencilla, y menos a\u00fan feliz. La madrile\u00f1a creci\u00f3 en la calle de Antonio L\u00f3pez, entre los <strong>barrios de Usera y Legazpi<\/strong>, y desde bien peque\u00f1a tuvo que soportar las burlas por su f\u00edsico. A su <strong>altura de 1,82 metros<\/strong>, que m\u00e1s tarde le valdr\u00eda para destacar sobre las pasarelas, se le sum\u00f3 su complexi\u00f3n delgada y sin apenas desarrollar, convirti\u00e9ndola en el foco del <strong>acoso escolar<\/strong> de muchos de sus compa\u00f1eros durante su juventud. \u00ab<strong>No ten\u00eda amistades y me sent\u00eda excluida y acomplejada<\/strong>. Con catorce a\u00f1os no era el patito feo, sino el m\u00e1s horroroso\u00bb, cont\u00f3 en una entrevista para \u00a1HOLA!.<\/p>\n<p class=\"voc-p\" style=\"\">Por aquel entonces, la espa\u00f1ola no se planteaba siquiera tener una carrera relacionada con el modelaje. En su lugar, apost\u00f3 por <strong>estudiar Psicolog\u00eda por la UNED<\/strong>, hasta que un buen d\u00eda su suerte cambi\u00f3 por completo. Mientras daba un paseo por la calle, una persona le intercept\u00f3 y la invit\u00f3 a apuntarse a un <strong>concurso de belleza<\/strong>. Lo hizo con pocas esperanzas de ganar, pero, para su sorpresa, acab\u00f3 siendo nombrada <strong>Rostro de los Noventa en el a\u00f1o 1989<\/strong>. Un acontecimiento que cambi\u00f3 su vida para siempre.<\/p>\n<p><img decoding=\"async\" loading=\"lazy\" src=\"https:\/\/www.europesays.com\/es\/wp-content\/uploads\/2025\/09\/mar-flores-joven-kJ1C--760x427@diario_abc.jpg\" class=\"voc-img\" width=\"760\" height=\"427\" alt=\"Mar Flores fue una de las modelos m\u00e1s influyentes de los a\u00f1os 90 tras ganar el concurso Rostro de los Noventa\" data-voc-vtm-id=\"in-text-traffic\"\/><\/p>\n<p>Mar Flores fue una de las modelos m\u00e1s influyentes de los a\u00f1os 90 tras ganar el concurso Rostro de los Noventa<\/p>\n<p>Eduardo Ripoll<\/p>\n<p class=\"voc-p\" style=\"\">Este t\u00edtulo, otorgado por la revista Elle, permiti\u00f3 que a Flores se le abriera un nuevo mundo de oportunidades laborales. Gracias a ello, la vimos desfilando para marcas tan reconocidas como <strong>Armani o Cacharel<\/strong>, siendo imagen de otras como <strong>Multiopticas<\/strong>, Freixenet o Montblanc y siendo portada de las grandes revistas espa\u00f1olas de belleza. Adem\u00e1s, consigui\u00f3 hacerse un hueco en el <strong>cine y la televisi\u00f3n<\/strong>, con proyectos como &#8216;VIP Noche&#8217;, &#8216;Bellezas en la nieve&#8217;, &#8216;Compuesta y sin novio&#8217; o &#8216;Los a\u00f1os desnudos&#8217;.<\/p>\n<p>\nLas parejas m\u00e1s conocidas de Mar Flores\n<\/p>\n<p class=\"voc-p\" style=\"\">Al margen de su desempe\u00f1o como modelo, lo cierto es que el otro aspecto por el que ha destacado Mar Flores ha sido su <strong>extensa vida amorosa<\/strong>. Casada en dos ocasiones, a la presentadora no le ha ido especialmente bien en este plano, aunque su <a href=\"https:\/\/www.abc.es\/gente\/mar-flores-abre-album-sensual-verano-indiscreto-20250816150000-nt.html\" title=\"www.abc.es\" data-voc-vtm-id=\"in-text-traffic\" data-mrf-link=\"www.abc.es\" rel=\"nofollow noopener\" target=\"_blank\">repertorio de amantes<\/a> es bien conocido. Entre sus m\u00faltiples conquistas se encuentran nombres conocid\u00edsimos de la jet-set espa\u00f1ola e internacional, as\u00ed como de la televisi\u00f3n de nuestro pa\u00eds. <\/p>\n<p class=\"voc-p\" style=\"\">El primero de ellos fue el cantante <strong>Bert\u00edn Osborne<\/strong>, con el que protagoniz\u00f3 uno de sus primeros &#8216;affaires&#8217; pocos meses despu\u00e9s de saltar a la fama. Ambos <strong>se conocieron en &#8216;VIP Coraz\u00f3n&#8217;<\/strong>, donde la modelo trabajaba entonces como presentadora, aunque el int\u00e9rprete decidi\u00f3 dar por finalizada la relaci\u00f3n antes de que esta fuera a m\u00e1s.<\/p>\n<p class=\"voc-p\" style=\"\">Poco tiempo despu\u00e9s, Flores conocer\u00eda a su primer marido, el arist\u00f3crata y empresario <strong>Carlo Costanzia di Costiglione<\/strong>, con el que se cas\u00f3 en 1992 y junto al que tuvo a su primer hijo, <strong>Carlo Constanzia Jr<\/strong>. No obstante, esta relaci\u00f3n no dur\u00f3 mucho por culpa de los celos del italiano, al que esta defini\u00f3 como <strong>\u00abun hombre violento\u00bb<\/strong>. Tras el gran calvario que supuso su separaci\u00f3n, lleg\u00f3 uno de los peores momentos de su vida: denunci\u00f3 p\u00fablicamente que <strong>su exmarido hab\u00eda secuestrado al ni\u00f1o y se lo hab\u00eda llevado a Italia<\/strong>. \u00abDec\u00eda que yo era una drogadicta, que hab\u00eda trabajado en pel\u00edculas porno. All\u00ed nadie sab\u00eda qui\u00e9n era yo as\u00ed que supongo que muchos le creyeron a \u00e9l\u00bb, seg\u00fan explic\u00f3 a El Mundo.<\/p>\n<p><img decoding=\"async\" loading=\"lazy\" src=\"https:\/\/www.europesays.com\/es\/wp-content\/uploads\/2025\/09\/51094659-kJ1C--760x427@diario_abc.jpg\" class=\"voc-img\" width=\"760\" height=\"427\" alt=\"Mar Flores junto a su exmarido, el empresario italiano Carlo Constanzia di Costiglione\" data-voc-vtm-id=\"in-text-traffic\"\/><\/p>\n<p>Mar Flores junto a su exmarido, el empresario italiano Carlo Constanzia di Costiglione<\/p>\n<p>KP<\/p>\n<p class=\"voc-p\" style=\"\">A\u00f1os despu\u00e9s, a Flores se le relacion\u00f3 con otro gran empresario, <strong>Fernando Fern\u00e1ndez-Tapias<\/strong>, con el que mantuvo un sonado romance durante casi un a\u00f1o. A este lo dej\u00f3 por otro conocido de la prensa rosa espa\u00f1ola, el arist\u00f3crata y colaborador de televisi\u00f3n <strong>Alessandro Lecquio<\/strong>, con el que apenas dur\u00f3 tres meses.<\/p>\n<p class=\"voc-p\" style=\"\">Su noviazgo m\u00e1s sonado fue el que protagoniz\u00f3 con <strong>Cayetano Mart\u00ednez de Irujo<\/strong>, no s\u00f3lo porque ambos se conocieron siendo los solteros de oro de la \u00e9poca, sino por las declaraciones que ambos dejaron tras su ruptura despu\u00e9s de dos a\u00f1os juntos. Se dice que ambos <strong>sellaron su amor en Kenia por el rito zul\u00fa<\/strong>, una ceremonia que no ten\u00eda validez legal en Espa\u00f1a. Posteriormente, \u00e9l habl\u00f3 de la modelo como <strong>\u00abuna mujer maquiav\u00e9lica y fr\u00eda\u00bb<\/strong>, mientras que ella lo calific\u00f3 como <strong>\u00abun hombre desgraciado\u00bb<\/strong> y asegur\u00f3 que su exsuegra, la duquesa de Alba, hab\u00eda amenazado con \u00abdesheredarle\u00bb si segu\u00eda con ella.<\/p>\n<p><img decoding=\"async\" loading=\"lazy\" src=\"https:\/\/www.europesays.com\/es\/wp-content\/uploads\/2025\/09\/51094661-kJ1C--760x427@diario_abc.jpg\" class=\"voc-img\" width=\"760\" height=\"427\" alt=\"Mantuvo una relaci\u00f3n de varios a\u00f1os con el arist\u00f3crata Cayetano Mart\u00ednez de Irujo\" data-voc-vtm-id=\"in-text-traffic\"\/><\/p>\n<p>Mantuvo una relaci\u00f3n de varios a\u00f1os con el arist\u00f3crata Cayetano Mart\u00ednez de Irujo<\/p>\n<p>Korpa<\/p>\n<p class=\"voc-p\" style=\"\">A\u00fan as\u00ed, la modelo tuvo tiempo de volver a casarse. Lo hizo en el a\u00f1o 2001, dos a\u00f1os despu\u00e9s de conocer al que se convertir\u00eda en su marido, <strong>el empresario Javier Merino<\/strong>. Junto a \u00e9l tuvo otros <strong>cuatro hijos y se separ\u00f3 tras 17 a\u00f1os de relaci\u00f3n<\/strong>, en medio de la ruina econ\u00f3mica que este atraves\u00f3 all\u00e1 por 2013. \u00abLa decisi\u00f3n de terminar con mi matrimonio no fue m\u00eda, fue de Javier. Como mujer, me sent\u00ed muy da\u00f1ada, porque no me sent\u00eda que valiera como profesional o como madre estupenda. Esa parte s\u00ed que me cost\u00f3 reconstruirla\u00bb, revel\u00f3 esta.<\/p>\n<p><img decoding=\"async\" loading=\"lazy\" src=\"https:\/\/www.europesays.com\/es\/wp-content\/uploads\/2025\/09\/19694054-kJ1C--760x427@diario_abc.jpg\" class=\"voc-img\" width=\"760\" height=\"427\" alt=\"Flores estuvo casada durante m\u00e1s de una d\u00e9cada con el empresario Javier Merino, del que se separ\u00f3 en 2016\" data-voc-vtm-id=\"in-text-traffic\"\/><\/p>\n<p>Flores estuvo casada durante m\u00e1s de una d\u00e9cada con el empresario Javier Merino, del que se separ\u00f3 en 2016<\/p>\n<p>Bel\u00e9n D\u00edaz Alonso<\/p>\n<p class=\"voc-p\" style=\"\">En los \u00faltimos tiempos, a Mar Flores se la ha relacionado con otros hombres de dinero. Hasta hace unos meses, mantuvo una relaci\u00f3n de casi ocho a\u00f1os con <strong>el magnate mexicano El\u00edas Sacal<\/strong>, con el que rompi\u00f3 en el a\u00f1o 2024. Por su parte, en las \u00faltimas semanas muchos medios han asegurado que podr\u00eda tener una nueva ilusi\u00f3n: <strong>Nicol\u00e1s Corrochano y Anton<\/strong>, un empresario belga 15 a\u00f1os m\u00e1s joven que ella, con el que ya se dej\u00f3 ver hace varios meses.<\/p>\n<p>\nLos cinco hijos de Mar Flores y su relaci\u00f3n con Carlo Constanzia\n<\/p>\n<p class=\"voc-p\" style=\"\">Durante estos a\u00f1os, Mar Flores ha tratado tambi\u00e9n de volcarse con sus cinco hijos: el primero, <strong>Carlo Constanzia<\/strong>, nacido de su matrimonio con <a href=\"https:\/\/www.abc.es\/gente\/imputan-padre-carlo-costanzia-presunto-encubrimiento-hijos-20241108114937-nt.html\" title=\"www.abc.es\" data-voc-vtm-id=\"in-text-traffic\" data-mrf-link=\"www.abc.es\" rel=\"nofollow noopener\" target=\"_blank\">el empresario italiano<\/a> de mismo nombre, y los otros cuatro, <strong>Mauro (19), Beltr\u00e1n (16) y los mellizos Bruno y Dar\u00edo (12)<\/strong>, fruto de su relaci\u00f3n con Javier Merino.<\/p>\n<p class=\"voc-p\" style=\"\">El mayor de todos ha sido tambi\u00e9n el que ha protagonizado m\u00e1s titulares en los \u00faltimos a\u00f1os. El joven, que creci\u00f3 en Italia con su padre, no <a href=\"https:\/\/www.abc.es\/gente\/proyecto-televisivo-une-mar-flores-hijo-carlo-20250804104011-nt.html\" title=\"www.abc.es\" data-voc-vtm-id=\"in-text-traffic\" data-mrf-link=\"www.abc.es\" rel=\"nofollow noopener\" target=\"_blank\">tuvo una infancia feliz<\/a> y lleg\u00f3 a verse envuelto en varios <strong>delitos por estafa<\/strong> hace unos a\u00f1os, por la que acab\u00f3 cumpliendo una <strong>condena de 21 meses<\/strong>, rompiendo por completo el coraz\u00f3n de su madre. \u00ab<strong>Mi hijo se ha equivocado. Es bueno pero est\u00e1 mal influenciado<\/strong>. Yo le amo m\u00e1s que a mi vida, pero quiz\u00e1s no entiende que no se puede permitir muchos m\u00e1s fallos\u00bb, asegur\u00f3 la modelo entonces.<\/p>\n<p class=\"voc-p\" style=\"\">A pesar de estas diferencias casi insalvables entre madre e hijo, en los \u00faltimos meses ambos han reenfocado su relaci\u00f3n y se llevan mejor que nunca, especialmente desde el nacimiento de su \u00fanico nieto.<\/p>\n<p><img decoding=\"async\" loading=\"lazy\" src=\"https:\/\/www.europesays.com\/es\/wp-content\/uploads\/2025\/09\/1499480913-kJ1C--760x427@diario_abc.jpg\" class=\"voc-img\" width=\"760\" height=\"427\" alt=\"Mar Flores y su hijo Carlo Costanzia\" data-voc-vtm-id=\"in-text-traffic\"\/><\/p>\n<p>Mar Flores y su hijo Carlo Costanzia<\/p>\n<p>\nAbuela a los 56 a\u00f1os: as\u00ed se lleva con su nieto y con su nuera, Alejandra Rubio\n<\/p>\n<p class=\"voc-p\" style=\"\">Para Mar Flores, el nacimiento de <strong>su primer nieto, Carl<\/strong>o, fruto del noviazgo de su hijo mayor con <strong>Alejandra Rubio<\/strong>, la primog\u00e9nita de Terelu Campos, ha supuesto todo un <a href=\"https:\/\/www.abc.es\/gente\/carlo-costanzia-sincera-sobre-primeros-dias-padre-20241221125104-nt.html\" title=\"www.abc.es\" data-voc-vtm-id=\"in-text-traffic\" data-mrf-link=\"www.abc.es\" rel=\"nofollow noopener\" target=\"_blank\">cambio en su vida<\/a>. A sus <strong>56 a\u00f1os<\/strong>, la reci\u00e9n estrenada abuela asegura que la llegada del peque\u00f1o ha supuesto un antes y un despu\u00e9s en la relaci\u00f3n con Carlo Jr. \u00ab<strong>El nacimiento de mi nieto ha sido un cord\u00f3n umbilical que nos ha vuelto a unir<\/strong>. Ahora, creo, sin darle explicaciones, que se dar\u00e1 cuenta al ser padre de lo dif\u00edcil que es hacer todo bien\u00bb, ha asegurado la expresentadora en una entrevista con Vanity Fair, reconociendo que ha perdido mucho tiempo con el joven. <\/p>\n<p class=\"voc-p\" style=\"\">Seg\u00fan cont\u00f3 el hijo de la modelo en una entrevista, para Flores el embarazo de su novia fue toda una sorpresa, aunque tambi\u00e9n una gran alegr\u00eda: \u00abCon mi madre pas\u00f3 exactamente lo mismo. Bueno,<strong> a ella le impact\u00f3 un poco m\u00e1s, pero se lo tom\u00f3 muy bien<\/strong>. Se puso supercontenta y me dijo que <strong>nos iba a apoyar en cualquier cosa<\/strong>. Fue muy bien, la verdad. Mejor de lo que yo me esperaba\u00bb.<\/p>\n<p class=\"voc-p\" style=\"\">En estos meses desde el nacimiento del peque\u00f1o, Mar Flores <strong>se ha volcado con el ni\u00f1o<\/strong> y tambi\u00e9n con su nuera, Alejandra Rubio. De hecho, lleg\u00f3 a <strong>regalarles la primera casa<\/strong> que compr\u00f3 con su sueldo de modelo: \u00ab<strong>Se la he regalado. Yo he ganado dinero porque llevo muchos a\u00f1os trabajando<\/strong>. Mi primera casa me la compr\u00e9 yo; mi segunda casa me la compr\u00e9 yo; mi tercera casa me la compr\u00e9 yo; mi primer negocio grande lo hice yo&#8230; Y mis hijos los he hecho yo. Entonces, las cosas m\u00e1s importantes de mi vida las he hecho yo\u00bb, ha contado en esta charla, dejando claro que nunca ha sido una mantenida. <\/p>\n<p>Reportar un error<\/p>\n","protected":false},"excerpt":{"rendered":"Durante muchos a\u00f1os, Mar Flores fue considerada como una de las mujeres m\u00e1s bellas de Espa\u00f1a. La modelo&hellip;\n","protected":false},"author":2,"featured_media":102062,"comment_status":"","ping_status":"","sticky":false,"template":"","format":"standard","meta":{"footnotes":""},"categories":[91],"tags":[20265,988,35883,35884,146,147,25,24,9646,30,195,25265,3053,5977,24555,23,2606],"class_list":{"0":"post-102061","1":"post","2":"type-post","3":"status-publish","4":"format-standard","5":"has-post-thumbnail","7":"category-entretenimiento","8":"tag-abuela","9":"tag-anos","10":"tag-carlo","11":"tag-constanzia","12":"tag-entertainment","13":"tag-entretenimiento","14":"tag-es","15":"tag-espana","16":"tag-flores","17":"tag-hijo","18":"tag-mar","19":"tag-novio","20":"tag-personal","21":"tag-relacion","22":"tag-ruptura","23":"tag-spain","24":"tag-vida"},"share_on_mastodon":{"url":"","error":""},"_links":{"self":[{"href":"https:\/\/www.europesays.com\/es\/wp-json\/wp\/v2\/posts\/102061","targetHints":{"allow":["GET"]}}],"collection":[{"href":"https:\/\/www.europesays.com\/es\/wp-json\/wp\/v2\/posts"}],"about":[{"href":"https:\/\/www.europesays.com\/es\/wp-json\/wp\/v2\/types\/post"}],"author":[{"embeddable":true,"href":"https:\/\/www.europesays.com\/es\/wp-json\/wp\/v2\/users\/2"}],"replies":[{"embeddable":true,"href":"https:\/\/www.europesays.com\/es\/wp-json\/wp\/v2\/comments?post=102061"}],"version-history":[{"count":0,"href":"https:\/\/www.europesays.com\/es\/wp-json\/wp\/v2\/posts\/102061\/revisions"}],"wp:featuredmedia":[{"embeddable":true,"href":"https:\/\/www.europesays.com\/es\/wp-json\/wp\/v2\/media\/102062"}],"wp:attachment":[{"href":"https:\/\/www.europesays.com\/es\/wp-json\/wp\/v2\/media?parent=102061"}],"wp:term":[{"taxonomy":"category","embeddable":true,"href":"https:\/\/www.europesays.com\/es\/wp-json\/wp\/v2\/categories?post=102061"},{"taxonomy":"post_tag","embeddable":true,"href":"https:\/\/www.europesays.com\/es\/wp-json\/wp\/v2\/tags?post=102061"}],"curies":[{"name":"wp","href":"https:\/\/api.w.org\/{rel}","templated":true}]}}