{"id":102071,"date":"2025-09-08T22:09:08","date_gmt":"2025-09-08T22:09:08","guid":{"rendered":"https:\/\/www.europesays.com\/es\/102071\/"},"modified":"2025-09-08T22:09:08","modified_gmt":"2025-09-08T22:09:08","slug":"el-recoletas-atletico-valladolid-presente-en-la-puesta-de-largo-de-la-asobal","status":"publish","type":"post","link":"https:\/\/www.europesays.com\/es\/102071\/","title":{"rendered":"El Recoletas Atl\u00e9tico Valladolid, presente en la puesta de largo de la Asobal"},"content":{"rendered":"<p class=\"paragraph\">Una nueva edici\u00f3n de la Liga Asobal, este a\u00f1o bajo el nombre de\u00a0la Liga NEXUS ENERG\u00cdA ASOBAL, espera impaciente en la parrilla de salida. Y con los motores de los 16 equipos ya calentando ASOBAL celebr\u00f3 en la ma\u00f1ana de este lunes en la Fundaci\u00f3n Pons el \u2018Sponsor Day 2025\/2026\u2019, cita clave para fortalecer el ecosistema de la \u00e9lite del balonmano masculino espa\u00f1ol de clubes, la presentaci\u00f3n de manera oficial la competici\u00f3n dom\u00e9stica que arranca el pr\u00f3ximo fin de semana y el el que el recoletas Atl\u00e9tico Valladolid recibir\u00e1 en su fort\u00edn de Huerta del rey al BM Huesca (domingo; 12.30 horas).\u00a0<\/p>\n<p>            <a href=\"#\" title=\"\"><\/p>\n<p>                    <img loading=\"lazy\" decoding=\"async\" data-index=\"\" width=\"140\" height=\"140\" alt=\"Una acci\u00f3n del partido entre Recoletas y Cuenca en \u00cdscar.\" data-full=\"[object Object]\" data-original=\"[object Object]\" src=\"https:\/\/imagenes.diariodevalladolid.es\/files\/related_image\/uploads\/2025\/09\/05\/68bb3c0a7cded.jpeg\" data-full-src=\"https:\/\/www.europesays.com\/es\/wp-content\/uploads\/2025\/09\/68bb3c0a7cded.jpeg\"\/><\/p>\n<p>            <\/a><\/p>\n<p class=\"paragraph\">Patrocinadores, instituciones, medios de comunicaci\u00f3n y clubes, entre ellos el Recoletas Atl\u00e9tico Valladolid, representado en la figura de su presidente Mario Arranz, vocal de la Asobal y mimbro tambi\u00e9n de la Comisi\u00f3n Delegada,\u00a0 se presentaba en sociedad la Liga Nexus Energ\u00eda Asobal 2025-2026 con muchas novedades y con el deseo de seguir creciendo y fortaleci\u00e9ndose.\u00a0<\/p>\n<p class=\"paragraph\">El presidente de ASOBAL, Servando Revuelta, explic\u00f3 c\u00f3mo \u201cel trabajo que est\u00e1n haciendo los clubes sirve para mejorar la competitividad y potenciar el producto deportivo\u201d, adem\u00e1s de poner el foco en el trabajo que llevar\u00e1 ASOBAL a cabo. El Sponsor Day ha escenificado el pistoletazo de salida al programa estrat\u00e9gico anual, buscando mantener la tendencia al alza del proyecto, definici\u00f3n de valores de marca, notoriedad y capacidad de ampliar los m\u00e1rgenes del producto deportivo.<\/p>\n<p class=\"paragraph\">Precisamente, una de las aristas para potenciar el producto audiovisual vendr\u00e1 de la mano de LALIGA y LALIGA+, que emitir\u00e1 un a\u00f1o m\u00e1s los 240 partidos de la Liga NEXUS ENERG\u00cdA ASOBAL. La competici\u00f3n estrenar\u00e1, adem\u00e1s, una franja fija en la parrilla televisiva convencional a trav\u00e9s de Teledeporte, focalizada en la emisi\u00f3n de los \u2018Partidos de la Jornada\u2019.<\/p>\n<p class=\"paragraph\">El presidente del BM Atl\u00e9tico Valladolid, Mario Arranz se mostraba ilusionado por la magnitud que ha ido adquiriendo la Liga Asobal. El progreso de ASOBAL en los \u00faltimos 5 a\u00f1os, tras la pandemia, es m\u00e1s que notable. La profesionalizaci\u00f3n de la LIGA ASOBAL ha sido un punto de apoyo para desarrollar proyectos propios que no ten\u00edan cabida en el pasado. La industria del deporte es cada d\u00eda m\u00e1s competitiva as\u00ed que todos los clubes debemos seguir trabajando en mejorar el producto, tambi\u00e9n de la mano de nuestro partner televisivo. La llegada del nuevo title sponsor NEXUS ENERGIA a la LIGA ASOBAL debe ser otro empuj\u00f3n m\u00e1s en este sentido\u00bb.<\/p>\n<p class=\"paragraph\">Cabe recordar que\u00a0 la competici\u00f3n seguir\u00e1 reforzando el v\u00ednculo con sus aficionados a trav\u00e9s del proyecto de la \u2018Comunidad ASOBAL\u2019, la definici\u00f3n de eventos como la Gala ASOBAL, una amplia oferta de contenido de \u2018sportainment\u2019 online y offline e iniciativas vinculadas a Nexus Energ\u00eda y Decathlon.<\/p>\n<p class=\"paragraph\">La implementaci\u00f3n del proyecto en materia de sostenibilidad social, econ\u00f3mica y medioambiental, pionero en Espa\u00f1a, que arranc\u00f3 oficialmente antes del inicio de la segunda vuelta de la temporada 2024\/2025, ha permitido a los 16 clubes de la \u00e9lite del balonmano masculino espa\u00f1ol poner en marcha diferentes iniciativas medibles y evaluables, dot\u00e1ndoles de herramientas para crecer vertical y transversalmente.<\/p>\n<p>Un nuevo bal\u00f3n, el KIPSTA HB 900<\/p>\n<p>obre la pista, el estreno del Kipsta HB900 como nuevo bal\u00f3n oficial de la Liga NEXUS ENERG\u00cdA ASOBAL se erige como otro de los grandes alicientes de la temporada. La decidida apuesta de Decathlon por ASOBAL genera nuevas sinergias estrat\u00e9gicas para mejorar la puesta en escena y la visibilidad del espect\u00e1culo de la competici\u00f3n profesional.<\/p>\n<p class=\"paragraph\">El acto ha definido un espacio de di\u00e1logo e intercambio de ideas entre marcas, con diferentes exposiciones, instituciones, medios y profesionales del sector -como la prestigiosa SPSG Consulting-, para seguir impulsando acciones que fortalezcan la proyecci\u00f3n del balonmano espa\u00f1ol tanto a nivel nacional como internacional, colocando a sus clubes en el epicentro del proyecto.<\/p>\n<p>Asobal Hub<\/p>\n<p>ASOBAL lanza este curso la ASOBAL Hub, un proyecto que apoyar\u00e1 y dotar\u00e1 de herramientas a los clubes para que puedan crecer y desarrollarse en los diferentes \u00e1mbitos que intervienen en el business deportivo. A trav\u00e9s de un programa de sesiones workshop y seminarios tem\u00e1ticos, la entidad busca apoyar y potenciar su profesionalizaci\u00f3n.<\/p>\n<p class=\"paragraph\">Adem\u00e1s, el Sponsor Day ASOBAL ha contado con la presencia de Antonio Garc\u00eda, leyenda del balonmano nacional e internacional, que ahora compagina sus responsabilidades como entrenador ayudante en Fraikin BM. Granollers y como embajador de ASOBAL: \u201cAhora vivo de una forma distinta el balonmano y lo veo desde otro lado, pero sigo disfrutando como siempre\u201d.<\/p>\n","protected":false},"excerpt":{"rendered":"Una nueva edici\u00f3n de la Liga Asobal, este a\u00f1o bajo el nombre de\u00a0la Liga NEXUS ENERG\u00cdA ASOBAL, espera&hellip;\n","protected":false},"author":2,"featured_media":102072,"comment_status":"","ping_status":"","sticky":false,"template":"","format":"standard","meta":{"footnotes":""},"categories":[278],"tags":[376,13706,168,25,24,375,1675,2950,3134,23,167],"class_list":{"0":"post-102071","1":"post","2":"type-post","3":"status-publish","4":"format-standard","5":"has-post-thumbnail","7":"category-balonmano","8":"tag-balonmano","9":"tag-competitividad","10":"tag-deportes","11":"tag-es","12":"tag-espana","13":"tag-handball","14":"tag-liga-asobal","15":"tag-medios-de-comunicacion","16":"tag-recoletas-atletico-valladolid","17":"tag-spain","18":"tag-sports"},"share_on_mastodon":{"url":"","error":""},"_links":{"self":[{"href":"https:\/\/www.europesays.com\/es\/wp-json\/wp\/v2\/posts\/102071","targetHints":{"allow":["GET"]}}],"collection":[{"href":"https:\/\/www.europesays.com\/es\/wp-json\/wp\/v2\/posts"}],"about":[{"href":"https:\/\/www.europesays.com\/es\/wp-json\/wp\/v2\/types\/post"}],"author":[{"embeddable":true,"href":"https:\/\/www.europesays.com\/es\/wp-json\/wp\/v2\/users\/2"}],"replies":[{"embeddable":true,"href":"https:\/\/www.europesays.com\/es\/wp-json\/wp\/v2\/comments?post=102071"}],"version-history":[{"count":0,"href":"https:\/\/www.europesays.com\/es\/wp-json\/wp\/v2\/posts\/102071\/revisions"}],"wp:featuredmedia":[{"embeddable":true,"href":"https:\/\/www.europesays.com\/es\/wp-json\/wp\/v2\/media\/102072"}],"wp:attachment":[{"href":"https:\/\/www.europesays.com\/es\/wp-json\/wp\/v2\/media?parent=102071"}],"wp:term":[{"taxonomy":"category","embeddable":true,"href":"https:\/\/www.europesays.com\/es\/wp-json\/wp\/v2\/categories?post=102071"},{"taxonomy":"post_tag","embeddable":true,"href":"https:\/\/www.europesays.com\/es\/wp-json\/wp\/v2\/tags?post=102071"}],"curies":[{"name":"wp","href":"https:\/\/api.w.org\/{rel}","templated":true}]}}