{"id":102075,"date":"2025-09-08T22:11:07","date_gmt":"2025-09-08T22:11:07","guid":{"rendered":"https:\/\/www.europesays.com\/es\/102075\/"},"modified":"2025-09-08T22:11:07","modified_gmt":"2025-09-08T22:11:07","slug":"video-el-nocaut-mas-extremo-en-la-historia-de-las-artes-marciales-mixtas-en-la-ufc-paris-publinews","status":"publish","type":"post","link":"https:\/\/www.europesays.com\/es\/102075\/","title":{"rendered":"VIDEO. El nocaut m\u00e1s extremo en la historia de las artes marciales mixtas en la UFC Par\u00eds \u2013 Publinews"},"content":{"rendered":"<p class=\"c-paragraph\">Un desenlace poco com\u00fan se vivi\u00f3 este s\u00e1bado en UFC Par\u00eds, donde Kaue Fernandes venci\u00f3 de forma contundente al debutante brit\u00e1nico Harry Hardwick en una de las peleas preliminares. El brasile\u00f1o se impuso en la primera ronda gracias a una efectiva estrategia centrada en castigar las piernas de su oponente con ferocidad.<\/p>\n<p class=\"c-paragraph\"><b>Te podr\u00eda interesar: <\/b><a href=\"https:\/\/www.publinews.gt\/deportes\/2025\/09\/07\/video-luchador-ruso-de-la-ufc-destroza-a-su-oponente-en-menos-de-un-minuto\/\" target=\"_self\" rel=\"nofollow noopener\" title=\"https:\/\/www.publinews.gt\/deportes\/2025\/09\/07\/video-luchador-ruso-de-la-ufc-destroza-a-su-oponente-en-menos-de-un-minuto\/\"><b>VIDEO. Luchador ruso de la UFC destroza a su oponente en menos de un minuto<\/b><\/a><\/p>\n<p class=\"c-paragraph\">Hardwick, campe\u00f3n de peso pluma de Cage Warriors, acept\u00f3 el combate con poca anticipaci\u00f3n tras la baja de Fares Ziam, quien no pudo participar por el fallecimiento de su abuela. A pesar de su reputaci\u00f3n en el circuito brit\u00e1nico, el debut del ingl\u00e9s en el oct\u00e1gono parisino evidenci\u00f3 las diferencias de nivel en UFC.<\/p>\n<p class=\"c-paragraph\">Desde el inicio, Fernandes apunt\u00f3 a las pantorrillas de Hardwick, debilitando su movilidad hasta forzar su ca\u00edda tras un \u00faltimo impacto devastador. El \u00e1rbitro Herb Dean detuvo la pelea de inmediato, otorgando la victoria al brasile\u00f1o.<\/p>\n<p class=\"c-paragraph\"><b>Te podr\u00eda interesar: <\/b><a href=\"https:\/\/www.publinews.gt\/deportes\/2025\/08\/19\/video-debut-en-el-mma-termina-con-un-brutal-nocaut-jamas-visto-en-la-ufc\/\" target=\"_self\" rel=\"nofollow noopener\" title=\"https:\/\/www.publinews.gt\/deportes\/2025\/08\/19\/video-debut-en-el-mma-termina-con-un-brutal-nocaut-jamas-visto-en-la-ufc\/\"><b>VIDEO. Debut en el MMA termina con un brutal nocaut jam\u00e1s visto en la UFC<\/b><\/a><\/p>\n<p class=\"c-paragraph\">La escena fue tan impactante que Hardwick debi\u00f3 abandonar la jaula en silla de ruedas. Seg\u00fan UFC, este fue el decimonoveno nocaut por patadas en la historia de la organizaci\u00f3n. La actuaci\u00f3n gener\u00f3 cr\u00edticas duras, incluyendo la del veterano Cub Swanson, quien cuestion\u00f3 duramente el desempe\u00f1o del brit\u00e1nico en redes sociales. <\/p>\n","protected":false},"excerpt":{"rendered":"Un desenlace poco com\u00fan se vivi\u00f3 este s\u00e1bado en UFC Par\u00eds, donde Kaue Fernandes venci\u00f3 de forma contundente&hellip;\n","protected":false},"author":2,"featured_media":102076,"comment_status":"","ping_status":"","sticky":false,"template":"","format":"standard","meta":{"footnotes":""},"categories":[276],"tags":[4555,35885,168,25,24,34343,34344,23,167,343,29488,2338],"class_list":{"0":"post-102075","1":"post","2":"type-post","3":"status-publish","4":"format-standard","5":"has-post-thumbnail","7":"category-ufc","8":"tag-artes-marciales-mixtas","9":"tag-cage-warriors","10":"tag-deportes","11":"tag-es","12":"tag-espana","13":"tag-harry-hardwick","14":"tag-kaue-fernandes","15":"tag-spain","16":"tag-sports","17":"tag-ufc","18":"tag-ufc-paris","19":"tag-video"},"share_on_mastodon":{"url":"","error":""},"_links":{"self":[{"href":"https:\/\/www.europesays.com\/es\/wp-json\/wp\/v2\/posts\/102075","targetHints":{"allow":["GET"]}}],"collection":[{"href":"https:\/\/www.europesays.com\/es\/wp-json\/wp\/v2\/posts"}],"about":[{"href":"https:\/\/www.europesays.com\/es\/wp-json\/wp\/v2\/types\/post"}],"author":[{"embeddable":true,"href":"https:\/\/www.europesays.com\/es\/wp-json\/wp\/v2\/users\/2"}],"replies":[{"embeddable":true,"href":"https:\/\/www.europesays.com\/es\/wp-json\/wp\/v2\/comments?post=102075"}],"version-history":[{"count":0,"href":"https:\/\/www.europesays.com\/es\/wp-json\/wp\/v2\/posts\/102075\/revisions"}],"wp:featuredmedia":[{"embeddable":true,"href":"https:\/\/www.europesays.com\/es\/wp-json\/wp\/v2\/media\/102076"}],"wp:attachment":[{"href":"https:\/\/www.europesays.com\/es\/wp-json\/wp\/v2\/media?parent=102075"}],"wp:term":[{"taxonomy":"category","embeddable":true,"href":"https:\/\/www.europesays.com\/es\/wp-json\/wp\/v2\/categories?post=102075"},{"taxonomy":"post_tag","embeddable":true,"href":"https:\/\/www.europesays.com\/es\/wp-json\/wp\/v2\/tags?post=102075"}],"curies":[{"name":"wp","href":"https:\/\/api.w.org\/{rel}","templated":true}]}}