{"id":102077,"date":"2025-09-08T22:12:08","date_gmt":"2025-09-08T22:12:08","guid":{"rendered":"https:\/\/www.europesays.com\/es\/102077\/"},"modified":"2025-09-08T22:12:08","modified_gmt":"2025-09-08T22:12:08","slug":"podcast-bola-provisional-entrevista-con-angel-hidalgo-en-wentworth","status":"publish","type":"post","link":"https:\/\/www.europesays.com\/es\/102077\/","title":{"rendered":"Podcast Bola Provisional entrevista con \u00c1ngel Hidalgo en Wentworth"},"content":{"rendered":"<p>&#13;<br \/>\n        &#13;<br \/>\n&#13;<br \/>\n        &#13;<\/p>\n<p>            <a href=\"https:\/\/ten-golf.com\/wp-content\/uploads\/2025\/09\/roryhidalgopodcast.jpg\" data-caption=\"\u00c1ngel Hidalgo, en la \u00faltima ronda del Amgen Irish Open. (\u00a9 Golffile | Fran Caffrey)\" rel=\"nofollow noopener\" target=\"_blank\"><img decoding=\"async\" loading=\"lazy\" width=\"666\" height=\"444\" class=\"entry-thumb td-modal-image\" src=\"https:\/\/www.europesays.com\/es\/wp-content\/uploads\/2025\/09\/roryhidalgopodcast-666x444.jpg\"   alt=\"\u00c1ngel Hidalgo, en la \u00faltima ronda del Amgen Irish Open. (\u00a9 Golffile | Fran Caffrey)\" title=\"\u00c1ngel Hidalgo, en la \u00faltima ronda del Amgen Irish Open. (\u00a9 Golffile | Fran Caffrey)\"\/><\/a>\u00c1ngel Hidalgo, en la \u00faltima ronda del Amgen Irish Open. (\u00a9 Golffile | Fran Caffrey)<\/p>\n<p class=\"e-91090-text encore-text-body-medium\" data-encore-id=\"text\" data-slate-node=\"element\">Nuevo episodio de la <strong>Bola Provisional<\/strong> de Ten Golf con un protagonista de excepci\u00f3n. Hablamos con uno de los nombres propios principales del <strong>Irish Open<\/strong>. Con un jugador que tuvo putt en el \u00faltimo hoyo para meterse en el desempate. Se trata, claro, de <strong>\u00c1ngel Hidalgo<\/strong>. <\/p>\n<p class=\"e-91090-text encore-text-body-medium\" data-encore-id=\"text\" data-slate-node=\"element\">Como siempre, una charla a todo trapo imprescindible. Hablamos de todo, de su domingo, del torneo, de su a\u00f1o complicado, del par\u00f3n para resetear, los dos putts que m\u00e1s le dolieron el domingo, la suerte de los campeones, sus sue\u00f1os de <strong>Ryder Cup<\/strong>, su qu\u00edmica con la c\u00e1mara y, c\u00f3mo no, nos deja una perla con <strong>Rory McIlroy<\/strong>.<\/p>\n<p class=\"e-91090-text encore-text-body-medium\" data-encore-id=\"text\" data-slate-node=\"element\" data-slate-fragment=\"JTVCJTdCJTIydHlwZSUyMiUzQSUyMnBhcmFncmFwaCUyMiUyQyUyMmNoaWxkcmVuJTIyJTNBJTVCJTdCJTIydGV4dCUyMiUzQSUyMk51ZXZvJTIwZXBpc29kaW8lMjBkZSUyMGxhJTIwQm9sYSUyMFByb3Zpc2lvbmFsJTIwZGUlMjBUZW4lMjBHb2xmJTIwY29uJTIwdW4lMjBwcm90YWdvbmlzdGElMjBkZSUyMGV4Y2VwY2klQzMlQjNuLiUyMEhhYmxhbW9zJTIwY29uJTIwdW5vJTIwZGUlMjBsb3MlMjBub21icmVzJTIwcHJvcGlvcyUyMHByaW5jaXBhbGVzJTIwZGVsJTIwSXJpc2glMjBPcGVuLiUyMENvbiUyMHVuJTIwanVnYWRvciUyMHF1ZSUyMHR1dm8lMjBwdXR0JTIwZW4lMjBlbCUyMCVDMyVCQWx0aW1vJTIwaG95byUyMHBhcmElMjBtZXRlcnNlJTIwZW4lMjBlbCUyMGRlc2VtcGF0ZS4lMjBTZSUyMHRyYXRhJTJDJTIwY2xhcm8lMkMlMjBkZSUyMCVDMyU4MW5nZWwlMjBIaWRhbGdvLiUyMENvbW8lMjBzaWVtcHJlJTJDJTIwdW5hJTIwY2hhcmxhJTIwYSUyMHRvZG8lMjB0cmFwbyUyMGltcHJlc2NpbmRpYmxlLiUyMEhhYmxhbW9zJTIwZGUlMjB0b2RvJTJDJTIwZGUlMjBzdSUyMGRvbWluZ28lMkMlMjBkZWwlMjB0b3JuZW8lMkMlMjBkZSUyMHN1JTIwYSVDMyVCMW8lMjBjb21wbGljYWRvJTJDJTIwZGVsJTIwcGFyJUMzJUIzbiUyMHBhcmElMjByZXNldGVhciUyQyUyMGxvcyUyMGRvcyUyMHB1dHRzJTIwcXVlJTIwbSVDMyVBMXMlMjBsZSUyMGRvbGllcm9uJTIwZWwlMjBkb21pbmdvJTJDJTIwbGElMjBzdWVydGUlMjBkZSUyMGxvcyUyMGNhbXBlb25lcyUyQyUyMHN1cyUyMHN1ZSVDMyVCMW9zJTIwZGUlMjBSeWRlciUyMEN1cCUyQyUyMHN1JTIwcXUlQzMlQURtaWNhJTIwY29uJTIwbGElMjBjJUMzJUExbWFyYSUyMHklMkMlMjBjJUMzJUIzbW8lMjBubyUyQyUyMG5vcyUyMGRlamElMjB1bmElMjBwZXJsYSUyMGNvbiUyMFJvcnklMjBNY0lscm95LiUyMiU3RCU1RCU3RCUyQyU3QiUyMnR5cGUlMjIlM0ElMjJwYXJhZ3JhcGglMjIlMkMlMjJjaGlsZHJlbiUyMiUzQSU1QiU3QiUyMnRleHQlMjIlM0ElMjJBZGVtJUMzJUExcyUyQyUyMGNvbiUyMERhdmlkJTIwRHVyJUMzJUExbiUyMHklMjBBbGVqYW5kcm8lMjBSb2RyJUMzJUFEZ3VleiUyMGFuYWxpemFtb3MlMjB0b2RvcyUyMGxvcyUyMGRldGFsbGVzJTIwZGUlMjBsbyUyMHF1ZSUyMG5vcyUyMGRlaiVDMyVCMyUyMGVsJTIwSXJpc2glMjBPcGVuJTJDJTIwbGElMjBlbm9ybWUlMjB2aWN0b3JpYSUyMGRlJTIwTnVyaWElMjBJdHVycmlveiUyQyUyMGVsJTIwdHJpdW5mbyUyMGRlJTIwSmF2aWVyJTIwQmFyY29zJTIweSUyMGxvJTIwcXVlJTIwaGFjZSUyMHBvciUyMGVsJTIwZ29sZiUyMHNpbiUyMHByZXRlbmRlcmxvJTIwYWxndWllbiUyMGNvbW8lMjBDYXJsb3MlMjBBbGNhcmF6LiUyME5vJTIwc2UlMjBwaWVyZGFuJTIwYWwlMjBnYXRvJTIwZGUlMjBEYXZpZCUyMER1ciVDMyVBMW4uLi4lMjIlN0QlNUQlN0QlNUQ=\">Adem\u00e1s, con <strong>David Dur\u00e1n<\/strong> y <strong>Alejandro Rodr\u00edguez<\/strong> analizamos todos los detalles de lo que nos dej\u00f3 el <strong>Irish Open<\/strong>, la enorme victoria de <strong>Nuria Iturrioz<\/strong>, el triunfo de <strong>Javier Barcos<\/strong> y lo que hace por el golf sin pretenderlo alguien como <strong>Carlos Alcaraz<\/strong>. No se pierdan al gato de <strong>David Dur\u00e1n<\/strong>\u2026<\/p>\n<p>        &#13;<br \/>\n&#13;<br \/>\n        &#13;<br \/>\n            &#13;<br \/>\n            &#13;<br \/>\n&#13;<\/p>\n<p class=\"join-telegram\"><img decoding=\"async\" class=\"loading\" src=\"https:\/\/www.europesays.com\/es\/wp-content\/uploads\/2025\/09\/telegram-icon.png\" alt=\"\"\/> S\u00edguenos tambi\u00e9n en <a href=\"https:\/\/telegram.org\/\" target=\"_blank\" style=\"font-weight: normal;\" rel=\"nofollow noopener\">Telegram<\/a> en el canal <a href=\"https:\/\/t.me\/tengolf\" target=\"_blank\" rel=\"nofollow\">@tengolf<\/a><\/p>\n<p>        &#13;<br \/>\n        <a class=\"will-load\" name=\"end-article\" data-id=\"post-208962\"\/>&#13;<\/p>\n","protected":false},"excerpt":{"rendered":"&#13; &#13; &#13; &#13; \u00c1ngel Hidalgo, en la \u00faltima ronda del Amgen Irish Open. (\u00a9 Golffile | Fran&hellip;\n","protected":false},"author":2,"featured_media":102078,"comment_status":"","ping_status":"","sticky":false,"template":"","format":"standard","meta":{"footnotes":""},"categories":[275],"tags":[4688,14081,168,25,24,329,336,2667,339,340,1909,1910,606,23,167],"class_list":{"0":"post-102077","1":"post","2":"type-post","3":"status-publish","4":"format-standard","5":"has-post-thumbnail","7":"category-golf","8":"tag-angel-hidalgo","9":"tag-bola-provisional","10":"tag-deportes","11":"tag-es","12":"tag-espana","13":"tag-golf","14":"tag-notificacion","15":"tag-podcast","16":"tag-portada-america","17":"tag-portada-global","18":"tag-portada-top","19":"tag-portada-top-america","20":"tag-rory-mcilroy","21":"tag-spain","22":"tag-sports"},"share_on_mastodon":{"url":"","error":""},"_links":{"self":[{"href":"https:\/\/www.europesays.com\/es\/wp-json\/wp\/v2\/posts\/102077","targetHints":{"allow":["GET"]}}],"collection":[{"href":"https:\/\/www.europesays.com\/es\/wp-json\/wp\/v2\/posts"}],"about":[{"href":"https:\/\/www.europesays.com\/es\/wp-json\/wp\/v2\/types\/post"}],"author":[{"embeddable":true,"href":"https:\/\/www.europesays.com\/es\/wp-json\/wp\/v2\/users\/2"}],"replies":[{"embeddable":true,"href":"https:\/\/www.europesays.com\/es\/wp-json\/wp\/v2\/comments?post=102077"}],"version-history":[{"count":0,"href":"https:\/\/www.europesays.com\/es\/wp-json\/wp\/v2\/posts\/102077\/revisions"}],"wp:featuredmedia":[{"embeddable":true,"href":"https:\/\/www.europesays.com\/es\/wp-json\/wp\/v2\/media\/102078"}],"wp:attachment":[{"href":"https:\/\/www.europesays.com\/es\/wp-json\/wp\/v2\/media?parent=102077"}],"wp:term":[{"taxonomy":"category","embeddable":true,"href":"https:\/\/www.europesays.com\/es\/wp-json\/wp\/v2\/categories?post=102077"},{"taxonomy":"post_tag","embeddable":true,"href":"https:\/\/www.europesays.com\/es\/wp-json\/wp\/v2\/tags?post=102077"}],"curies":[{"name":"wp","href":"https:\/\/api.w.org\/{rel}","templated":true}]}}