{"id":102081,"date":"2025-09-08T22:14:11","date_gmt":"2025-09-08T22:14:11","guid":{"rendered":"https:\/\/www.europesays.com\/es\/102081\/"},"modified":"2025-09-08T22:14:11","modified_gmt":"2025-09-08T22:14:11","slug":"si-vingegaard-estuviera-al-100-me-habria-atacado","status":"publish","type":"post","link":"https:\/\/www.europesays.com\/es\/102081\/","title":{"rendered":"\u201cSi Vingegaard estuviera al 100%, me habr\u00eda atacado\u00bb"},"content":{"rendered":"<p data-mrf-recirculation=\"Links P\u00e1rrafos\" class=\"ue-c-article__paragraph paragraph ue-c-article--first-letter-highlighted\">El luso, segundo\u00a0de <strong>LaVuelta 2025,<\/strong> afronta con ambici\u00f3n la \u00faltima semana de carrera. El del UAE reconoce en <strong>MARCA<\/strong> que no est\u00e1 en su mejor momento f\u00edsico, pero se aferra a la crono y a las etapas decisivas para intentar desbancar a Jonas Vingegaard de un liderato que mantiene por 48\u00bb.<\/p>\n<p><img decoding=\"async\" width=\"1024\" height=\"542\" class=\"ue-c-article__image lazyload\" alt=\"Almeida, durante la entrevista.\" loading=\"lazy\" src=\"https:\/\/www.europesays.com\/es\/wp-content\/uploads\/2025\/09\/68bf1302d03cf.jpeg\"\/><\/p>\n<p>Almeida, durante la entrevista.<\/p>\n<p data-mrf-recirculation=\"Links P\u00e1rrafos\" class=\"ue-c-article__paragraph paragraph\"><strong>P. \u00bfC\u00f3mo est\u00e1? \u00bfC\u00f3mo afronta este final de Vuelta?<\/strong><\/p>\n<p data-mrf-recirculation=\"Links P\u00e1rrafos\" class=\"ue-c-article__paragraph paragraph\">R. Cansado como todos, pero bien. Lo afronto motivado. Hemos tenido dos semanas muy buenas y vamos a por la \u00faltima.<\/p>\n<p data-mrf-recirculation=\"Links P\u00e1rrafos\" class=\"ue-c-article__paragraph paragraph\"><strong>P. La gente se pregunta c\u00f3mo se puede ganar la Vuelta. \u00bfD\u00f3nde cree que puede recortar esa diferencia?<\/strong><\/p>\n<p data-mrf-recirculation=\"Links P\u00e1rrafos\" class=\"ue-c-article__paragraph paragraph\">R. El d\u00eda que se tengan\u00a0las piernas, esa es la realidad. La crono ser\u00e1 muy importante, seguro. Todas las etapas son muy duras, pero s\u00e1bado y mi\u00e9rcoles son las m\u00e1s exigentes al final, donde se pueden marcar diferencias. Vamos d\u00eda a d\u00eda.<\/p>\n<p data-mrf-recirculation=\"Links P\u00e1rrafos\" class=\"ue-c-article__paragraph paragraph\"><strong>P. En la contrarreloj, Vingegaard no es uno de los mejores pero ha ganado en el Tour. \u00bfEso le da moral para la Vuelta?<\/strong><\/p>\n<p data-mrf-recirculation=\"Links P\u00e1rrafos\" class=\"ue-c-article__paragraph paragraph\">R. No tanto. Hay muchos factores que no se controlan y puede ser un poco relativo de crono a crono. Pero sigo haciendo buenas cronos y espero tener una buena ese d\u00eda para hacerlo lo mejor posible y luego veremos c\u00f3mo queda todo.<\/p>\n<p><img decoding=\"async\" width=\"2830\" height=\"1890\" class=\"ue-c-article__image lazyload\" alt=\"Almeida, en carrera.\" loading=\"lazy\" src=\"https:\/\/www.europesays.com\/es\/wp-content\/uploads\/2025\/09\/68bf1911e6ccb.jpeg\"\/><\/p>\n<p>Almeida, en carrera.UAE Team.<\/p>\n<p data-mrf-recirculation=\"Links P\u00e1rrafos\" class=\"ue-c-article__paragraph paragraph\"><strong>P. En la etapa del Angliru, \u00bfle motiv\u00f3 haber podido ganar a Jonas?<\/strong><\/p>\n<p data-mrf-recirculation=\"Links P\u00e1rrafos\" class=\"ue-c-article__paragraph paragraph\">R. S\u00ed, seguro que me dio mucha m\u00e1s confianza. Es un puerto muy duro donde hay que tener piernas y al final me sorprend\u00ed de ganarle porque no lo esperaba, pero me dio la confianza de que se puede ganar. Eso s\u00ed, hay que tener piernas y esperemos no tener d\u00edas malos.<\/p>\n<p data-mrf-recirculation=\"Links P\u00e1rrafos\" class=\"ue-c-article__paragraph paragraph\"><strong>P. \u00bfSiente que Vingegaard no est\u00e1 en su mejor nivel?<\/strong><\/p>\n<p data-mrf-recirculation=\"Links P\u00e1rrafos\" class=\"ue-c-article__paragraph paragraph\">R. S\u00ed. Si estuviera en su mejor forma creo que me habr\u00eda atacado ese d\u00eda en el Angliru. Yo tampoco estoy en mi mejor estado del a\u00f1o, as\u00ed que estamos un poco los dos en la misma situaci\u00f3n. Pero Jonas sigue siendo un corredor superior a m\u00ed hasta ahora. Ha ganado dos Tours de Francia, muchas carreras y siempre ha estado por delante. Nosotros seguimos con los pies en el suelo e intentamos hacerlo lo mejor posible.<\/p>\n<p><img decoding=\"async\" width=\"680\" height=\"1024\" class=\"ue-c-article__image lazyload\" alt=\"Almeida, levantando un trofeo en el Angliru.\" loading=\"lazy\" src=\"https:\/\/www.europesays.com\/es\/wp-content\/uploads\/2025\/09\/68bf192dafe00.jpeg\"\/><\/p>\n<p>Almeida, levantando un trofeo en el Angliru.<\/p>\n<p data-mrf-recirculation=\"Links P\u00e1rrafos\" class=\"ue-c-article__paragraph paragraph\"><strong>P. El lunes pasado dec\u00eda que quiz\u00e1s en la \u00faltima semana Vingegaard acusar\u00eda el cansancio del Tour. \u00bfSigue pensando eso?<\/strong><\/p>\n<p data-mrf-recirculation=\"Links P\u00e1rrafos\" class=\"ue-c-article__paragraph paragraph\">R. S\u00ed, pero al final todos sentimos el cansancio en la\u00a0\u00faltima semana. Creo que estar\u00e1 bien y va a ser una carrera buena.<\/p>\n<p data-mrf-recirculation=\"Links P\u00e1rrafos\" class=\"ue-c-article__paragraph paragraph\"><strong>P. Matx\u00edn dec\u00eda que cambiar\u00eda las siete victorias por la general. \u00bfSiente que el equipo est\u00e1 volcado con usted para ayudarle en cada etapa?<\/strong><\/p>\n<p data-mrf-recirculation=\"Links P\u00e1rrafos\" class=\"ue-c-article__paragraph paragraph\">R. S\u00ed, desde el primer d\u00eda estamos muy enfocados. Los d\u00edas que alguno del equipo se met\u00eda en la fuga era porque no hac\u00eda falta que estuviera conmigo. Hasta ahora no ha cambiado nada en la general y lo hemos hecho muy bien. Yo tambi\u00e9n cambiar\u00eda victorias de etapa por la general, pero si no se puede, mejor que sea en etapas. De momento siempre tuve un s\u00faper equipo conmigo.<\/p>\n<p><img decoding=\"async\" width=\"975\" height=\"1024\" class=\"ue-c-article__image lazyload\" alt=\"Joao Almeida, posando para MARCA en Vigo.\" loading=\"lazy\" src=\"https:\/\/www.europesays.com\/es\/wp-content\/uploads\/2025\/09\/68bf12ca402b0.jpeg\"\/><\/p>\n<p>Joao Almeida, posando para MARCA en Vigo.Iraia Calvo<\/p>\n<p data-mrf-recirculation=\"Links P\u00e1rrafos\" class=\"ue-c-article__paragraph paragraph\"><strong>P. El otro d\u00eda fue portada en todos los medios portugueses. \u00bfLe hab\u00eda pasado antes?<\/strong><\/p>\n<p data-mrf-recirculation=\"Links P\u00e1rrafos\" class=\"ue-c-article__paragraph paragraph\">R. S\u00ed, algunas veces, pero pocas.<\/p>\n<p data-mrf-recirculation=\"Links P\u00e1rrafos\" class=\"ue-c-article__paragraph paragraph\"><strong>P. \u00bfQu\u00e9 le dijeron sus amigos y familia? \u00bfQu\u00e9 sinti\u00f3 al verse ah\u00ed?<\/strong><\/p>\n<p data-mrf-recirculation=\"Links P\u00e1rrafos\" class=\"ue-c-article__paragraph paragraph\">R. Es incre\u00edble. El ciclismo est\u00e1 muchas veces en la capa de deportes y adelante de todo, pero es bonito darle ese protagonismo y ponerlo en el centro.<\/p>\n<p><img decoding=\"async\" width=\"1688\" height=\"1290\" class=\"ue-c-article__image lazyload\" alt=\"Almeida, durante la entrevista en Vigo.\" loading=\"lazy\" src=\"https:\/\/www.europesays.com\/es\/wp-content\/uploads\/2025\/09\/68bf195054d78.jpeg\"\/><\/p>\n<p>Almeida, durante la entrevista en Vigo.George Poole<\/p>\n<p data-mrf-recirculation=\"Links P\u00e1rrafos\" class=\"ue-c-article__paragraph paragraph\"><strong>P. Ayuso dijo el otro d\u00eda que se lleva bien con Almeida. \u00bfC\u00f3mo est\u00e1n en este final de carrera?<\/strong><\/p>\n<p data-mrf-recirculation=\"Links P\u00e1rrafos\" class=\"ue-c-article__paragraph paragraph\">R. Nos llevamos bien, siempre estamos bien. Como\u00a0cualquier persona, a veces hay momentos en que no se est\u00e1 de acuerdo, pero eso se habla y se arregla. As\u00ed que todo tranquilo.<\/p>\n<p data-mrf-recirculation=\"Links P\u00e1rrafos\" class=\"ue-c-article__paragraph paragraph\"><strong>P. \u00bfSiente que es ahora o nunca para ganar una gran vuelta o cree que habr\u00e1 m\u00e1s oportunidades en el futuro?<\/strong><\/p>\n<p data-mrf-recirculation=\"Links P\u00e1rrafos\" class=\"ue-c-article__paragraph paragraph\">R. Creo que habr\u00e1 muchas oportunidades. Hay que aprovecharlas. Todav\u00eda tengo muchos a\u00f1os por delante y me veo bien.<\/p>\n<p data-mrf-recirculation=\"Links P\u00e1rrafos\" class=\"ue-c-article__paragraph paragraph\"><strong>P. \u00bfHa preparado la crono espec\u00edficamente o no tuvo mucho tiempo tras el Tour?<\/strong><\/p>\n<p data-mrf-recirculation=\"Links P\u00e1rrafos\" class=\"ue-c-article__paragraph paragraph\">R. No, la verdad es que no. Ya llevamos muchos a\u00f1os y\u00a0tampoco hay mucho m\u00e1s que hacer. No tuve tiempo para prepararla bien despu\u00e9s del Tour, pero es lo que es y vamos a darlo todo hasta el \u00faltimo d\u00eda.<\/p>\n<p><img decoding=\"async\" width=\"2994\" height=\"2000\" class=\"ue-c-article__image lazyload\" alt=\"Almeida, con Matxin.\" loading=\"lazy\" src=\"https:\/\/www.europesays.com\/es\/wp-content\/uploads\/2025\/09\/68bf19d486b36.jpeg\"\/><\/p>\n<p>Almeida, con Matxin.UAE Team.<\/p>\n<p data-mrf-recirculation=\"Links P\u00e1rrafos\" class=\"ue-c-article__paragraph paragraph\"><strong>P. Dec\u00eda que no est\u00e1 al 100%. \u00bfEn qu\u00e9 porcentaje se encuentra? \u00bf70, 80, 90?<\/strong><\/p>\n<p data-mrf-recirculation=\"Links P\u00e1rrafos\" class=\"ue-c-article__paragraph paragraph\">R. No sabr\u00eda decir. Estoy bien, pero no en mi mejor forma. Vamos a darlo todo igualmente.<\/p>\n<p data-mrf-recirculation=\"Links P\u00e1rrafos\" class=\"ue-c-article__paragraph paragraph\"><strong>P. \u00bfSiente s\u00edntomas de fatiga?<\/strong><\/p>\n<p data-mrf-recirculation=\"Links P\u00e1rrafos\" class=\"ue-c-article__paragraph paragraph\">R. Lo normal. Son muchas semanas de carrera duras, casi todos los d\u00edas a tope. La gente empieza a estar cansada, yo incluido.<\/p>\n<p data-mrf-recirculation=\"Links P\u00e1rrafos\" class=\"ue-c-article__paragraph paragraph\"><strong>P. Sobre las protestas y lo que pasa con Palestina, \u00bfc\u00f3mo lo viven desde dentro?<\/strong><\/p>\n<p data-mrf-recirculation=\"Links P\u00e1rrafos\" class=\"ue-c-article__paragraph paragraph\">R. Entiendo las manifestaciones. Creo que hay que manifestarse por lo que uno quiere, pero siempre de forma pac\u00edfica, sin crear problemas. Y eso no est\u00e1 pasando. Hay d\u00edas en los que se para la carrera o ponen en peligro a los ciclistas. Para m\u00ed luchar por una causa de forma violenta no tiene sentido. Seguro que buscan visibilidad, que la gente lo vea en la tv. Mientras no lo hagan de forma agresiva y no nos pongan en peligro, pueden manifestar por lo que creen. Cada uno tiene su derecho.<\/p>\n<p><img decoding=\"async\" width=\"1980\" height=\"1320\" class=\"ue-c-article__image lazyload\" alt=\"Almeida, con su bicicleta.\" loading=\"lazy\" src=\"https:\/\/www.europesays.com\/es\/wp-content\/uploads\/2025\/09\/68bf12e590830.jpeg\"\/><\/p>\n<p>Almeida, con su bicicleta.Iraia Calvo<\/p>\n<p data-mrf-recirculation=\"Links P\u00e1rrafos\" class=\"ue-c-article__paragraph paragraph\"><strong>P. Sobre Pogacar, \u00bfha hablado on \u00e9l estos d\u00edas?<\/strong><\/p>\n<p data-mrf-recirculation=\"Links P\u00e1rrafos\" class=\"ue-c-article__paragraph paragraph\">R. S\u00ed, a veces s\u00ed. El d\u00eda antes del Angliru me escribi\u00f3 diciendo que pod\u00eda ganar, y al final lo hice.<\/p>\n","protected":false},"excerpt":{"rendered":"El luso, segundo\u00a0de LaVuelta 2025, afronta con ambici\u00f3n la \u00faltima semana de carrera. El del UAE reconoce en&hellip;\n","protected":false},"author":2,"featured_media":102082,"comment_status":"","ping_status":"","sticky":false,"template":"","format":"standard","meta":{"footnotes":""},"categories":[273],"tags":[313,312,168,25,24,23,167],"class_list":{"0":"post-102081","1":"post","2":"type-post","3":"status-publish","4":"format-standard","5":"has-post-thumbnail","7":"category-ciclismo","8":"tag-ciclismo","9":"tag-cycling","10":"tag-deportes","11":"tag-es","12":"tag-espana","13":"tag-spain","14":"tag-sports"},"share_on_mastodon":{"url":"","error":""},"_links":{"self":[{"href":"https:\/\/www.europesays.com\/es\/wp-json\/wp\/v2\/posts\/102081","targetHints":{"allow":["GET"]}}],"collection":[{"href":"https:\/\/www.europesays.com\/es\/wp-json\/wp\/v2\/posts"}],"about":[{"href":"https:\/\/www.europesays.com\/es\/wp-json\/wp\/v2\/types\/post"}],"author":[{"embeddable":true,"href":"https:\/\/www.europesays.com\/es\/wp-json\/wp\/v2\/users\/2"}],"replies":[{"embeddable":true,"href":"https:\/\/www.europesays.com\/es\/wp-json\/wp\/v2\/comments?post=102081"}],"version-history":[{"count":0,"href":"https:\/\/www.europesays.com\/es\/wp-json\/wp\/v2\/posts\/102081\/revisions"}],"wp:featuredmedia":[{"embeddable":true,"href":"https:\/\/www.europesays.com\/es\/wp-json\/wp\/v2\/media\/102082"}],"wp:attachment":[{"href":"https:\/\/www.europesays.com\/es\/wp-json\/wp\/v2\/media?parent=102081"}],"wp:term":[{"taxonomy":"category","embeddable":true,"href":"https:\/\/www.europesays.com\/es\/wp-json\/wp\/v2\/categories?post=102081"},{"taxonomy":"post_tag","embeddable":true,"href":"https:\/\/www.europesays.com\/es\/wp-json\/wp\/v2\/tags?post=102081"}],"curies":[{"name":"wp","href":"https:\/\/api.w.org\/{rel}","templated":true}]}}