{"id":102093,"date":"2025-09-08T22:21:08","date_gmt":"2025-09-08T22:21:08","guid":{"rendered":"https:\/\/www.europesays.com\/es\/102093\/"},"modified":"2025-09-08T22:21:08","modified_gmt":"2025-09-08T22:21:08","slug":"sin-colaboradores-ni-tiempo-al-publico-dos-entrevistas-y-adelantando-invitados","status":"publish","type":"post","link":"https:\/\/www.europesays.com\/es\/102093\/","title":{"rendered":"sin colaboradores ni tiempo al p\u00fablico, dos entrevistas, y adelantando invitados"},"content":{"rendered":"<p class=\"article-text\">\n        Este lunes, 8 de septiembre, <strong>La Revuelta <\/strong>regres\u00f3 con su segunda temporada a<strong> La 1<\/strong> y varios cambios notorios, respecto a la primera. M\u00e1s all\u00e1 del evidente (y comentado) cambio de look de <strong>David Broncano<\/strong>, que ya luci\u00f3 en el <strong>FesTVal de Vitoria<\/strong> donde valor\u00f3 las <a href=\"https:\/\/www.eldiario.es\/vertele\/noticias\/broncano-valora-audiencias-el-hormiguero-pablo-motos-la-revuelta_1_12584322.html\" target=\"_blank\" data-mrf-recirculation=\"links-noticia\" class=\"link\" rel=\"nofollow noopener\">audiencias del arranque de <\/a><a href=\"https:\/\/www.eldiario.es\/vertele\/noticias\/broncano-valora-audiencias-el-hormiguero-pablo-motos-la-revuelta_1_12584322.html\" target=\"_blank\" data-mrf-recirculation=\"links-noticia\" class=\"link\" rel=\"nofollow noopener\"><strong>El Hormiguero<\/strong><\/a><strong>,<\/strong> el presentador incentiv\u00f3 dos de las ideas innovadoras del estreno:\n    <\/p>\n<p>    <a href=\"https:\/\/www.eldiario.es\/entrevistas\/ricardo-castella-retoma-la-revuelta-estreno-rtve-habla-paridad-desvela-cambios-pedidos_1_12586249.html\" data-mrf-recirculation=\"saber-mas\" data-dl-event=\"saber-mas\" rel=\"nofollow noopener\" target=\"_blank\"><\/p>\n<p class=\"know-more__title\">Castella retoma &#8216;La Revuelta&#8217; con \u00abm\u00e1s o menos lo mismo\u00bb, habla de la paridad y desvela los cambios pedidos por RTVE<\/p>\n<p>            <img decoding=\"async\" class=\"lazy\" loading=\"lazy\" data-src=\"https:\/\/static.eldiario.es\/clip\/84477b19-378e-41c9-992b-0c22d265d7aa_16-9-aspect-ratio_default_0.jpg\" src=\"data:image\/svg+xml,%3Csvg xmlns=\" http:=\"\" viewbox=\"0 0 880 495\" alt=\"Castella retoma 'La Revuelta' con &quot;m\u00e1s o menos lo mismo&quot;, habla de la paridad y desvela los cambios pedidos por RTVE\"\/><\/p>\n<p>                        <\/a><\/p>\n<p class=\"article-text\">\n        Al aparecer el Hombre M\u00e1gico, Broncano interrumpi\u00f3 para pedirle que no mandara a los ni\u00f1os a la cama: \u201cEste a\u00f1o he pensado que<strong> tenemos que apretar mucho m\u00e1s con la audiencia y mandar a los ni\u00f1os es perder audiencia<\/strong>, as\u00ed que diles que se queden\u201d, brome\u00f3.\n    <\/p>\n<p class=\"article-text\">\n        Seguidamente, el presentador tambi\u00e9n propuso mantener el \u201cFuerza Valencia\u201d en el bombo, pero al otro lado a\u00f1adirle un <strong>\u201cFuerza Palestina\u201d <\/strong>que pidi\u00f3 para que se pudiera mostrar al d\u00eda siguiente.\n    <\/p>\n<blockquote class=\"twitter-tweet\" data-lang=\"es\"><p><a href=\"https:\/\/twitter.com\/X\/status\/1965142729857343555?ref_src=twsrc%5Etfw\" rel=\"nofollow noopener\" target=\"_blank\"><\/p><\/blockquote>\n<p class=\"article-text\">\n        Pero m\u00e1s all\u00e1 de estos dos detalles, el cambio m\u00e1s notorio fue el de<strong> entrevistar directamente a los invitados, sin hablar antes con el p\u00fablico, ni dar paso a los colaboradores<\/strong>. Y es que, la charla de Broncano con el \u201cfavorito\u201d de la ba\u00f1era, o el \u201crepudiado\u201d del bid\u00e9 era todo un sello del programa al arrancar.\n    <\/p>\n<p class=\"article-text\">\n        Como cuarta diferencia, sorprendi\u00f3 tambi\u00e9n que ahora s\u00ed anunciaran a los invitados de la semana: \u201cEl Gobierno ya nos permite decir a los invitados. Ma\u00f1ana viene o <strong>Susanna Griso o Maril\u00f3 Montero o Ana Rosa Quintana<\/strong>, una de las tres\u201d, brome\u00f3 Broncano. Y continu\u00f3: \u201cEl mi\u00e9rcoles no se sabe todav\u00eda y el jueves <strong>Pepa Bueno<\/strong> y una soprano vasca\u201d.\n    <\/p>\n<p class=\"article-text\">\n        Por otro lado, lo que s\u00ed mantienen es la cabecera del programa con los cr\u00e9ditos, las preguntas cl\u00e1sicas y hasta las bromas sobre El Hormiguero: \u201c<strong>La semana pasada Sergio Ramos, Bert\u00edn Osborne y Reverte, todo una declaraci\u00f3n de intenciones<\/strong>\u201d coment\u00f3 Grison.\n    <\/p>\n<blockquote class=\"twitter-tweet\" data-lang=\"es\"><p><a href=\"https:\/\/twitter.com\/X\/status\/1965142838166917179?ref_src=twsrc%5Etfw\" rel=\"nofollow noopener\" target=\"_blank\"><\/p><\/blockquote>\n<p class=\"article-text\">\n        Una declaraci\u00f3n que, por parte del programa de RTVE, fue muy distinta, ya que sus <strong>primeros invitados de la temporada fueron  varios bomberos de las BRIF <\/strong>(Brigadas de Refuerzo en Incendios Forestales) de Ourense: \u201cLos verdaderos h\u00e9roes\u201d, como les definieron.\n    <\/p>\n<p>    <a href=\"Broncano valora las primeras audiencias de 'El Hormiguero' antes de su primer duelo: \u201cNo me esperaba tanto\u201d\" data-mrf-recirculation=\"saber-mas-abajo\" data-dl-event=\"saber-mas-abajo\"><\/p>\n<p class=\"know-more__title\">Broncano valora las primeras audiencias de &#8216;El Hormiguero&#8217; antes de su primer duelo: \u201cNo me esperaba tanto\u201d<\/p>\n<p>            <\/a><\/p>\n<p class=\"article-text\">\n        Todo ello, en una noche que arranc\u00f3 tirando \u201cel teatro por la ventana\u201d, con una actuaci\u00f3n de <strong>Chanel<\/strong>, el sacrificio de<strong> Jorge Ponce<\/strong>, aplausos del p\u00fablico al grito de \u201ceste es el mejor programa de la televisi\u00f3n\u201d y aclarando que lo que estaba viendo el espectador era una parte del preshow: \u201cImag\u00ednate el programa\u201d, explicaba Ponce a David Broncano como cebo.\n    <\/p>\n<p>                                    <script async src=\"https:\/\/platform.twitter.com\/widgets.js\" charset=\"utf-8\"><\/script><\/p>\n","protected":false},"excerpt":{"rendered":"Este lunes, 8 de septiembre, La Revuelta regres\u00f3 con su segunda temporada a La 1 y varios cambios&hellip;\n","protected":false},"author":2,"featured_media":102094,"comment_status":"","ping_status":"","sticky":false,"template":"","format":"standard","meta":{"footnotes":""},"categories":[171],"tags":[35886,3463,4166,146,147,2958,25,24,3551,1421,528,518,23,159,214,24632],"class_list":{"0":"post-102093","1":"post","2":"type-post","3":"status-publish","4":"format-standard","5":"has-post-thumbnail","7":"category-tv","8":"tag-adelantando","9":"tag-cambios","10":"tag-colaboradores","11":"tag-entertainment","12":"tag-entretenimiento","13":"tag-entrevistas","14":"tag-es","15":"tag-espana","16":"tag-invitados","17":"tag-publico","18":"tag-revuelta","19":"tag-rtve","20":"tag-spain","21":"tag-tiempo","22":"tag-tv","23":"tag-volvio"},"share_on_mastodon":{"url":"","error":""},"_links":{"self":[{"href":"https:\/\/www.europesays.com\/es\/wp-json\/wp\/v2\/posts\/102093","targetHints":{"allow":["GET"]}}],"collection":[{"href":"https:\/\/www.europesays.com\/es\/wp-json\/wp\/v2\/posts"}],"about":[{"href":"https:\/\/www.europesays.com\/es\/wp-json\/wp\/v2\/types\/post"}],"author":[{"embeddable":true,"href":"https:\/\/www.europesays.com\/es\/wp-json\/wp\/v2\/users\/2"}],"replies":[{"embeddable":true,"href":"https:\/\/www.europesays.com\/es\/wp-json\/wp\/v2\/comments?post=102093"}],"version-history":[{"count":0,"href":"https:\/\/www.europesays.com\/es\/wp-json\/wp\/v2\/posts\/102093\/revisions"}],"wp:featuredmedia":[{"embeddable":true,"href":"https:\/\/www.europesays.com\/es\/wp-json\/wp\/v2\/media\/102094"}],"wp:attachment":[{"href":"https:\/\/www.europesays.com\/es\/wp-json\/wp\/v2\/media?parent=102093"}],"wp:term":[{"taxonomy":"category","embeddable":true,"href":"https:\/\/www.europesays.com\/es\/wp-json\/wp\/v2\/categories?post=102093"},{"taxonomy":"post_tag","embeddable":true,"href":"https:\/\/www.europesays.com\/es\/wp-json\/wp\/v2\/tags?post=102093"}],"curies":[{"name":"wp","href":"https:\/\/api.w.org\/{rel}","templated":true}]}}