{"id":102139,"date":"2025-09-08T22:49:10","date_gmt":"2025-09-08T22:49:10","guid":{"rendered":"https:\/\/www.europesays.com\/es\/102139\/"},"modified":"2025-09-08T22:49:10","modified_gmt":"2025-09-08T22:49:10","slug":"broncano-abre-la-segunda-temporada-de-la-revuelta-dando-voz-a-los-bomberos-forestales","status":"publish","type":"post","link":"https:\/\/www.europesays.com\/es\/102139\/","title":{"rendered":"Broncano abre la segunda temporada de &#8216;La Revuelta&#8217; dando voz a los bomberos forestales"},"content":{"rendered":"<p>El programa de La 1 regresa con ovaciones para la BRIF de Laza, invitados sorpresa y una selva en el plat\u00f3<\/p>\n<p><strong>David Broncano ha vuelto. El estreno de la segunda temporada de <a href=\"https:\/\/www.rtve.es\/play\/videos\/la-revuelta\/\" rel=\"nofollow noopener\" target=\"_blank\">La Revuelta<\/a>, emitido este lunes 8 de septiembre en La 1, reuni\u00f3 a los bomberos forestales de la BRIF de Laza y al equipo de la miniserie Dos Tumbas, en una entrega que combin\u00f3 humor, denuncia social y cultura pop.<\/strong><\/p>\n<p>Ovaci\u00f3n para \u201clas personas m\u00e1s importantes de Espa\u00f1a\u201d<\/p>\n<p>El programa arranc\u00f3 con una ovaci\u00f3n para los miembros de la <strong>Brigada de Refuerzo de Incendios Forestales (BRIF)<\/strong> de <strong>Laza<\/strong>, <strong>Ourense<\/strong>. <strong>Broncano<\/strong> los present\u00f3 como \u201clas personas m\u00e1s importantes de Espa\u00f1a\u201d, en reconocimiento a su labor durante los incendios del verano. Los bomberos compartieron una historia estremecedora: el rescate de <strong>150 ni\u00f1os y 30 monitores<\/strong> atrapados en un campamento rodeado por el fuego.<\/p>\n<p>\u201cNuestro \u00fanico objetivo era que el fuego no llegase. Hicimos una cu\u00f1a y el fuego pas\u00f3 por alrededor. Fue desolador\u201d, relat\u00f3 uno de los brigadistas. El presentador aprovech\u00f3 para reivindicar mejores condiciones laborales: \u201cUna buena idea de bombero ser\u00eda pagarles sueldos dignos. Son un grupo de \u00e9lite y cobran 1.300 euros\u201d.<\/p>\n<p><img data-recalc-dims=\"1\" fetchpriority=\"high\" decoding=\"async\" data-attachment-id=\"236839\" data-permalink=\"https:\/\/elgeneracionalpost.com\/elgen-tv\/2025\/0909\/236832\/la-revuelta-segunda-temporada-broncano-bomberos-dos-tumbas.html\/attachment\/g0wycvwwoaaxgd0\" data-orig-file=\"https:\/\/i0.wp.com\/elgeneracionalpost.com\/wp-content\/uploads\/2025\/09\/G0WYcVWWoAAXgd0.jpg?fit=4096%2C2730&amp;ssl=1\" data-orig-size=\"4096,2730\" data-comments-opened=\"0\" data-image-meta=\"{&quot;aperture&quot;:&quot;0&quot;,&quot;credit&quot;:&quot;&quot;,&quot;camera&quot;:&quot;&quot;,&quot;caption&quot;:&quot;&quot;,&quot;created_timestamp&quot;:&quot;0&quot;,&quot;copyright&quot;:&quot;&quot;,&quot;focal_length&quot;:&quot;0&quot;,&quot;iso&quot;:&quot;0&quot;,&quot;shutter_speed&quot;:&quot;0&quot;,&quot;title&quot;:&quot;&quot;,&quot;orientation&quot;:&quot;0&quot;}\" data-image-title=\"G0WYcVWWoAAXgd0\" data-image-description=\"\" data-image-caption=\"&lt;p&gt;Bomberos forestales de la BRIF en el Teatro Pr\u00edncipe Pio de la Gran V\u00eda | Fuente: X&lt;\/p&gt;&#10;\" data-medium-file=\"https:\/\/i0.wp.com\/elgeneracionalpost.com\/wp-content\/uploads\/2025\/09\/G0WYcVWWoAAXgd0.jpg?fit=300%2C200&amp;ssl=1\" data-large-file=\"https:\/\/i0.wp.com\/elgeneracionalpost.com\/wp-content\/uploads\/2025\/09\/G0WYcVWWoAAXgd0.jpg?fit=696%2C464&amp;ssl=1\" class=\"wp-image-236839 size-full\" src=\"https:\/\/www.europesays.com\/es\/wp-content\/uploads\/2025\/09\/G0WYcVWWoAAXgd0.jpg\" alt=\"\" width=\"696\" height=\"464\"  \/>Bomberos forestales de la BRIF en el Teatro Pr\u00edncipe Pio de la Gran V\u00eda | Fuente: X (La Revuelta)<br \/>\nUna selva en el plat\u00f3 y un bombo ilegal<\/p>\n<p>La vuelta de La Revuelta lleg\u00f3 acompa\u00f1ada de cambios est\u00e9ticos y nuevas ocurrencias. El plat\u00f3 se transform\u00f3 en una especie de <strong>selva<\/strong>, con sonidos de ciervos, vegetaci\u00f3n artificial y la mism\u00edsima <strong>Chanel<\/strong>. <strong>Broncano<\/strong> apareci\u00f3 con nuevo look \u2014rubio platino\u2014 y un <strong>bombo decorado con banderas<\/strong>, que provoc\u00f3 debate.<\/p>\n<p>\u201cQuer\u00edamos un bombo m\u00e1s grande, pero es ilegal, no hay tan grandes\u201d, brome\u00f3 <strong>Broncano<\/strong>. <strong>Grison<\/strong> propuso inscripciones como \u201cFuerza Galicia\u201d pero Broncano sugiri\u00f3 escribir en el \u201cFuerza Palestina\u201d, mientras <strong>Jorge Ponce<\/strong> advert\u00eda: \u201cSi este es el pre-show, imag\u00ednate el programa\u201d.<\/p>\n<p>\u00bfQu\u00e9 esperar esta temporada?<\/p>\n<p>La segunda temporada de La Revuelta promete traernos m\u00e1s <strong>entrevistas sorprendentes<\/strong>, m\u00e1s <strong>improvisaci\u00f3n<\/strong> y un mont\u00f3n de <strong>novedades absurdas<\/strong>. El equipo ha adelantado que se tocar\u00e1n temas como la <strong>salud mental<\/strong>, el <strong>trabajo<\/strong>, el <strong>lenguaje<\/strong> y la <strong>masculinidad<\/strong>. Este formato, producido por <strong>RTVE<\/strong> en colaboraci\u00f3n con <strong>El Terrat<\/strong> y <strong>Encofrados Encofrasa<\/strong>, sigue apostando por el humor como una herramienta para reflexionar y conectar.<\/p>\n<p>Me gusta esto:<\/p>\n<p>Me gusta Cargando&#8230;<\/p>\n<p><a class=\"sd-link-color\"\/><\/p>\n<p>\n\tRelacionado<\/p>\n","protected":false},"excerpt":{"rendered":"El programa de La 1 regresa con ovaciones para la BRIF de Laza, invitados sorpresa y una selva&hellip;\n","protected":false},"author":2,"featured_media":102140,"comment_status":"","ping_status":"","sticky":false,"template":"","format":"standard","meta":{"footnotes":""},"categories":[91],"tags":[9029,146,147,25,24,6870,29956,518,23],"class_list":{"0":"post-102139","1":"post","2":"type-post","3":"status-publish","4":"format-standard","5":"has-post-thumbnail","7":"category-entretenimiento","8":"tag-david-broncano","9":"tag-entertainment","10":"tag-entretenimiento","11":"tag-es","12":"tag-espana","13":"tag-la-1","14":"tag-la-revuelta","15":"tag-rtve","16":"tag-spain"},"share_on_mastodon":{"url":"","error":""},"_links":{"self":[{"href":"https:\/\/www.europesays.com\/es\/wp-json\/wp\/v2\/posts\/102139","targetHints":{"allow":["GET"]}}],"collection":[{"href":"https:\/\/www.europesays.com\/es\/wp-json\/wp\/v2\/posts"}],"about":[{"href":"https:\/\/www.europesays.com\/es\/wp-json\/wp\/v2\/types\/post"}],"author":[{"embeddable":true,"href":"https:\/\/www.europesays.com\/es\/wp-json\/wp\/v2\/users\/2"}],"replies":[{"embeddable":true,"href":"https:\/\/www.europesays.com\/es\/wp-json\/wp\/v2\/comments?post=102139"}],"version-history":[{"count":0,"href":"https:\/\/www.europesays.com\/es\/wp-json\/wp\/v2\/posts\/102139\/revisions"}],"wp:featuredmedia":[{"embeddable":true,"href":"https:\/\/www.europesays.com\/es\/wp-json\/wp\/v2\/media\/102140"}],"wp:attachment":[{"href":"https:\/\/www.europesays.com\/es\/wp-json\/wp\/v2\/media?parent=102139"}],"wp:term":[{"taxonomy":"category","embeddable":true,"href":"https:\/\/www.europesays.com\/es\/wp-json\/wp\/v2\/categories?post=102139"},{"taxonomy":"post_tag","embeddable":true,"href":"https:\/\/www.europesays.com\/es\/wp-json\/wp\/v2\/tags?post=102139"}],"curies":[{"name":"wp","href":"https:\/\/api.w.org\/{rel}","templated":true}]}}