{"id":102221,"date":"2025-09-08T23:39:04","date_gmt":"2025-09-08T23:39:04","guid":{"rendered":"https:\/\/www.europesays.com\/es\/102221\/"},"modified":"2025-09-08T23:39:04","modified_gmt":"2025-09-08T23:39:04","slug":"junts-confirma-a-yolanda-diaz-su-rechazo-a-la-ley-de-reduccion-de-la-jornada-laboral-espana","status":"publish","type":"post","link":"https:\/\/www.europesays.com\/es\/102221\/","title":{"rendered":"Junts confirma a Yolanda D\u00edaz su rechazo a la ley de reducci\u00f3n de la jornada laboral | Espa\u00f1a"},"content":{"rendered":"<p class=\"\">Junts per Catalunya ha comunicado esta tarde al Ministerio de Trabajo su voluntad de mantener la enmienda a la totalidad que impide la tramitaci\u00f3n de <a href=\"https:\/\/elpais.com\/espana\/2025-09-03\/diaz-reconoce-las-dificultades-para-salvar-la-reduccion-de-jornada-y-se-saca-la-presion-de-encima-no-es-el-gobierno-el-que-falla.html\" target=\"_self\" rel=\"nofollow noopener\" title=\"https:\/\/elpais.com\/espana\/2025-09-03\/diaz-reconoce-las-dificultades-para-salvar-la-reduccion-de-jornada-y-se-saca-la-presion-de-encima-no-es-el-gobierno-el-que-falla.html\">la reducci\u00f3n de la jornada laboral <\/a>que se vota este mi\u00e9rcoles en el Congreso. La portavoz de Junts en el Congreso, M\u00edriam Nogueras, ha trasladado esa decisi\u00f3n al secretario de Estado de Trabajo y n\u00famero dos de Yolanda D\u00edaz, Joaqu\u00edn P\u00e9rez Rey, seg\u00fan fuentes parlamentarias. La intenci\u00f3n de Yolanda D\u00edaz, en cualquier caso, es no retirar del orden del d\u00eda ese proyecto, que pretende rebajar la jornada laboral a 37,5 horas semanales despu\u00e9s de m\u00e1s de 40 a\u00f1os congelada. La vicepresidenta llegar\u00e1 hasta el final con el objetivo de que todos los grupos parlamentarios se retraten en la votaci\u00f3n. <\/p>\n<p class=\"\">El nuevo curso pol\u00edtico comenzar\u00e1 con un rev\u00e9s para el Gobierno y, especialmente, para el socio minoritario de la coalici\u00f3n, Sumar, que ha hecho de este proyecto<a href=\"https:\/\/elpais.com\/economia\/2025-07-15\/trabajo-aplaza-el-debate-de-la-reduccion-de-jornada-en-el-congreso-ante-la-falta-de-apoyos-y-por-el-clima-politico.html\" target=\"_self\" rel=\"nofollow noopener\" title=\"https:\/\/elpais.com\/economia\/2025-07-15\/trabajo-aplaza-el-debate-de-la-reduccion-de-jornada-en-el-congreso-ante-la-falta-de-apoyos-y-por-el-clima-politico.html\"> la propuesta estrella del Ministerio de Trabajo<\/a>. Adem\u00e1s de Junts, lo previsto es que voten no el PP, Vox y Uni\u00f3n del Pueblo Navarro. <\/p>\n<p class=\"\">Junts hab\u00eda avisado al Gobierno hace tiempo de que no iba a respaldar <a href=\"https:\/\/elpais.com\/espana\/2025-06-06\/sumar-echa-el-resto-en-la-calle-para-defender-la-reduccion-de-jornada.html\" target=\"_self\" rel=\"nofollow noopener\" title=\"https:\/\/elpais.com\/espana\/2025-06-06\/sumar-echa-el-resto-en-la-calle-para-defender-la-reduccion-de-jornada.html\">esa reducci\u00f3n de la jornada laboral<\/a>, muy presionados a su vez por las patronales catalanas de la peque\u00f1a y mediana empresa. Fuentes del grupo parlamentario aseguran que Junts no retira su enmienda a la totalidad porque no comparte esta ley. \u201cJunts jam\u00e1s ha rechazado la reducci\u00f3n\u201d, dicen, \u201crechaza esta ley, que es muy diferente\u201d. En estos meses de negociaci\u00f3n, Yolanda D\u00edaz ha mantenido contactos directos incluso con el l\u00edder de Junts, Carles Puigdemont, con el que tambi\u00e9n se encontr\u00f3 la semana pasada en Bruselas el actual presidente de la Generalitat, el socialista Salvador Illa. <\/p>\n<p class=\"\">La modificaci\u00f3n de la jornada laboral se convirti\u00f3 en una reclamaci\u00f3n fundamental de Sumar en las generales del 23-J. El grupo pele\u00f3 muy duro en las negociaciones para incluir la reducci\u00f3n en el <a href=\"https:\/\/elpais.com\/espana\/2025-07-02\/sumar-escenifica-su-malestar-con-el-psoe-no-son-conscientes-de-la-gravedad-de-la-situacion.html\" target=\"_self\" rel=\"nofollow noopener\" title=\"https:\/\/elpais.com\/espana\/2025-07-02\/sumar-escenifica-su-malestar-con-el-psoe-no-son-conscientes-de-la-gravedad-de-la-situacion.html\">pacto de coalici\u00f3n con el PSOE<\/a> y ya no pudo cumplir con el primer hito, que era el de rebajar hasta las 38,5 horas semanales la jornada antes de final de 2024. Para los de D\u00edaz, el aprobar las 37,5 horas este 2025 era ya un imperativo y por eso mismo no quer\u00edan retrasar mucho m\u00e1s el paso de la norma por el pleno. <\/p>\n<p class=\"\">El proyecto es rechazado por las patronales, uno de los principales argumentos de Junts para criticar la norma. S\u00ed tiene el respaldo de los dos sindicatos m\u00e1s representativos del pa\u00eds, CC OO y UGT. El jefe ugetista, Pepe \u00c1lvarez, reconoci\u00f3 el pasado mi\u00e9rcoles que la fecha de la votaci\u00f3n de enmiendas es \u201cprematura\u201d.<\/p>\n","protected":false},"excerpt":{"rendered":"Junts per Catalunya ha comunicado esta tarde al Ministerio de Trabajo su voluntad de mantener la enmienda a&hellip;\n","protected":false},"author":2,"featured_media":102222,"comment_status":"","ping_status":"","sticky":false,"template":"","format":"standard","meta":{"footnotes":""},"categories":[8],"tags":[17,18,4456,25,24,13,14,11,4451,3837,19,20,35916,9,10,15,16,23,12,2752,21,22,4454],"class_list":{"0":"post-102221","1":"post","2":"type-post","3":"status-publish","4":"format-standard","5":"has-post-thumbnail","7":"category-espana","8":"tag-breaking-news","9":"tag-breakingnews","10":"tag-congreso-diputados","11":"tag-es","12":"tag-espana","13":"tag-featured-news","14":"tag-featurednews","15":"tag-headlines","16":"tag-jornada-laboral","17":"tag-juntsxcat","18":"tag-latest-news","19":"tag-latestnews","20":"tag-miriam-nogueras","21":"tag-news","22":"tag-noticias","23":"tag-noticias-destacadas","24":"tag-noticiasdestacadas","25":"tag-spain","26":"tag-titulares","27":"tag-trabajo","28":"tag-ultimas-noticias","29":"tag-ultimasnoticias","30":"tag-yolanda-diaz"},"share_on_mastodon":{"url":"","error":""},"_links":{"self":[{"href":"https:\/\/www.europesays.com\/es\/wp-json\/wp\/v2\/posts\/102221","targetHints":{"allow":["GET"]}}],"collection":[{"href":"https:\/\/www.europesays.com\/es\/wp-json\/wp\/v2\/posts"}],"about":[{"href":"https:\/\/www.europesays.com\/es\/wp-json\/wp\/v2\/types\/post"}],"author":[{"embeddable":true,"href":"https:\/\/www.europesays.com\/es\/wp-json\/wp\/v2\/users\/2"}],"replies":[{"embeddable":true,"href":"https:\/\/www.europesays.com\/es\/wp-json\/wp\/v2\/comments?post=102221"}],"version-history":[{"count":0,"href":"https:\/\/www.europesays.com\/es\/wp-json\/wp\/v2\/posts\/102221\/revisions"}],"wp:featuredmedia":[{"embeddable":true,"href":"https:\/\/www.europesays.com\/es\/wp-json\/wp\/v2\/media\/102222"}],"wp:attachment":[{"href":"https:\/\/www.europesays.com\/es\/wp-json\/wp\/v2\/media?parent=102221"}],"wp:term":[{"taxonomy":"category","embeddable":true,"href":"https:\/\/www.europesays.com\/es\/wp-json\/wp\/v2\/categories?post=102221"},{"taxonomy":"post_tag","embeddable":true,"href":"https:\/\/www.europesays.com\/es\/wp-json\/wp\/v2\/tags?post=102221"}],"curies":[{"name":"wp","href":"https:\/\/api.w.org\/{rel}","templated":true}]}}