{"id":102227,"date":"2025-09-08T23:42:14","date_gmt":"2025-09-08T23:42:14","guid":{"rendered":"https:\/\/www.europesays.com\/es\/102227\/"},"modified":"2025-09-08T23:42:14","modified_gmt":"2025-09-08T23:42:14","slug":"lluvia-de-toreo-orejas-y-rabo-en-el-dia-grande-de-extremadura","status":"publish","type":"post","link":"https:\/\/www.europesays.com\/es\/102227\/","title":{"rendered":"Lluvia de toreo, orejas y rabo en el d\u00eda grande de Extremadura"},"content":{"rendered":"<p style=\"\">Cuando la <a href=\"https:\/\/www.abc.es\/cultura\/toros\/morante-aranjuez-20250906172549-nt.html\" target=\"_self\" data-voc-vtm-id=\"in-text-traffic\" title=\"noche\" rel=\"nofollow noopener\">noche<\/a> abrazaba Don Benito, la plaza vibraba a\u00fan con el clamor de un p\u00fablico entusiasmado, desbordado de <a href=\"https:\/\/www.abc.es\/cultura\/toros\/reaparicion-morante-puebla-almendralejo-20250329120026-nt.html\" target=\"_self\" data-voc-vtm-id=\"in-text-traffic\" title=\"felicidad\" rel=\"nofollow noopener\">felicidad<\/a> por las cuatro puertas grandes que coronaron el d\u00eda grande de Extremadura, con un hist\u00f3rico &#8216;No hay billetes&#8217;. Las gargantas extreme\u00f1as cantaban v\u00eda  &#8230; m\u00f3vil lo vivido in situ a los que lo hab\u00edan presenciado por las c\u00e1maras de la cadena auton\u00f3mica. Un rugir de alegr\u00eda que se extend\u00eda por las calles dombenitenses, coraz\u00f3n taurino de la jornada de este 8S. La <a href=\"https:\/\/www.abc.es\/cultura\/toros\/tarde-triunfalista-serio-emilio-justo-colmenar-20250901214611-nt.html\" target=\"_self\" data-voc-vtm-id=\"in-text-traffic\" title=\"celebraci\u00f3n\" rel=\"nofollow noopener\">celebraci\u00f3n<\/a> se alargar\u00eda despu\u00e9s, pero la fiesta hab\u00eda comenzado desde primera hora de la ma\u00f1ana&#8230;<\/p>\n<p class=\"voc-p\" style=\"\">Se hab\u00edan colmado los cielos extreme\u00f1os de verde, blanco y negro en esta tierra de encinas, en los valles del Guadiana, en las sierras de olivos. La Santa Misa en la festividad de la Virgen era motivo de peregrinaje a Guadalupe. De C\u00e1ceres a Badajoz: en el municipio de Don Benito se celebraba la corrida del d\u00eda grande de Extremadura, un cartel de lujo que colm\u00f3 de expectaci\u00f3n el coso pacense. Y all\u00ed se citaron los pueblos m\u00e1s taurinos, como el de Esparragosa, el \u00fanico con parque torero. Atr\u00e1s quedaban las jotas de la ma\u00f1ana, los bailes de los m\u00e1s peque\u00f1os, las calderetas tradicionales de cordero, el vino de pitarra&#8230; Los clarines sonaban a las seis y media de la tarde, aunque se retrasar\u00eda el lit\u00fargico momento por las colas que suced\u00edan en el conocido como Alcalde Mariano Gallego, que vivi\u00f3 una tarde-noche de alegr\u00eda, con pasiones en el ruedo y en los tendidos, con una lluvia de trofeos que aup\u00f3 a hombros a Diego Ventura, Antonio Ferrera, Morante de la Puebla y Emilio de Justo. Once orejas y un rabo se repartieron.<\/p>\n<p><img decoding=\"async\" loading=\"lazy\" src=\"https:\/\/www.europesays.com\/es\/wp-content\/uploads\/2025\/09\/rab-U88021624026XAL-760x427@diario_abc.jpg\" class=\"voc-img\" width=\"760\" height=\"427\" alt=\"Diego Venura pase\u00f3 el rabo del segundo de su lote de Los Espartales\" data-voc-vtm-id=\"in-text-traffic\"\/><\/p>\n<p>Diego Venura pase\u00f3 el rabo del segundo de su lote de Los Espartales<\/p>\n<p>Info Ventura<\/p>\n<p class=\"voc-p\" style=\"\">Se apag\u00f3 pronto Canastero, al que pareci\u00f3 no venirle bien el segundo rej\u00f3n de castigo. A dos pistas lo templ\u00f3 Diego Ventura sobre Quirico. A lomos de L\u00edo, de indomable valor, se ci\u00f1\u00f3 en dos banderillas magistrales, con una batida en la mism\u00edsima cara la \u00faltima. Las cortas al viol\u00edn pusieron el broche y ni los pinchazos le robaron el trofeo.<\/p>\n<p class=\"voc-p\" style=\"\">Con la cornada fresca de Bayona hizo el pase\u00edllo dombenitense Antonio Ferrera, el torero que improvisa, el torero que siente. Arrebatado con su capote verde desde el saludo al segundo, por ver\u00f3nicas, chicuelinas y un remate mirando al tendido. A favor del buen (y just\u00edsimo) Jaqueco lo hizo para aprovechar el noble fondo del toro de Virgen Mar\u00eda por ambos lados, con una personal\u00edsima expresi\u00f3n y muletazos de abandono que intercalaba otros de m\u00e1s degarro. Larga su labor con el bondadoso animal, al que se tir\u00f3 a matar con fe, pese a caer desprendida. Las dos orejas le abr\u00edan ya la puerta grande a las ocho menos veinte.<\/p>\n<p class=\"voc-p\" style=\"\">Volv\u00eda Morante a la Extremadura de su reaparici\u00f3n. Y lo hizo con un toro desentendido de salida, de m\u00e1s aparente presencia que el anterior y que derrib\u00f3 al piquero. Arduo el tercio de banderillas, con el animal a la espera, nada claro. Vaya miradita ech\u00f3 al maestro de La Puebla. Se le col\u00f3 y, visto que era a contraestilo y sin ninguna entrega, cogi\u00f3 la espada entre el mosqueo del personal.<\/p>\n<p class=\"voc-p\" style=\"\">Otro aire tra\u00eda Espinado, con una profunda embestida desde los bonitos lances del saludo. De mano baja el quite por chicuelinas de Emilio de Justo, con la torer\u00eda de una larga. Humillaba este cuarto de Virgen Mar\u00eda, al que abri\u00f3 caminos torer\u00edsimo por abajo, con hondura. Para pintar aut\u00e9nticos carteles de toros. Vertical sigui\u00f3 sobre la derecha. Y otra m\u00e1s, con un bello cambio de mano y uno de pecho a la hombrera contraria. Punte\u00f3 por el zurdo y no hab\u00eda que dejarle tocar la muleta. Regres\u00f3 al otro pit\u00f3n y aprovech\u00f3 naturalmente su clase con sentidos muletazos. Lo bord\u00f3 por abajo con Espinado en su bien planteada faena, un gozo para los repletos tendidos mientras lo gozaba el de Torrejoncillo. De una estocada lo mat\u00f3 para arrancar dos orejas de ley.<\/p>\n<ul class=\"voc-list\">\n<li class=\"voc-list__item\">\n<strong>Plaza de toros de Don Benito. <\/strong><br \/>\nLunes, 8 de septiembre de 2025. Corrida del D\u00eda de Extremadura. Cartel de &#8216;No hay billetes&#8217;. Dos toros para rejones de Los Espartales (1\u00ba, se apag\u00f3; y 5\u00ba, bueno) y seis para la lidia a pie de Virgen Mar\u00eda (2\u00ba, 3\u00ba, 4\u00ba, 6\u00ba), de agradables caras y presencia, se dejaron en general y propiciaron el triunfo, salvo el incierto 3\u00ba.\n<\/li>\n<li class=\"voc-list__item\">\n<strong>Diego Ventura,<\/strong><br \/>\nde gris la chaquetilla y con zahones: dos pinchazos y rej\u00f3n (oreja); rej\u00f3n contrario ca\u00eddo (dos orejas y rabo).\n<\/li>\n<li class=\"voc-list__item\">\n<strong>Antonio Ferrera,<\/strong><br \/>\nde blanco y oro: estocada tendida (dos orejas tras aviso); estocada al encuentro delantera y ca\u00edda que escupe (oreja con fort\u00edsima petici\u00f3n de la segunda tras aviso, dos vueltas al ruedo y pitos al presidente).\n<\/li>\n<li class=\"voc-list__item\">\n<strong>Morante de la Puebla,<\/strong><br \/>\nde rosa y azabache: pinchazo, otro hondo y dos descabellos (pitos); estocada ca\u00edda (dos orejas).\n<\/li>\n<li class=\"voc-list__item\">\n<strong>Emilio de Justo,<\/strong><br \/>\nde blanco y oro: estocada desprendida (dos orejas); estocada trasera (oreja).\n<\/li>\n<\/ul>\n<p class=\"voc-p\" style=\"\">Un espect\u00e1culo Diego Ventura en el quinto, dando fiesta con maestr\u00eda. Se adorn\u00f3 en las piruetas sobre Querido y cincel\u00f3 trincherazos con Quitasue\u00f1os, una de sus j\u00f3venes promesas, con el que clav\u00f3 una banderilla en el mismo platillo y tore\u00f3 a caballo. Qu\u00e9 dominio de la escena, qu\u00e9 terreno pisaba&#8230; A revientacalderas se puso la gente cuando sac\u00f3 a Bronce, se desplant\u00f3 y quit\u00f3 la cabezada para clavar un par merit\u00edsimo y torear en redondo. Pero el animal pareci\u00f3 lastimarse y se ech\u00f3 en la arena&#8230; Se incorpor\u00f3 y clav\u00f3 rosas antes del rej\u00f3n final, contrario y ca\u00eddo. Cayeron las dos orejas presentidas. \u00a1Y el rabo! La locura en la plaza fue completa.<\/p>\n<p class=\"voc-p\" style=\"\">Subi\u00f3 la corrida a pie cuando apareci\u00f3 el colorado sexto, otro Espinado. Eran cerca de las nueve de la noche cuando Ferrera lo recib\u00eda con el capote. Nada se emple\u00f3 en el peto el de Virgen Mar\u00eda. Ni los puntos de la herida francesa le hicieron declinar la petici\u00f3n del p\u00fablico de que pusiera banderillas. Tremendo su esfuerzo, que se doli\u00f3 cuando tuvo que tomar el olivo. Pero regres\u00f3 a la cara del toro para el tercer par en medio de los gritos de \u00a1torero, torero! Rodilla en tierra el pr\u00f3logo, con un molinete. Y la plaza enfervorizada. Apasionante. De inspiraci\u00f3n su faena, con el sello ferrerista y esos momentos heterodoxos tan distintos, culminada con unos logrados naturales, aprovechando la obediencia del rival. Y un desplante rodilla en tierra que levant\u00f3 al grader\u00edo. Kilom\u00e9trica la distancia para darle muerte, con la muleta al hombro, para matarlo al encuentro. Muy defectuoso cay\u00f3 el acero, que escupi\u00f3 Espinado. Lo levant\u00f3 el puntillero y tuvo que pedir el descabello cuando sonaba el primer aviso. No hizo falta: el toro volvi\u00f3 a doblar. Le pidieron con mucha fuerza las dos orejas, pero el palco se puso ahora serio y dijo que una entre la bronca general.<\/p>\n<p>\nCon la montera calada\n<\/p>\n<p class=\"voc-p\" style=\"\">Se cruzaban los dedos los aficionados para que embistiera el segundo cartucho de Morante. Muy justo de presencia era este s\u00e9ptimo, al que dibuj\u00f3 dos ver\u00f3nicas al ralent\u00ed. Puro arte las chicuelinas. De monumento. Brind\u00f3 el sevillano al p\u00fablico en los mism\u00edsimos medios, se cal\u00f3 de nuevo la montera y se march\u00f3 hasta las tablas. Sentado en el estribo en la apertura m\u00e1s maravillosa de la tarde, que ya era noche en todo el mundo. Qu\u00e9 cadencia al natural. Despacito, como se reza a la Morenita. Asentado a derechas, con un reposo conmovedor pese a la corta embestida, que se le quedaba debajo. Y Morante que no se iba. O que no se puede ir. M\u00e1s recorrido por el zurdo en su medida obra, de tanta belleza, de tanta gracia. Enterr\u00f3 la estocada, que se cay\u00f3 y provoc\u00f3 derrame mientras se destocaba el de La Puebla. Torero de principio a fin, al que el palco s\u00ed otorg\u00f3 las dos orejas que lo aupaban a hombros con sus compa\u00f1eros. <\/p>\n<p class=\"voc-p\" style=\"\">A la floja condici\u00f3n del octavo se sum\u00f3 la vuelta de campana que se peg\u00f3 en el quite de Emilio de Justo. Desisti\u00f3 para dar paso a la lidia de Morenito de Arl\u00e9s a la altura requerida. Midi\u00f3 alturas y distancias el cacere\u00f1o en su centrada labor con un animal de poca vida. Con el duod\u00e9cimo trofeo se abroch\u00f3 el d\u00eda grande de esta Extremadura nuestra. <\/p>\n","protected":false},"excerpt":{"rendered":"Cuando la noche abrazaba Don Benito, la plaza vibraba a\u00fan con el clamor de un p\u00fablico entusiasmado, desbordado&hellip;\n","protected":false},"author":2,"featured_media":102228,"comment_status":"","ping_status":"","sticky":false,"template":"","format":"standard","meta":{"footnotes":""},"categories":[277],"tags":[11271,373,168,14801,25,24,23,167,374],"class_list":{"0":"post-102227","1":"post","2":"type-post","3":"status-publish","4":"format-standard","5":"has-post-thumbnail","7":"category-toreo","8":"tag-benito","9":"tag-bullfighting","10":"tag-deportes","11":"tag-don","12":"tag-es","13":"tag-espana","14":"tag-spain","15":"tag-sports","16":"tag-toreo"},"share_on_mastodon":{"url":"","error":""},"_links":{"self":[{"href":"https:\/\/www.europesays.com\/es\/wp-json\/wp\/v2\/posts\/102227","targetHints":{"allow":["GET"]}}],"collection":[{"href":"https:\/\/www.europesays.com\/es\/wp-json\/wp\/v2\/posts"}],"about":[{"href":"https:\/\/www.europesays.com\/es\/wp-json\/wp\/v2\/types\/post"}],"author":[{"embeddable":true,"href":"https:\/\/www.europesays.com\/es\/wp-json\/wp\/v2\/users\/2"}],"replies":[{"embeddable":true,"href":"https:\/\/www.europesays.com\/es\/wp-json\/wp\/v2\/comments?post=102227"}],"version-history":[{"count":0,"href":"https:\/\/www.europesays.com\/es\/wp-json\/wp\/v2\/posts\/102227\/revisions"}],"wp:featuredmedia":[{"embeddable":true,"href":"https:\/\/www.europesays.com\/es\/wp-json\/wp\/v2\/media\/102228"}],"wp:attachment":[{"href":"https:\/\/www.europesays.com\/es\/wp-json\/wp\/v2\/media?parent=102227"}],"wp:term":[{"taxonomy":"category","embeddable":true,"href":"https:\/\/www.europesays.com\/es\/wp-json\/wp\/v2\/categories?post=102227"},{"taxonomy":"post_tag","embeddable":true,"href":"https:\/\/www.europesays.com\/es\/wp-json\/wp\/v2\/tags?post=102227"}],"curies":[{"name":"wp","href":"https:\/\/api.w.org\/{rel}","templated":true}]}}