{"id":102231,"date":"2025-09-08T23:46:09","date_gmt":"2025-09-08T23:46:09","guid":{"rendered":"https:\/\/www.europesays.com\/es\/102231\/"},"modified":"2025-09-08T23:46:09","modified_gmt":"2025-09-08T23:46:09","slug":"ciclobreves-espana-septiembre-2025-ciclo21-2","status":"publish","type":"post","link":"https:\/\/www.europesays.com\/es\/102231\/","title":{"rendered":"Ciclobreves Espa\u00f1a septiembre 2025 &#8211; Ciclo21"},"content":{"rendered":"<p><a href=\"https:\/\/www.ciclo21.com\/ciclobreves-internacionales-diciembre-2024\/\" target=\"_blank\" rel=\"noopener nofollow\"><strong>Ciclobreves 2024<\/strong><\/a> \/ <a href=\"https:\/\/www.ciclo21.com\/ciclobreves-espana-enero-2025\/\" target=\"_blank\" rel=\"noopener nofollow\"><strong>Enero<\/strong><\/a> \/ <a href=\"https:\/\/www.ciclo21.com\/ciclobreves-espana-2025-28feb\/\" target=\"_blank\" rel=\"noopener nofollow\"><strong>Febrero<\/strong><\/a> \/ <a href=\"https:\/\/www.ciclo21.com\/ciclobreves-espana-marzo-2025\/\" target=\"_blank\" rel=\"noopener nofollow\"><strong>Marzo <\/strong><\/a><strong>\/ <a href=\"https:\/\/www.ciclo21.com\/ciclobreves-espana-abril-2025-30ab\/\" target=\"_blank\" rel=\"noopener nofollow\">Abril<\/a> \/ <a href=\"https:\/\/www.ciclo21.com\/ciclobreves-espana-mayo-2025-29\/\" target=\"_blank\" rel=\"noopener nofollow\">Mayo<\/a> \/ <a href=\"https:\/\/www.ciclo21.com\/ciclobreves-espana-junio-2025-30jun\/\" target=\"_blank\" rel=\"noopener nofollow\">Junio<\/a> \/ <a href=\"https:\/\/www.ciclo21.com\/ciclobreves-espana-julio-2025-21jul\/\" target=\"_blank\" rel=\"noopener nofollow\">Julio<\/a> \/ <a href=\"https:\/\/www.ciclo21.com\/ciclobreves-espana-agosto-2025-28\/\" target=\"_blank\" rel=\"noopener nofollow\">Agosto<\/a><\/strong><\/p>\n<p style=\"text-align: justify;\"><strong>8 septiembre. <\/strong>El <strong data-start=\"3\" data-end=\"85\">Burgos anunci\u00f3 la renovaci\u00f3n de Sergio Chumil por tres temporadas<\/strong>, una noticia que el guatemalteco celebr\u00f3 con entusiasmo, agradeciendo la confianza del equipo y mostrando su compromiso de seguir creciendo y aportando en el futuro. <strong data-start=\"252\" data-end=\"394\">\u201cMuy feliz con la renovaci\u00f3n. Tanto yo como el equipo nos sentimos muy bien y queremos seguir trabajando juntos para mejorar en el futuro\u201d<\/strong>, se\u00f1al\u00f3 el corredor, mientras que el director deportivo <strong data-start=\"451\" data-end=\"589\">Damien Garcia destac\u00f3 sus cualidades, su capacidad de aprendizaje y su potencial para convertirse en uno de los l\u00edderes de la escuadra<\/strong> en los pr\u00f3ximos a\u00f1os.<\/p>\n<p style=\"text-align: justify;\" data-start=\"615\" data-end=\"1248\" data-is-last-node=\"\" data-is-only-node=\"\">La noticia llega en plena <strong data-start=\"641\" data-end=\"660\">Vuelta a Espa\u00f1a<\/strong>, donde <strong data-start=\"668\" data-end=\"726\">Chumil est\u00e1 firmando una actuaci\u00f3n notable en su debut<\/strong>. El guatemalteco ha brillado en finales en alto como <strong data-start=\"780\" data-end=\"823\">Limone Piemonte, Pal (Andorra) y Cerler<\/strong>, situ\u00e1ndose en la vig\u00e9sima posici\u00f3n de la general antes de verse afectado por una gastroenteritis v\u00edrica. Pese a ello, ha mostrado un gran sacrificio superando puertos m\u00edticos como el <strong data-start=\"1008\" data-end=\"1034\">Angliru y La Farrapona<\/strong>, y afronta la \u00faltima semana con la ambici\u00f3n de dejarse ver en las escapadas. <strong data-start=\"1112\" data-end=\"1248\" data-is-last-node=\"\">Humilde, trabajador y pionero del ciclismo en su pa\u00eds, cuenta con una fiel afici\u00f3n que lo respalda desde Guatemala en cada pedalada.<\/strong><\/p>\n<p style=\"text-align: justify;\" data-start=\"615\" data-end=\"1248\" data-is-last-node=\"\" data-is-only-node=\"\"><strong>8 septiembre.<\/strong> El <strong>Laboral Kutxa a<\/strong>fronta en Francia tres pruebas esta semana, una vuelta, Tour Cycliste F\u00e9minin International de l\u2019Ard\u00e8che, y dos cl\u00e1sicas, A Travers les Hauts de France y La Choralis Fourmies F\u00e9minine, con 12 ciclistas en liza. <strong>Naia Amondarain, Alice Arzuffi, Yuliia Biriukova, Ane Santesteban, Debora Silvestri y Maite Urteaga <\/strong>afrontar\u00e1n el Tour de l\u2019Ard\u00e8che (2.1), a disputar en seis etapas de martes a domingo. Con Santesteban al frente y un bloque de escaladoras, la principal novedad es el debut de Urteaga como stagiaire. Idoia Eraso, Arianna Fidanza, Cata Soto, Alba Teruel, Laura Tomasi y Cristina Tonetti, por su parte, forman un perfil m\u00e1s clasic\u00f3mano para disputar A Travers les Hauts de France (1.1) y La Choralis Fourmies F\u00e9minine (1.Pro), el s\u00e1bado y el domingo, respectivamente.<\/p>\n<p style=\"text-align: justify;\" data-start=\"615\" data-end=\"1248\" data-is-last-node=\"\" data-is-only-node=\"\"><strong>8 septiembre<\/strong>. El par\u00f3n de Oier Lazkano tras dejar Movistar. A finales de 2024, tras tres temporadas,<strong> el alav\u00e9s abandon\u00f3 el conjunto telef\u00f3nico para fichar por el ambicioso proyecto de Red Bull<\/strong>, que buscaba reforzar su bloque de cl\u00e1sicas. La expectativa era grande: <a href=\"https:\/\/www.ciclo21.com\/a-traves-flandes-2023-laporte\" target=\"_blank\" rel=\"noopener nofollow\">tras brillar en 2023 con un segundo puesto en A Trav\u00e9s de Flandes<\/a> y confirmarse en 2024 con un <a href=\"https:\/\/www.ciclo21.com\/kuurne-bruselas-kuurne-2024-van-aert\" target=\"_blank\" rel=\"noopener nofollow\">podio en la Kuurne-Bruselas-Kuurne<\/a>, parec\u00eda llamado a liderar a Espa\u00f1a en las piedras junto a Juan Ayuso en el calendario internacional.<\/p>\n<p style=\"text-align: justify;\">La realidad ha sido muy distinta.<strong> Su debut en febrero en la Estrella de Bess\u00e8ges acab\u00f3 en abandono, lo mismo que en varias citas clave de primavera: Omloop, Kuurne y Tour de Flandes.<\/strong> Apenas firm\u00f3 resultados discretos (112\u00ba en Brujas\u2013De Panne, 117\u00ba en Roubaix), sin acercarse al nivel mostrado con Movistar. El propio corredor admiti\u00f3 en marzo que <strong>una enfermedad hab\u00eda lastrado su preparaci\u00f3n<\/strong>, aunque confiaba en recuperar la forma tras una concentraci\u00f3n en el Teide. Sin embargo, su temporada se interrumpi\u00f3 en abril, sin que haya vuelto a competir desde entonces.<\/p>\n<blockquote class=\"twitter-tweet\" data-media-max-width=\"560\">\n<p dir=\"ltr\" lang=\"es\">El bajo rendimiento de Lazkano en las cl\u00e1sicas se debe a problemas de salud<\/p>\n<p>\u00abHemos mandado a Oier a casa porque no est\u00e1 al 100%. Se reincorporar\u00e1 para la Vuelta a Flandes\u00bb<a href=\"https:\/\/t.co\/KHoUANxuxc\" rel=\"nofollow\">https:\/\/t.co\/KHoUANxuxc<\/a> <a href=\"https:\/\/t.co\/6q48FDMGxh\" rel=\"nofollow\">pic.twitter.com\/6q48FDMGxh<\/a><\/p>\n<p>\u2014 Ciclo 21 (@ciclo21) <a href=\"https:\/\/twitter.com\/ciclo21\/status\/1907097782445380077?ref_src=twsrc%5Etfw\" rel=\"nofollow noopener\" target=\"_blank\">April 1, 2025<\/a><\/p>\n<\/blockquote>\n<p style=\"text-align: justify;\">Desde el equipo,<strong> el silencio es casi total: la \u00faltima comunicaci\u00f3n oficial alud\u00eda a problemas de salud recurrentes, y ahora su director Patxi Vila evita dar detalles, alegando \u00abdirectrices del equipo\u00bb<\/strong>, en declaraciones a Marca. El ciclista, adem\u00e1s, lleg\u00f3 a borrar sus perfiles en redes sociales y mantiene su cuenta de X en modo privado. Su ausencia prolongada despierta preocupaci\u00f3n en el pelot\u00f3n. Un corredor joven, con un talento demostrado en cl\u00e1sicas, que parec\u00eda llamado a ser referente nacional, se ha visto frenado en seco. De momento, no hay certezas sobre su futuro inmediato.<\/p>\n<p><a href=\"https:\/\/www.europesays.com\/es\/wp-content\/uploads\/2025\/09\/Oier-Lazkano-con-el-maillot-de-Red-Bull-\u00a9-Max-Fries-2.jpg\" target=\"_blank\" rel=\"noopener\"><img fetchpriority=\"high\" decoding=\"async\" aria-describedby=\"caption-attachment-446703\" class=\"wp-image-446703 size-full lazy\" src=\"data:image\/svg+xml,%3Csvg%20xmlns=\" http:=\"\" data-src=\"https:\/\/www.europesays.com\/es\/wp-content\/uploads\/2025\/09\/Oier-Lazkano-con-el-maillot-de-Red-Bull-\u00a9-Max-Fries-2.jpg\" alt=\"\" width=\"1050\" height=\"700\" data- data-\/><\/a><\/p>\n<p id=\"caption-attachment-446703\" class=\"wp-caption-text\">Oier Lazkano con el maillot de Red Bull \u00a9 Max Fries<\/p>\n<p style=\"text-align: justify;\"><strong>6 septiembre<\/strong>. Durante <a href=\"https:\/\/www.ciclo21.com\/4a-ladies-tour-2025-wiebes\" target=\"_blank\" rel=\"noopener nofollow\">la cuarta etapa del Simac Ladies Tour<\/a>, disputada ayer, <strong>se produjo una ca\u00edda masiva en el pelot\u00f3n en la que se vio involucrada la ciclista del equipo Movistar. Tota Magalh\u00e3es<\/strong>. Seg\u00fan informa la formaci\u00f3n telef\u00f3nica, \u00abla brasile\u00f1a <strong>sufri\u00f3 un traumatismo craneoencef\u00e1lico, adem\u00e1s de la fractura de una v\u00e9rtebra cervical y de la clav\u00edcula<\/strong>. Tras las primeras evaluaciones m\u00e9dicas, podemos confirmar que Tota se encuentra estable y con buen estado general\u00bb.<\/p>\n<p style=\"text-align: justify;\">La baja, a priori, <strong>no ser\u00e1 de larga duraci\u00f3n tal y como refleja el parte m\u00e9dico de las navarras<\/strong>. \u00ab<strong>El<\/strong> <strong>tiempo estimado de recuperaci\u00f3n ser\u00e1 de, al menos, seis semanas, durante las cuales permanecer\u00e1 inmovilizada con collar\u00edn cervical<\/strong>. Queremos transmitir tranquilidad, ya que la corredora est\u00e1 en buenas condiciones y acompa\u00f1ada en todo momento. En las pr\u00f3ximas semanas se realizar\u00e1n nuevos controles y pruebas adicionales para concretar su evoluci\u00f3n\u00bb.<\/p>\n<p><a href=\"https:\/\/www.ciclo21.com\/wp-content\/uploads\/2025\/09\/WhatsApp-Image-2025-09-06-at-10.22.02.jpeg\" target=\"_blank\" rel=\"noopener nofollow\"><img loading=\"lazy\" decoding=\"async\" aria-describedby=\"caption-attachment-446411\" class=\"wp-image-446411 size-full lazy\" src=\"data:image\/svg+xml,%3Csvg%20xmlns=\" http:=\"\" data-src=\"https:\/\/www.europesays.com\/es\/wp-content\/uploads\/2025\/09\/WhatsApp-Image-2025-09-06-at-10.22.02-e1757165546275.jpeg.webp.webp\" alt=\"\" width=\"1066\" height=\"682\" data- data-\/><\/a><\/p>\n<p id=\"caption-attachment-446411\" class=\"wp-caption-text\">Tota Magalh\u00e3es sufri\u00f3 un traumatismo craneoencef\u00e1lico durante la 4\u00aa etapa del Simac Ladies Tour (c) Movistar Team<\/p>\n<p style=\"text-align: justify;\"><strong>5 septiembre.<\/strong> El <strong data-start=\"76\" data-end=\"99\">Burgos Burpellet BH<\/strong> compaginar\u00e1 su presencia en la Vuelta a Espa\u00f1a con un exigente bloque de cl\u00e1sicas en Italia entre el <strong data-start=\"201\" data-end=\"228\">7 y el 14 de septiembre<\/strong>. En apenas ocho d\u00edas, los morados disputar\u00e1n cinco carreras de prestigio para escaladores: Gran Premio Industria &amp; Artigianato, Giro della Toscana, Coppa Sabatini, Memorial Marco Pantani y Trofeo Matteotti. Ser\u00e1 la primera vez que el equipo afronte de manera consecutiva este calendario de cl\u00e1sicas italianas, con recorridos exigentes y grandes oportunidades de lucimiento internacional.<\/p>\n<p style=\"text-align: justify;\" data-start=\"620\" data-end=\"1147\">La primera cita llegar\u00e1 este <strong data-start=\"649\" data-end=\"662\">domingo 7<\/strong> en Larciano, con el Gran Premio Industria &amp; Artigianato, al que seguir\u00e1n el <strong data-start=\"739\" data-end=\"761\">Giro della Toscana<\/strong> (mi\u00e9rcoles 10) y la <strong data-start=\"782\" data-end=\"800\">Coppa Sabatini<\/strong> (jueves 11), ambas con finales duros y terreno para escaladores. El fin de semana se completar\u00e1 con el <strong data-start=\"904\" data-end=\"930\">Memorial Marco Pantani<\/strong> (s\u00e1bado 13), cl\u00e1sico en Cesenatico en memoria del campe\u00f3n italiano, y el <strong data-start=\"1004\" data-end=\"1024\">Trofeo Matteotti<\/strong> (domingo 14), una carrera marcada por sus continuas cotas en torno a Pescara donde Diego Rubio roz\u00f3 la victoria en 2020.<\/p>\n<p style=\"text-align: justify;\" data-start=\"1149\" data-end=\"1642\">En la alineaci\u00f3n del equipo destaca el regreso de <strong data-start=\"1199\" data-end=\"1219\">Jos\u00e9 Manuel D\u00edaz<\/strong>, que vuelve tras su fractura de clav\u00edcula en la Vuelta a Burgos. El jienense estar\u00e1 acompa\u00f1ado por <strong data-start=\"1319\" data-end=\"1381\">Ander Okamika, David Delgado, Josh Burnett y Merhawi Kudus<\/strong> como referencias en la monta\u00f1a, mientras que <strong data-start=\"1427\" data-end=\"1462\">Antonio Angulo y Cl\u00e9ment Alleno<\/strong> ser\u00e1n los hombres r\u00e1pidos en caso de llegadas al sprint. El bloque estar\u00e1 dirigido en Italia por <strong data-start=\"1560\" data-end=\"1579\">David Echavarri<\/strong>, con la ambici\u00f3n de dejar huella en cada una de las pruebas.<\/p>\n<p><strong>5 septiembre<\/strong>. <strong>El Euskaltel-Euskadi afronta con un bloque de diez ciclistas cinco cl\u00e1sicas italianas en ocho d\u00edas<\/strong>, GP Industria &amp; Artigianato (1.Pro), Giro della Toscana (1.1), Coppa Sabatini (1.Pro), Memorial Pantani (1.1) y Trofeo Matteotti (1.1), a disputar entre el 7 y el 14 de septiembre.<\/p>\n<p><strong>Jon Agirre, Nicol\u00e1s Alustiza, Xabier Berasategi, Mikel Bizkarra, Ander Ganzabal, Txomin Juaristi, Jordi L\u00f3pez, Jokin Murguialday, Louis Sutton y Unai Zubeldia son los diez corredores -siete por carrera- que afrontar\u00e1n las cinco sinuosas cl\u00e1sicas<\/strong>, bajo la direcci\u00f3n deportiva de <strong>Rub\u00e9n P\u00e9rez<\/strong>. Ganzabal regresa a la competici\u00f3n tras la fractura de clav\u00edcula que sufri\u00f3 en el Tour de Qinghai Lake en julio.<\/p>\n<p style=\"text-align: justify;\"><strong>3 septiembre.<\/strong> <b><strong>Larraul ha sido esta tarde escenario del homenaje que se le ha rendido a uno de sus m\u00e1s ilustres vecinos, el ciclista E\u00f1aut Urkaregui,<\/strong><\/b>\u00a0como consecuencia de su hist\u00f3rico \u00e9xito el pasado 24 de agosto en Apeldoorn cuando se proclam\u00f3\u00a0<b><strong>campe\u00f3n del mundo de madison<\/strong><\/b><b><strong>,\u00a0<\/strong><\/b>en compa\u00f1\u00eda del valenciano Eric Igual.\u00a0<b><strong>Dos d\u00edas antes hab\u00eda conseguido la medalla de plata en la persecuci\u00f3n individual.<\/strong><\/b><\/p>\n<p style=\"font-weight: 400; text-align: justify;\">Un acto que tambi\u00e9n ha servido para reconocer\u00a0<strong>el trabajo de formaci\u00f3n con la Escuela Ciclista Danena<\/strong>\u00a0y dar un primer paso de futuro,\u00a0<strong>anunciado su compromiso -que era vox populi- con el Lidl-Trek para el pr\u00f3ximo a\u00f1o. <\/strong>Un homenaje en el que tambi\u00e9n\u00a0<strong>particip\u00f3 la Andoaingo Txirrindulari Eskola, como forma de implicar en el homenaje a la ciclista adunarra Izaro Etxarri<\/strong>, que tambi\u00e9n estuvo en los Mundiales, en los que logr\u00f3 la quinta plaza en madison <strong>\u00a0<a href=\"http:\/\/www.trackpiste.com\" target=\"_blank\" rel=\"noopener nofollow\">\u00a9 TrackPiste<\/a><\/strong><\/p>\n<p style=\"text-align: justify;\"><strong>3 septiembre. Burgos Burpellet BH y BH Bikes<\/strong> han consolidado una relaci\u00f3n hist\u00f3rica en el ciclismo profesional desde 2012, cuando la marca vitoriana se convirti\u00f3 en patrocinador principal del equipo castellano. Juntos alcanzaron el profesionalismo en 2018 y ahora han ampliado su colaboraci\u00f3n hasta 2028, garantizando que los ciclistas morados seguir\u00e1n utilizando las bicicletas BH en las principales competiciones internacionales. Esta alianza ha permitido al equipo crecer y competir al m\u00e1s alto nivel, con una exposici\u00f3n medi\u00e1tica destacada en pruebas como la Vuelta a Espa\u00f1a o los Juegos Ol\u00edmpicos de Par\u00eds 2024.<\/p>\n<p style=\"text-align: justify;\" data-start=\"606\" data-end=\"1132\"><strong>Durante la Vuelta a Espa\u00f1a 2025, el Burgos Burpellet BH ha estrenado nuevos modelos de BH Ultralight y la BH Aero TT de contrarreloj, con dise\u00f1os llamativos en fucsia y negro, pensados para maximizar el rendimiento en etapas de monta\u00f1a y pruebas contra el crono.<\/strong> La elecci\u00f3n de estas bicicletas refleja el compromiso del equipo con la innovaci\u00f3n tecnol\u00f3gica y la excelencia, y demuestra la apuesta por bicicletas de alta gama que se adaptan a las distintas modalidades del ciclismo profesional, desde carretera hasta gravel.<\/p>\n<p style=\"text-align: justify;\" data-start=\"1134\" data-end=\"1820\" data-is-last-node=\"\" data-is-only-node=\"\">Julio Andr\u00e9s Izquierdo, m\u00e1nager general del Burgos Burpellet BH, destac\u00f3 la importancia de la renovaci\u00f3n del patrocinio: <strong>\u201cBH Bikes ha influido directamente en nuestro salto cualitativo, permiti\u00e9ndonos competir con la mejor tecnolog\u00eda y calidad.<\/strong> Nos enorgullece trabajar junto a una marca espa\u00f1ola con m\u00e1s de un siglo de experiencia, que contin\u00faa renov\u00e1ndose y ofreciendo productos de primer nivel tanto a ciclistas profesionales como a cicloturistas\u201d. Con 116 a\u00f1os de historia, BH Bikes sigue siendo un referente en todas las disciplinas del ciclismo, asegurando que el equipo morado cuente con el respaldo y la experiencia necesarios para seguir creciendo en el panorama internacional.<\/p>\n<p><script async src=\"https:\/\/platform.twitter.com\/widgets.js\" charset=\"utf-8\"><\/script><\/p>\n","protected":false},"excerpt":{"rendered":"Ciclobreves 2024 \/ Enero \/ Febrero \/ Marzo \/ Abril \/ Mayo \/ Junio \/ Julio \/ Agosto&hellip;\n","protected":false},"author":2,"featured_media":102232,"comment_status":"","ping_status":"","sticky":false,"template":"","format":"standard","meta":{"footnotes":""},"categories":[273],"tags":[313,11935,312,168,25,24,23,167],"class_list":{"0":"post-102231","1":"post","2":"type-post","3":"status-publish","4":"format-standard","5":"has-post-thumbnail","7":"category-ciclismo","8":"tag-ciclismo","9":"tag-ciclobreves","10":"tag-cycling","11":"tag-deportes","12":"tag-es","13":"tag-espana","14":"tag-spain","15":"tag-sports"},"share_on_mastodon":{"url":"","error":""},"_links":{"self":[{"href":"https:\/\/www.europesays.com\/es\/wp-json\/wp\/v2\/posts\/102231","targetHints":{"allow":["GET"]}}],"collection":[{"href":"https:\/\/www.europesays.com\/es\/wp-json\/wp\/v2\/posts"}],"about":[{"href":"https:\/\/www.europesays.com\/es\/wp-json\/wp\/v2\/types\/post"}],"author":[{"embeddable":true,"href":"https:\/\/www.europesays.com\/es\/wp-json\/wp\/v2\/users\/2"}],"replies":[{"embeddable":true,"href":"https:\/\/www.europesays.com\/es\/wp-json\/wp\/v2\/comments?post=102231"}],"version-history":[{"count":0,"href":"https:\/\/www.europesays.com\/es\/wp-json\/wp\/v2\/posts\/102231\/revisions"}],"wp:featuredmedia":[{"embeddable":true,"href":"https:\/\/www.europesays.com\/es\/wp-json\/wp\/v2\/media\/102232"}],"wp:attachment":[{"href":"https:\/\/www.europesays.com\/es\/wp-json\/wp\/v2\/media?parent=102231"}],"wp:term":[{"taxonomy":"category","embeddable":true,"href":"https:\/\/www.europesays.com\/es\/wp-json\/wp\/v2\/categories?post=102231"},{"taxonomy":"post_tag","embeddable":true,"href":"https:\/\/www.europesays.com\/es\/wp-json\/wp\/v2\/tags?post=102231"}],"curies":[{"name":"wp","href":"https:\/\/api.w.org\/{rel}","templated":true}]}}