{"id":10224,"date":"2025-07-28T21:21:16","date_gmt":"2025-07-28T21:21:16","guid":{"rendered":"https:\/\/www.europesays.com\/es\/10224\/"},"modified":"2025-07-28T21:21:16","modified_gmt":"2025-07-28T21:21:16","slug":"arranca-la-pretemporada-del-ademar-leon","status":"publish","type":"post","link":"https:\/\/www.europesays.com\/es\/10224\/","title":{"rendered":"Arranca la pretemporada del Ademar Le\u00f3n"},"content":{"rendered":"<p><a class=\"v-mdl-ath__fig-a\" href=\"https:\/\/www.leonoticias.com\/autor\/leonoticias-2282.html\" title=\"Leonoticias\" rel=\"nofollow noopener\" target=\"_blank\"><br \/>\n<img decoding=\"async\" class=\"v-mdl-ath__img\" src=\"https:\/\/www.europesays.com\/es\/wp-content\/uploads\/2025\/07\/autor-2282-foto-1.jpeg\" alt=\"Leonoticias\"\/><br \/>\n<\/a><\/p>\n<p class=\"v-mdl-ath__p v-mdl-ath__p--6\">\nLunes, 28 de julio 2025, 14:59<\/p>\n<p class=\"v-p\">El Abanca Ademar Le\u00f3n ha comenzado esta semana su preparaci\u00f3n para la temporada 2025\/26 con una hoja de ruta clara: trabajo diario, cercan\u00eda con la afici\u00f3n y defensa de una identidad que se construye desde Le\u00f3n y para Le\u00f3n. El equipo realizar\u00e1 sesiones dobles durante las pr\u00f3ximas seis semanas \u2014con trabajo f\u00edsico y pruebas m\u00e9dicas por la ma\u00f1ana, y entrenamientos t\u00e9cnico-t\u00e1cticos en pista por la tarde\u2014 con el objetivo de consolidar el modelo de juego e integrar progresivamente a los nuevos jugadores.<\/p>\n<p class=\"v-p\">\u00ab<a href=\"https:\/\/www.leonoticias.com\/deportes\/ademar\/abanca-ademar-fecha-iniciar-pretemporada-20250629100532-nt.html\" data-voc-vtm-id=\"in-text-traffic\" title=\"Estas primeras semanas de pretemporada\" data-mrf-link=\"www.leonoticias.com\" rel=\"nofollow noopener\" target=\"_blank\">Estas primeras semanas de pretemporada<\/a> van a estar marcadas por un doble trabajo: por las ma\u00f1anas estamos centrados en la parte f\u00edsica, con test m\u00e9dicos y de rendimiento individualizados, y por las tardes ya estamos metiendo carga en pista. Es un periodo clave para asentar las bases de nuestro modelo de juego\u00bb, valor\u00f3 el entrenador del equipo, Daniel Gordo R\u00edos.<\/p>\n<p class=\"v-p\">La continuidad en la plantilla es una de las claves de este arranque. Con pocos cambios, el cuerpo t\u00e9cnico conf\u00eda en poder avanzar con paso firme en la construcci\u00f3n del juego colectivo. Gonzalo, que ya conoce bien el club, y Samuel, integrado desde el final de la pasada temporada, aportan estabilidad al grupo. En cuanto a Aitor Albizu, se ir\u00e1 incorporando poco a poco al ritmo del equipo.<\/p>\n<p class=\"v-p\">\u00abEste a\u00f1o todo est\u00e1 siendo algo m\u00e1s fluido porque hay pocos cambios en el equipo. Gonzalo ya conoce bien la casa y el modelo de juego, Samuel se va integrar r\u00e1pido, es de casa, y a Albizu lo iremos incorporando poco a poco, aunque creemos que por sus caracter\u00edsticas se va a adaptar muy bien a la filosof\u00eda del club\u00bb, explic\u00f3 Gordo.<\/p>\n<p class=\"v-p\">M\u00e1s all\u00e1 de lo deportivo, la pretemporada tambi\u00e9n tiene un fuerte componente social. El club ha decidido disputar varios partidos en distintos puntos de la provincia de Le\u00f3n con el objetivo de acercar el equipo a la gente y reforzar el v\u00ednculo con el territorio.<\/p>\n<p class=\"v-p\">\u00abDisputar partidos en distintos puntos de la provincia de Le\u00f3n es una decisi\u00f3n estrat\u00e9gica. Queremos estar cerca de la gente, llevar el equipo a diferentes rincones de la provincia, generar conexi\u00f3n y seguir sumando adeptos. El Ademar tiene que ser un club de todos y para todos\u00bb, afirm\u00f3 el t\u00e9cnico.<\/p>\n<p><a href=\"http:\/\/www.leonoticias.com\/deportes\/ademar\/sergio-sanchez-esfuerza-renovar-ademar-20250722160308-nt.html#vtm_modulosEngag=mod-rel:deportes:noticia:1:cmp:1-not\" class=\"v-a-link\" aria-label=\"Imagen\" rel=\"nofollow noopener\" target=\"_blank\"><\/p>\n<p><img decoding=\"async\" loading=\"lazy\" src=\"https:\/\/www.europesays.com\/es\/wp-content\/uploads\/2025\/07\/GwcvRCiWUAMKORQ-kfP--366x256@Leonoticias.jpg\" class=\"v-a-img\" width=\"258\" height=\"180\" alt=\"\" data-voc-vtm-id=\"in-text-traffic\"\/><\/p>\n<p><\/a><\/p>\n<p class=\"v-p\">Uno de los momentos m\u00e1s destacados ser\u00e1 la recuperaci\u00f3n del Torneo Internacional Ciudad de Le\u00f3n, una cita hist\u00f3rica que regresa con un cartel de primer nivel y que servir\u00e1 tambi\u00e9n para presentar a los equipos de base del club.<\/p>\n<p class=\"v-p\">\u00abEs una alegr\u00eda enorme poder recuperar este torneo hist\u00f3rico para la ciudad. El Torneo Internacional Ciudad de Le\u00f3n tiene un valor simb\u00f3lico y deportivo muy grande. Reunimos equipos de nivel europeo, pero tambi\u00e9n sirve para presentar a nuestros equipos de base y para conectar el pasado, el presente y el futuro del balonmano leon\u00e9s\u00bb, destac\u00f3 Daniel Gordo.<\/p>\n<p class=\"v-p\">Todo este proceso apunta directamente al debut liguero, que tendr\u00e1 lugar en una de las pistas m\u00e1s exigentes de la Liga Plenitude: <a href=\"https:\/\/www.leonoticias.com\/deportes\/ademar\/abanca-ademar-estrenara-temporada-galicia-20250718115128-nt.html\" data-voc-vtm-id=\"in-text-traffic\" title=\"O Gata\u00f1al, frente al Frigor\u00edficos del Morrazo\" data-mrf-link=\"www.leonoticias.com\" rel=\"nofollow noopener\" target=\"_blank\">O Gata\u00f1al, frente al Frigor\u00edficos del Morrazo<\/a>.<\/p>\n<p class=\"v-p\">\u00abQueremos llegar en las mejores condiciones posibles al inicio de Liga, y sabemos que O Gata\u00f1al nos exigir\u00e1 estar al m\u00e1ximo nivel desde el primer d\u00eda. Tenemos seis semanas, amistosos, y una planificaci\u00f3n clara para llegar preparados\u00bb, concluy\u00f3 el entrenador ademarista.<\/p>\n<p class=\"v-p\">El Abanca Ademar Le\u00f3n arranca as\u00ed una nueva temporada con una base s\u00f3lida, un equipo comprometido y la voluntad clara de volver a llenar de orgullo a Le\u00f3n y a su provincia.<\/p>\n<p>Comenta<\/p>\n<p>Reporta un error<\/p>\n","protected":false},"excerpt":{"rendered":"Lunes, 28 de julio 2025, 14:59 El Abanca Ademar Le\u00f3n ha comenzado esta semana su preparaci\u00f3n para la&hellip;\n","protected":false},"author":2,"featured_media":10225,"comment_status":"","ping_status":"","sticky":false,"template":"","format":"standard","meta":{"footnotes":""},"categories":[278],"tags":[6857,5871,5881,376,168,25,24,375,4108,961,23,167],"class_list":{"0":"post-10224","1":"post","2":"type-post","3":"status-publish","4":"format-standard","5":"has-post-thumbnail","7":"category-balonmano","8":"tag-abanca","9":"tag-ademar","10":"tag-arranca","11":"tag-balonmano","12":"tag-deportes","13":"tag-es","14":"tag-espana","15":"tag-handball","16":"tag-leon","17":"tag-pretemporada","18":"tag-spain","19":"tag-sports"},"share_on_mastodon":{"url":"","error":""},"_links":{"self":[{"href":"https:\/\/www.europesays.com\/es\/wp-json\/wp\/v2\/posts\/10224","targetHints":{"allow":["GET"]}}],"collection":[{"href":"https:\/\/www.europesays.com\/es\/wp-json\/wp\/v2\/posts"}],"about":[{"href":"https:\/\/www.europesays.com\/es\/wp-json\/wp\/v2\/types\/post"}],"author":[{"embeddable":true,"href":"https:\/\/www.europesays.com\/es\/wp-json\/wp\/v2\/users\/2"}],"replies":[{"embeddable":true,"href":"https:\/\/www.europesays.com\/es\/wp-json\/wp\/v2\/comments?post=10224"}],"version-history":[{"count":0,"href":"https:\/\/www.europesays.com\/es\/wp-json\/wp\/v2\/posts\/10224\/revisions"}],"wp:featuredmedia":[{"embeddable":true,"href":"https:\/\/www.europesays.com\/es\/wp-json\/wp\/v2\/media\/10225"}],"wp:attachment":[{"href":"https:\/\/www.europesays.com\/es\/wp-json\/wp\/v2\/media?parent=10224"}],"wp:term":[{"taxonomy":"category","embeddable":true,"href":"https:\/\/www.europesays.com\/es\/wp-json\/wp\/v2\/categories?post=10224"},{"taxonomy":"post_tag","embeddable":true,"href":"https:\/\/www.europesays.com\/es\/wp-json\/wp\/v2\/tags?post=10224"}],"curies":[{"name":"wp","href":"https:\/\/api.w.org\/{rel}","templated":true}]}}