{"id":102262,"date":"2025-09-09T00:04:19","date_gmt":"2025-09-09T00:04:19","guid":{"rendered":"https:\/\/www.europesays.com\/es\/102262\/"},"modified":"2025-09-09T00:04:19","modified_gmt":"2025-09-09T00:04:19","slug":"arranca-el-fuego-real-para-el-balonmano-cordobes","status":"publish","type":"post","link":"https:\/\/www.europesays.com\/es\/102262\/","title":{"rendered":"arranca el fuego real para el balonmano cordob\u00e9s"},"content":{"rendered":"<p class=\"article-text\">\n        Tras un extenso periodo de preparaci\u00f3n para los equipos masculinos de balonmano en C\u00f3rdoba, esta semana arranca la competici\u00f3n oficial. El m\u00e1ximo exponente tanto a nivel local como a nivel auton\u00f3mico volver\u00e1 a ser el \u00c1ngel Xim\u00e9nez de Puente Genil que, una temporada m\u00e1s -y ya van 13- representar\u00e1 a Andaluc\u00eda en la Liga Nexus Energ\u00eda ASOBAL. Dos escalafones por debajo, volver\u00e1 a haber tridente de cordobeses en Primera Nacional, con Cajasur CBM, ARS Naranjas Palma del R\u00edo y Silbon Cordopl\u00e1s La Salle, mientras que en el apartado femenino, habr\u00e1 que esperar dos semanas m\u00e1s para ver en acci\u00f3n real tanto al Rehi-Sepisur Adesal C\u00f3rdoba en Divisi\u00f3n de Honor Oro, como a Deza CBM en Divisi\u00f3n de Honor Plata.\n    <\/p>\n<p>    <a href=\"https:\/\/cordopolis.eldiario.es\/deportes\/balonmano\/angel-ximenez-doblega-proin-triana-vuelve-reinar-andalucia_129_12566780.html\" data-mrf-recirculation=\"saber-mas\" data-dl-event=\"saber-mas\" rel=\"nofollow noopener\" target=\"_blank\"><\/p>\n<p class=\"know-more__title\">El \u00c1ngel Xim\u00e9nez doblega al Proin Triana y vuelve a reinar en Andaluc\u00eda<\/p>\n<p>            <img decoding=\"async\" class=\"lazy\" loading=\"lazy\" data-src=\"https:\/\/static.eldiario.es\/clip\/9d1901b1-99c3-439c-ba96-b0007aad9f2d_16-9-aspect-ratio_default_0.jpg\" src=\"data:image\/svg+xml,%3Csvg xmlns=\" http:=\"\" viewbox=\"0 0 880 495\" alt=\"El \u00c1ngel Xim\u00e9nez doblega al Proin Triana y vuelve a reinar en Andaluc\u00eda\"\/><\/p>\n<p>                        <\/a><\/p>\n<p class=\"article-text\">\n        Echando la vista atr\u00e1s, lo cierto es que la pretemporada del \u00c1ngel Xim\u00e9nez de Puente Genil ha tenido altos y bajos, como suele ser habitual. Los pupilos de Paco Bustos tuvieron dos duelos de m\u00e1xima igualdad ante BM Guadalajara y Caser\u00edo Ciudad Real para arrancar la preparaci\u00f3n, de los que logr\u00f3 un empate a 34 contra los primeros, y una derrota por la m\u00ednima (32-30) ante los segundos. En su segundo doblete, esta vez en tierras portuguesas, el cuadro pontan\u00e9s firm\u00f3 su primera victoria de la pretemporada al imponerse a Os Belenenses (29-40), aunque no pudo con el potencial ofensivo de un cuadro como el SL Benfica, actualmente en EHF European League, y que arras\u00f3 al \u00c1ngel Xim\u00e9nez (36-25).\n    <\/p>\n<p class=\"article-text\">\n        Las probaturas, eso s\u00ed, llegaron a su fin el \u00faltimo d\u00eda del mes de agosto, con la celebraci\u00f3n de la Copa de Andaluc\u00eda, donde el \u00c1ngel Xim\u00e9nez de Puente Genil se alz\u00f3 como ganador y conquist\u00f3 su d\u00e9cimo trofeo auton\u00f3mico al imponerse contra BM Proin Triana en el Alcalde Miguel Salas. Fue la antesala al fuego real, que comenzar\u00e1 este mismo viernes. El \u00c1ngel Xim\u00e9nez de Puente Genil inaugurar\u00e1 la temporada 2025-26 de la Liga Nexus Energ\u00eda ASOBAL visitando al Fraikin BM Granollers (19:00 horas), antes de recibir en el Alcalde Miguel Salas a uno de los grandes de la categor\u00eda, el Idurek Bidasoa Ir\u00fan, el s\u00e1bado 20 de septiembre a las 17:30 horas.\n    <\/p>\n<p>    <strong>Derbi cordob\u00e9s para arrancar la Primera Nacional<\/strong><\/p>\n<p>            <img decoding=\"async\" class=\"lazy\" loading=\"lazy\" data-src=\"https:\/\/static.eldiario.es\/clip\/9f3d13ee-7e5a-4495-84c8-f31a4fbe5b83_16-9-discover-aspect-ratio_default_0.jpg\" src=\"data:image\/svg+xml,%3Csvg xmlns=\" http:=\"\" viewbox=\"0 0 1200 675\" alt=\"El Silbon Cordopl\u00e1s La Salle, durante un duelo de pretemporada\"\/><\/p>\n<p class=\"article-text\">\n        Mientras tanto, los tres equipos cordobeses de Primera Nacional tambi\u00e9n arrancar\u00e1n este pr\u00f3ximo fin de semana la competici\u00f3n liguera en su categor\u00eda. Con una pretemporada llena de carga f\u00edsica y con alg\u00fan que otro derbi preparatorio, el &#8216;tridente cordob\u00e9s&#8217; arrancar\u00e1 por todo lo alto con un domingo, 14 de septiembre, de mucho balonmano en la provincia. Y es que, apenas un par de d\u00edas despu\u00e9s del debut del \u00c1ngel Xim\u00e9nez, llegar\u00e1 el turno a las 12:00 horas tanto del Cajasur CBM, que se ver\u00e1 las caras en F\u00e1tima contra el BM Herencia; como del ARS Palma del R\u00edo, que recibir\u00e1 en su feudo a otro de los representantes cordobeses, el Silbon Cordoplas La Salle. Habr\u00e1 que esperar varias semanas, hasta la jornada 6, para presenciar el siguiente derbi, entre La Salle y Cajasur CBM.\n    <\/p>\n<p class=\"article-text\">\n        En el plano femenino, mientras tanto, Rahi-Sepisur Adesal C\u00f3rdoba y Deza CBM prosiguen con sus pretemporadas. El cuadro dirigido por Rafa Moreno no ha tenido suerte por ahora en los encuentros, y ha ca\u00eddo derrotado tanto ante Pozuelo de Calatrava (39-27) como contra Ikasa Balonmano Boadilla (29-25). A\u00fan as\u00ed, las miradas est\u00e1n puestas en ese 27 de septiembre cuando, a las 20:30 horas, el IDM La Fuensanta abra sus puertas para recibir al Lanzarote-Puerto del Carmen en la primera jornada de Divisi\u00f3n de Honor Oro. Ser\u00e1 ese mismo d\u00eda, apenas 45 minutos antes, cuando el otro representante femenino del balonmano cordob\u00e9s, el Deza CBM, inaugure tambi\u00e9n su casillero de partidos oficiales en su visita a Madrid Base Villaverde.\n    <\/p>\n<p>    LIGA NEXUS ENERG\u00cdA ASOBAL<\/p>\n<ul>\n<li>Fraikin BM Granollers &#8211;<strong> \u00c1ngel Xim\u00e9nez de Puente Genil<\/strong> (12\/08, a las 19:00)<\/li>\n<\/ul>\n<p>    PRIMERA NACIONAL GRUPO F<\/p>\n<ul>\n<li><strong>Cajasur CBM<\/strong> &#8211; BM Herencia (14\/09, a las 12:00)<\/li>\n<li><strong>ARS Naranjas Palma del R\u00edo<\/strong> &#8211; <strong>Silbon Cordopl\u00e1s La Salle<\/strong> (14\/09, a las 12:00)<\/li>\n<\/ul>\n","protected":false},"excerpt":{"rendered":"Tras un extenso periodo de preparaci\u00f3n para los equipos masculinos de balonmano en C\u00f3rdoba, esta semana arranca la&hellip;\n","protected":false},"author":2,"featured_media":102263,"comment_status":"","ping_status":"","sticky":false,"template":"","format":"standard","meta":{"footnotes":""},"categories":[278],"tags":[5881,376,3042,168,25,24,4351,4513,375,798,23,167],"class_list":{"0":"post-102262","1":"post","2":"type-post","3":"status-publish","4":"format-standard","5":"has-post-thumbnail","7":"category-balonmano","8":"tag-arranca","9":"tag-balonmano","10":"tag-cordobes","11":"tag-deportes","12":"tag-es","13":"tag-espana","14":"tag-espera","15":"tag-fuego","16":"tag-handball","17":"tag-real","18":"tag-spain","19":"tag-sports"},"share_on_mastodon":{"url":"","error":""},"_links":{"self":[{"href":"https:\/\/www.europesays.com\/es\/wp-json\/wp\/v2\/posts\/102262","targetHints":{"allow":["GET"]}}],"collection":[{"href":"https:\/\/www.europesays.com\/es\/wp-json\/wp\/v2\/posts"}],"about":[{"href":"https:\/\/www.europesays.com\/es\/wp-json\/wp\/v2\/types\/post"}],"author":[{"embeddable":true,"href":"https:\/\/www.europesays.com\/es\/wp-json\/wp\/v2\/users\/2"}],"replies":[{"embeddable":true,"href":"https:\/\/www.europesays.com\/es\/wp-json\/wp\/v2\/comments?post=102262"}],"version-history":[{"count":0,"href":"https:\/\/www.europesays.com\/es\/wp-json\/wp\/v2\/posts\/102262\/revisions"}],"wp:featuredmedia":[{"embeddable":true,"href":"https:\/\/www.europesays.com\/es\/wp-json\/wp\/v2\/media\/102263"}],"wp:attachment":[{"href":"https:\/\/www.europesays.com\/es\/wp-json\/wp\/v2\/media?parent=102262"}],"wp:term":[{"taxonomy":"category","embeddable":true,"href":"https:\/\/www.europesays.com\/es\/wp-json\/wp\/v2\/categories?post=102262"},{"taxonomy":"post_tag","embeddable":true,"href":"https:\/\/www.europesays.com\/es\/wp-json\/wp\/v2\/tags?post=102262"}],"curies":[{"name":"wp","href":"https:\/\/api.w.org\/{rel}","templated":true}]}}