{"id":102278,"date":"2025-09-09T00:15:09","date_gmt":"2025-09-09T00:15:09","guid":{"rendered":"https:\/\/www.europesays.com\/es\/102278\/"},"modified":"2025-09-09T00:15:09","modified_gmt":"2025-09-09T00:15:09","slug":"leer-esta-de-moda-y-maria-pombo-lo-sabe-el-mundo","status":"publish","type":"post","link":"https:\/\/www.europesays.com\/es\/102278\/","title":{"rendered":"Leer est\u00e1 de moda y Mar\u00eda Pombo lo sabe &#8211; El Mundo"},"content":{"rendered":"<ol>\n<li><a href=\"https:\/\/news.google.com\/rss\/articles\/CBMiigFBVV95cUxNYmRFdEhXdlJIMjVaTUlhb0FWQ3pJaENiUXo2TzR1Y2N2d0RJaDhBRnhDYUZPR2o4LVZOalpESWJnUGxTWnpUeDhHUTJSWG5kVS0tZmxiMVFZNDEtRnJXYkwyc0RNQ0tXMWprN1Q2alJXXzBKQmp5bjFmUDJvVnpDOXd3a0FfWWltUkHSAYoBQVVfeXFMTTgxWDV3UURnMDlYbkxrNmxvZ0hvOE5ieHp6TzdPVnpHTXRtSlZyYVM4OEtzbGhfeGNBUW9tT1lZcHJRUEZiVzVVem5jX3IxMjFSQlBfOFZGX1hhOUhtVWhXSWVXb3Y5bXFQVzRPSnJqNGRlSjJJSm5SSEZKMTVVa05DZWNRaW1kbkRB?oc=5\" target=\"_blank\" rel=\"nofollow noopener\">Leer est\u00e1 de moda y Mar\u00eda Pombo lo sabe<\/a>&nbsp;&nbsp;El Mundo<\/li>\n<li><a href=\"https:\/\/news.google.com\/rss\/articles\/CBMihgFBVV95cUxOWGo4Y2lDWlBFWWdUa2RmZVRmR2kwR3FnUVRxX3JYRG1wa0xCemlYcTZWUlYxTzUtRWRYdVFiMzhNZko3aWhDQnhrc2pock9nY0tZdW45OWZ0UG5ockVVY0hLaDBOc1ptSVB2YWZWZzFTbmdCcFhMME82eHQyV0wzTDYwYlN1dw?oc=5\" target=\"_blank\" rel=\"nofollow noopener\">Mar\u00eda Pombo, divulgadora literaria<\/a>&nbsp;&nbsp;EL PA\u00cdS<\/li>\n<li><a href=\"https:\/\/news.google.com\/rss\/articles\/CBMi6gFBVV95cUxNVl9rOE5oemxSeXd3OTF3N19hY1NDQnM5cV9NZmJHS282X1pFd2ZjbjFGRzdCdFYtNHhOcC0tWTdmejFEd0FWVG5NZWtjX0d4b0VJNXp1SkJXVDFnUU5NYVhKVzlrYkphOGNkQkUwOExUYzNZd1J3c0w0QTY0RHFYMUpfZHc4WjVGVjhCd2ZsY0hSSklLWEVrVFJKRjJtQWxFRXE2SGlDek9xbXlxSkN1NWY0djFjNkpTMW52eTkyRnVLT19Wcm4zbml6WHEzd0pfZndPWkllRzJ2azJGWmZCZVNqU3pZU3c5SEHSAeoBQVVfeXFMUGRSZ0prV3JyTHQ2d0hvT2NHZEJ3X2ZmUWJoMEx2QWZGQ2lDSUFWSGxucGJ5cEg5ckFPUkpsVm5KVURpZmgxRzJvbGlPZ2VGTkpxQ1UzN1dNcmFpcjRUS1NrNjhOM05wWkJMUjNzYVNEWXAyTEY1NVROSTF2VFFqVjdLSXoyNW5ncjE0QlBSaDBmb3Y3d2JIa2hJYlUxdW5Ubjh5SVNGdmlEQzN2Y1J4VENjLVVqN1h5SXJlZnA1SjBkN0R0V2dfNkJlZVV4ZnpkMllTNzJ0SFRjVm1LX2ttZXJ0YjBueGpCZFh3?oc=5\" target=\"_blank\" rel=\"nofollow noopener\">I\u00f1aki L\u00f3pez en \u2018Ahora qu\u00e9 leo\u2019: \u00abNuestra recomendaci\u00f3n de lectura para Mar\u00eda Pombo\u00bb<\/a>&nbsp;&nbsp;LaSexta<\/li>\n<li><a href=\"https:\/\/news.google.com\/rss\/articles\/CBMiswFBVV95cUxNMUpONm9tWmRUdDQ5ZV81SHVDaGxINzFfRElUbVhUNE9PekJ5ZG4tM0hWdlRWc2hLanlqR3liUVZqM1dVbjNNOXRKY2t2OG1WdzFNWS1sWFdGZ3NOTlNHeTFfY3duQ2htUExyUkJVZDRhbW1YSUJETllSb0NsWk5jX05oUXBsSl9DYU9nWHdVOFJnbjFIbnV4d3l5RE4xNWJrZVFnRkpTTTdVdE5Jd25oN1FPZw?oc=5\" target=\"_blank\" rel=\"nofollow noopener\">Libros para la \u2018influencer\u2019, por Miquel Molina<\/a>&nbsp;&nbsp;La Vanguardia<\/li>\n<li><a href=\"https:\/\/news.google.com\/rss\/articles\/CBMigwFBVV95cUxQRzBSV1lPYTUyS05kMWpWSWY4RFV1Q0Y4MWd4RFhybENsZ0RjU1BrUzVvSVhEZXdrSjZCVnJUZmpfYXozUVdLbFNpaHhsSkZ5aVRIeGtYWG9LQXFRVjg5ckZIcFRpTFlxRzd1WWR2cXdoS1ZQLUs3REVuRTZGaUVTS3hqYw?oc=5\" target=\"_blank\" rel=\"nofollow noopener\">Mar\u00eda Pombo y el origen del universo<\/a>&nbsp;&nbsp;elDiario.es<\/li>\n<\/ol>\n","protected":false},"excerpt":{"rendered":"Leer est\u00e1 de moda y Mar\u00eda Pombo lo sabe&nbsp;&nbsp;El Mundo Mar\u00eda Pombo, divulgadora literaria&nbsp;&nbsp;EL PA\u00cdS I\u00f1aki L\u00f3pez en&hellip;\n","protected":false},"author":2,"featured_media":102279,"comment_status":"","ping_status":"","sticky":false,"template":"","format":"standard","meta":{"footnotes":""},"categories":[172],"tags":[224,209,35930,146,147,25,24,225,671,23],"class_list":{"0":"post-102278","1":"post","2":"type-post","3":"status-publish","4":"format-standard","5":"has-post-thumbnail","7":"category-libros","8":"tag-books","9":"tag-cultura","10":"tag-cultura-literatura","11":"tag-entertainment","12":"tag-entretenimiento","13":"tag-es","14":"tag-espana","15":"tag-libros","16":"tag-literatura","17":"tag-spain"},"share_on_mastodon":{"url":"","error":""},"_links":{"self":[{"href":"https:\/\/www.europesays.com\/es\/wp-json\/wp\/v2\/posts\/102278","targetHints":{"allow":["GET"]}}],"collection":[{"href":"https:\/\/www.europesays.com\/es\/wp-json\/wp\/v2\/posts"}],"about":[{"href":"https:\/\/www.europesays.com\/es\/wp-json\/wp\/v2\/types\/post"}],"author":[{"embeddable":true,"href":"https:\/\/www.europesays.com\/es\/wp-json\/wp\/v2\/users\/2"}],"replies":[{"embeddable":true,"href":"https:\/\/www.europesays.com\/es\/wp-json\/wp\/v2\/comments?post=102278"}],"version-history":[{"count":0,"href":"https:\/\/www.europesays.com\/es\/wp-json\/wp\/v2\/posts\/102278\/revisions"}],"wp:featuredmedia":[{"embeddable":true,"href":"https:\/\/www.europesays.com\/es\/wp-json\/wp\/v2\/media\/102279"}],"wp:attachment":[{"href":"https:\/\/www.europesays.com\/es\/wp-json\/wp\/v2\/media?parent=102278"}],"wp:term":[{"taxonomy":"category","embeddable":true,"href":"https:\/\/www.europesays.com\/es\/wp-json\/wp\/v2\/categories?post=102278"},{"taxonomy":"post_tag","embeddable":true,"href":"https:\/\/www.europesays.com\/es\/wp-json\/wp\/v2\/tags?post=102278"}],"curies":[{"name":"wp","href":"https:\/\/api.w.org\/{rel}","templated":true}]}}