{"id":102288,"date":"2025-09-09T00:20:09","date_gmt":"2025-09-09T00:20:09","guid":{"rendered":"https:\/\/www.europesays.com\/es\/102288\/"},"modified":"2025-09-09T00:20:09","modified_gmt":"2025-09-09T00:20:09","slug":"la-ciencia-explica-por-que","status":"publish","type":"post","link":"https:\/\/www.europesays.com\/es\/102288\/","title":{"rendered":"la ciencia explica por qu\u00e9"},"content":{"rendered":"<p class=\"paragraph\" id=\"paragraph_1\">\u00bfTomar <a href=\"https:\/\/www.elespanol.com\/ciencia\/nutricion\/20241014\/vitamina-evita-caida-pelo-doctora-diaz-rizzolo-toma-espana-imprescindible\/890911493_0.html?utm_cmp_rs=linksinline\" rel=\"nofollow noopener\" target=\"_blank\">suplementos de vitamina D<\/a> podr\u00eda ralentizar el envejecimiento y mantenernos m\u00e1s sanos durante m\u00e1s tiempo? Un <a href=\"https:\/\/pubmed.ncbi.nlm.nih.gov\/40409468\/\" rel=\"nofollow noopener\" target=\"_blank\">estudio reciente<\/a> sugiere que s\u00ed.<\/p>\n<p class=\"paragraph\" id=\"paragraph_2\">En concreto, sus autores descubrieron que tomar 2000 UI (unidades internacionales) de este compuesto al d\u00eda ayudaba a mantener los tel\u00f3meros, unas peque\u00f1as estructuras que act\u00faan como los extremos de los cordones de los zapatos, protegiendo nuestro ADN de los da\u00f1os cada vez que las c\u00e9lulas se dividen.<\/p>\n<p class=\"paragraph\" id=\"paragraph_3\">Esos <a href=\"https:\/\/www.nature.com\/articles\/s41576-019-0099-1\" rel=\"nofollow noopener\" target=\"_blank\">tel\u00f3meros<\/a> se encuentran en la punta de cada uno de nuestros 46 cromosomas y se acortan cada vez que una c\u00e9lula se reproduce. Y cuando se acortan en exceso, las c\u00e9lulas ya no pueden dividirse y acaban muriendo.<\/p>\n<p><img loading=\"lazy\" decoding=\"async\" alt=\"El m\u00e9dico Manuel Viso.\" height=\"180\" src=\"https:\/\/www.europesays.com\/es\/wp-content\/uploads\/2025\/09\/916168764_252288720_320x180.jpg\" width=\"320\" data-lazy-status=\"processed\" data-lazy-info=\"remove loading item 1\"\/><\/p>\n<p class=\"paragraph\" id=\"paragraph_4\">De hecho, a lo largo de los \u00faltimos a\u00f1os los cient\u00edficos han relacionado el acortamiento de los tel\u00f3meros con algunas de las enfermedades asociadas al envejecimiento m\u00e1s temidas, como el <a href=\"https:\/\/aacrjournals.org\/cebp\/article\/26\/9\/1381\/71345\/The-Association-of-Telomere-Length-in-Peripheral\" rel=\"nofollow noopener\" target=\"_blank\">c\u00e1ncer<\/a>, las <a href=\"https:\/\/www.bmj.com\/content\/349\/bmj.g4227.abstract\" rel=\"nofollow noopener\" target=\"_blank\">enfermedades card\u00edacas<\/a> y la <a href=\"https:\/\/link.springer.com\/article\/10.1007\/s40520-021-01944-6\" rel=\"nofollow noopener\" target=\"_blank\">osteoartritis<\/a>. El <a href=\"https:\/\/pubmed.ncbi.nlm.nih.gov\/28704792\/\" rel=\"nofollow noopener\" target=\"_blank\">tabaquismo<\/a>, el <a href=\"https:\/\/pmc.ncbi.nlm.nih.gov\/articles\/PMC8920518\/\" rel=\"nofollow noopener\" target=\"_blank\">estr\u00e9s cr\u00f3nico<\/a> y la <a href=\"https:\/\/www.nature.com\/articles\/s41598-025-07076-5\" rel=\"nofollow noopener\" target=\"_blank\">depresi\u00f3n<\/a> parecen acelerar el acortamiento de los tel\u00f3meros, al igual que los <a href=\"https:\/\/link.springer.com\/article\/10.1007\/s10522-025-10237-8\" rel=\"nofollow noopener\" target=\"_blank\">procesos inflamatorios<\/a> del organismo.<\/p>\n<p>M\u00e1s all\u00e1 de unos huesos fuertes<\/p>\n<p class=\"paragraph\" id=\"paragraph_5\">Es de sobra conocido que la vitamina D \u2013la \u201cvitamina del sol\u201d\u2013 resulta esencial para la <a href=\"https:\/\/pmc.ncbi.nlm.nih.gov\/articles\/PMC4781354\/\" rel=\"nofollow noopener\" target=\"_blank\">salud \u00f3sea<\/a>, ya que ayuda a nuestro organismo a absorber el calcio. Los ni\u00f1os, los adolescentes y las personas con piel m\u00e1s oscura o con exposici\u00f3n limitada a los rayos solares pueden necesitar suplementos de esta vitamina para <a href=\"https:\/\/www.nice.org.uk\/guidance\/ph56\/chapter\/What-is-this-guideline-about\" rel=\"nofollow noopener\" target=\"_blank\">formar y mantener huesos fuertes<\/a>.<\/p>\n<p class=\"paragraph\" id=\"paragraph_6\">Pero la vitamina D tambi\u00e9n fortalece nuestro <a href=\"https:\/\/www.nice.org.uk\/guidance\/ph56\/chapter\/What-is-this-guideline-about\" rel=\"nofollow noopener\" target=\"_blank\">sistema inmunol\u00f3gico<\/a>: no solo <a href=\"https:\/\/www.bmj.com\/content\/356\/bmj.i6583\" rel=\"nofollow noopener\" target=\"_blank\">es capaz de reducir las infecciones respiratorias<\/a>, sino que tambi\u00e9n podr\u00eda ayudar a prevenir enfermedades autoinmunes como la <a href=\"https:\/\/pubmed.ncbi.nlm.nih.gov\/27644953\/\" rel=\"nofollow noopener\" target=\"_blank\">artritis reumatoide<\/a>, el <a href=\"https:\/\/pubmed.ncbi.nlm.nih.gov\/27510600\/\" rel=\"nofollow noopener\" target=\"_blank\">lupus eritematoso sist\u00e9mico<\/a> y la <a href=\"https:\/\/www.sciencedirect.com\/science\/article\/pii\/S1568997212001310\" rel=\"nofollow noopener\" target=\"_blank\">esclerosis m\u00faltiple<\/a>.<\/p>\n<p class=\"paragraph\" id=\"paragraph_7\">Dado que <a href=\"https:\/\/link.springer.com\/article\/10.1007\/s10522-025-10237-8\" rel=\"nofollow noopener\" target=\"_blank\">la inflamaci\u00f3n da\u00f1a los tel\u00f3meros<\/a>, los efectos antiinflamatorios de la vitamina D podr\u00edan explicar su funci\u00f3n protectora sobre estas estructuras.<\/p>\n<p class=\"paragraph\" id=\"paragraph_8\">En este reciente estudio, realizado por la Universidad de Augusta en Estados Unidos, los investigadores hicieron un seguimiento de 1031 personas con una edad media de 65 a\u00f1os durante cinco a\u00f1os, midiendo sus tel\u00f3meros al inicio, despu\u00e9s de dos a\u00f1os y despu\u00e9s de cuatro a\u00f1os. La mitad tom\u00f3 2000 UI de vitamina D al d\u00eda, mientras que la otra mitad recibi\u00f3 un placebo.<\/p>\n<p class=\"paragraph\" id=\"paragraph_9\">Los resultados mostraron que los tel\u00f3meros se conservaron en 140 pares de bases en el grupo de la vitamina D, en comparaci\u00f3n con el placebo. Para poner esto en contexto, <a href=\"https:\/\/pubmed.ncbi.nlm.nih.gov\/19666704\/\" rel=\"nofollow noopener\" target=\"_blank\">investigaciones anteriores<\/a> revelaron que los tel\u00f3meros se acortan de forma natural en unos 460 pares de bases a lo largo de una d\u00e9cada, lo que sugiere que el efecto protector de la vitamina D podr\u00eda ser realmente significativo.<\/p>\n<p class=\"paragraph\" id=\"paragraph_10\">Este no es el primer hallazgo prometedor. <a href=\"https:\/\/pubmed.ncbi.nlm.nih.gov\/21986705\/;%20https:\/\/pubmed.ncbi.nlm.nih.gov\/33164936\/\" rel=\"nofollow noopener\" target=\"_blank\">Estudios anteriores<\/a> hab\u00edan informado de beneficios similares, del mismo modo que la <a href=\"https:\/\/pmc.ncbi.nlm.nih.gov\/articles\/PMC6316700\/\" rel=\"nofollow noopener\" target=\"_blank\">dieta mediterr\u00e1nea<\/a>, rica en <a href=\"https:\/\/pubmed.ncbi.nlm.nih.gov\/25131600\/\" rel=\"nofollow noopener\" target=\"_blank\">nutrientes antiinflamatorios<\/a>, tambi\u00e9n se ha relacionado con tel\u00f3meros m\u00e1s largos.<\/p>\n<p>Tel\u00f3meros largos, pero sin pasarse<\/p>\n<p class=\"paragraph\" id=\"paragraph_11\">Pero hay algunos puntos importantes que conviene tener en cuenta. Algunos investigadores advierten de que <a href=\"https:\/\/pmc.ncbi.nlm.nih.gov\/articles\/PMC6715353\/\" rel=\"nofollow noopener\" target=\"_blank\">los tel\u00f3meros extremadamente largos<\/a> podr\u00edan aumentar el <a href=\"https:\/\/www.nejm.org\/doi\/full\/10.1056\/NEJMoa2300503\" rel=\"nofollow noopener\" target=\"_blank\">riesgo de enfermedades<\/a>, lo que sugiere que existe un punto \u00f3ptimo que a\u00fan no comprendemos.<\/p>\n<p class=\"paragraph\" id=\"paragraph_12\">Tampoco existe acuerdo sobre la dosis adecuada. Los investigadores de Augusta utilizaron 2000 UI diarias, una cantidad muy superior a la ingesta recomendada actualmente: <a href=\"https:\/\/pmc.ncbi.nlm.nih.gov\/articles\/PMC7019735\/\" rel=\"nofollow noopener\" target=\"_blank\">600 UI<\/a> para menores de 70 a\u00f1os y 800 UI para adultos mayores. Sin embargo, otras investigaciones sugieren que bastar\u00eda con <a href=\"https:\/\/pmc.ncbi.nlm.nih.gov\/articles\/PMC5949172\/\" rel=\"nofollow noopener\" target=\"_blank\">400 UI<\/a> para ayudar a prevenir los resfriados.<\/p>\n<p class=\"paragraph\" id=\"paragraph_13\">Los expertos afirman que la <a href=\"https:\/\/www.nature.com\/articles\/s41574-021-00593-z\" rel=\"nofollow noopener\" target=\"_blank\">dosis \u00f3ptima<\/a> probablemente depende de factores individuales, como los niveles de vitamina D existentes, la nutrici\u00f3n general y la forma en que la vitamina interact\u00faa con otros nutrientes.<\/p>\n<p class=\"paragraph\" id=\"paragraph_14\">Aunque estos hallazgos son reveladores, de momento no hay evidencias suficientes para empezar a tomar todos masivamente dosis altas de vitamina D con la esperanza de ralentizar el envejecimiento. Las pruebas que tenemos apuntan, de momento, a lo b\u00e1sico: seguir una dieta equilibrada, practicar ejercicio de manera regular, sue\u00f1o de calidad, no fumar y controlar el estr\u00e9s. Todo ello favorece de forma natural la salud de los tel\u00f3meros.<\/p>\n<p class=\"paragraph\" id=\"paragraph_15\">Sin embargo, para quienes tengan deficiencia de vitamina D o riesgo de padecer mala salud \u00f3sea, los suplementos siguen siendo una opci\u00f3n sensata respaldada por d\u00e9cadas de investigaci\u00f3n.<\/p>\n<p class=\"paragraph\" id=\"paragraph_16\">A medida que los cient\u00edficos sigan desentra\u00f1ando los misterios del envejecimiento, aclararemos el papel de la vitamina D en el mantenimiento de nuestros relojes celulares. Quiz\u00e1s se trate solo de una pieza de un rompecabezas mucho m\u00e1s grande.<\/p>\n<p><img loading=\"lazy\" decoding=\"async\" alt=\"The Conversation\" height=\"1\" referrerpolicy=\"no-referrer-when-downgrade\" src=\"https:\/\/counter.theconversation.com\/content\/264503\/count.gif?distributor=republish-lightbox-advanced\" style=\"border: none !important; box-shadow: none !important; margin: 0 !important; max-height: 1px !important; max-width: 1px !important; min-height: 1px !important; min-width: 1px !important; opacity: 0 !important; outline: none !important; padding: 0 !important\" width=\"1\"\/><\/p>\n<p class=\"paragraph\" id=\"paragraph_17\">* Dervla Kelly es Associate Professor, Pharmacology, University of Limerick.<\/p>\n<p class=\"paragraph\" id=\"paragraph_18\">** Este art\u00edculo se public\u00f3 originalmente en <a href=\"https:\/\/theconversation.com\/los-suplementos-de-vitamina-d-podrian-retrasar-el-envejecimiento-264503\" rel=\"nofollow noopener\" target=\"_blank\">The Conversation<\/a>.<\/p>\n","protected":false},"excerpt":{"rendered":"\u00bfTomar suplementos de vitamina D podr\u00eda ralentizar el envejecimiento y mantenernos m\u00e1s sanos durante m\u00e1s tiempo? Un estudio&hellip;\n","protected":false},"author":2,"featured_media":102289,"comment_status":"","ping_status":"","sticky":false,"template":"","format":"standard","meta":{"footnotes":""},"categories":[92],"tags":[1293,25,24,165,166,23,1181],"class_list":{"0":"post-102288","1":"post","2":"type-post","3":"status-publish","4":"format-standard","5":"has-post-thumbnail","7":"category-salud","8":"tag-enfermedades","9":"tag-es","10":"tag-espana","11":"tag-health","12":"tag-salud","13":"tag-spain","14":"tag-vitamina-d"},"share_on_mastodon":{"url":"","error":""},"_links":{"self":[{"href":"https:\/\/www.europesays.com\/es\/wp-json\/wp\/v2\/posts\/102288","targetHints":{"allow":["GET"]}}],"collection":[{"href":"https:\/\/www.europesays.com\/es\/wp-json\/wp\/v2\/posts"}],"about":[{"href":"https:\/\/www.europesays.com\/es\/wp-json\/wp\/v2\/types\/post"}],"author":[{"embeddable":true,"href":"https:\/\/www.europesays.com\/es\/wp-json\/wp\/v2\/users\/2"}],"replies":[{"embeddable":true,"href":"https:\/\/www.europesays.com\/es\/wp-json\/wp\/v2\/comments?post=102288"}],"version-history":[{"count":0,"href":"https:\/\/www.europesays.com\/es\/wp-json\/wp\/v2\/posts\/102288\/revisions"}],"wp:featuredmedia":[{"embeddable":true,"href":"https:\/\/www.europesays.com\/es\/wp-json\/wp\/v2\/media\/102289"}],"wp:attachment":[{"href":"https:\/\/www.europesays.com\/es\/wp-json\/wp\/v2\/media?parent=102288"}],"wp:term":[{"taxonomy":"category","embeddable":true,"href":"https:\/\/www.europesays.com\/es\/wp-json\/wp\/v2\/categories?post=102288"},{"taxonomy":"post_tag","embeddable":true,"href":"https:\/\/www.europesays.com\/es\/wp-json\/wp\/v2\/tags?post=102288"}],"curies":[{"name":"wp","href":"https:\/\/api.w.org\/{rel}","templated":true}]}}