{"id":102311,"date":"2025-09-09T00:36:13","date_gmt":"2025-09-09T00:36:13","guid":{"rendered":"https:\/\/www.europesays.com\/es\/102311\/"},"modified":"2025-09-09T00:36:13","modified_gmt":"2025-09-09T00:36:13","slug":"la-jueza-va-a-sobreseer-el-caso-de-presuntos-maltratos-sobre-la-hija-de-anabel-pantoja-y-david-rodriguez","status":"publish","type":"post","link":"https:\/\/www.europesays.com\/es\/102311\/","title":{"rendered":"La jueza va a sobreseer el caso de presuntos maltratos sobre la hija de Anabel Pantoja y David Rodr\u00edguez"},"content":{"rendered":"<p><img fetchpriority=\"high\" class=\"v-a-img\" src=\"https:\/\/www.europesays.com\/es\/wp-content\/uploads\/2025\/09\/anabel-david.jpg\" loading=\"eager\" decoding=\"async\" alt=\"La jueza va a sobreseer el caso de presuntos maltratos sobre la hija de Anabel Pantoja y David Rodr\u00edguez\"  width=\"1200\" height=\"840\"\/><\/p>\n<p>@anabelpantoja00        <\/p>\n<p>El periodista Antonio Rossi ha dado la exclusiva en el nuevo magac\u00edn vespertino de Telecinco, en el que ha a\u00f1adido que la resoluci\u00f3n ser\u00e1 provisional y que podr\u00e1 contemplar medidas cautelares<\/p>\n<p><a class=\"v-mdl-ath__fig-a\" href=\"https:\/\/www.elcorreo.com\/autor\/leire-moro-6877.html\" title=\"Leire Moro\" rel=\"nofollow noopener\" target=\"_blank\"><br \/>\n<img decoding=\"async\" class=\"v-mdl-ath__img\" src=\"https:\/\/www.europesays.com\/es\/wp-content\/uploads\/2025\/09\/autor-6877-foto-2.jpeg\" alt=\"Leire Moro\"\/><br \/>\n<\/a><\/p>\n<p class=\"v-mdl-ath__p v-mdl-ath__p--6\">\nLunes, 8 de septiembre 2025, 20:11<\/p>\n<p>| Actualizado 20:34h.<\/p>\n<p class=\"v-p\">Con solo unas semanas de vida, la hija de Anabel Pantoja pas\u00f3 por un ingreso hospitalario en el que en algunos momentos se lleg\u00f3 a temer por su vida. Tras permanecer 18 d\u00edas ingresada y debido a las lesiones que presentaba la peque\u00f1a Alma, el Tribunal Superior de Justicia de Canarias inici\u00f3 una investigaci\u00f3n sobre sus padres, la sobrina de la famosa tonadillera y su pareja David Rodriguez, por presuntos malos tratos. <\/p>\n<p class=\"v-p\">Seg\u00fan ha contado en exclusiva Antonio Rossi, \u00abparece ser que la jueza va a sobreseer de manera provisional el caso a la espera de que pueda incluir algunas medidas cautelares. Durante los cinco a\u00f1os en los que est\u00e1 el sobreseimiento, querr\u00eda conocer el seguimiento m\u00e9dico de la menor por si ocurre algo que pueda ser consecuencia del suceso\u00bb. <\/p>\n<p class=\"v-p\">Rossi ha a\u00f1adido que los abogados de la pareja les han recomendado abandonar las Islas Canarias, debido al \u00abagresivo\u00bb informe m\u00e9dico que presentaron contra el hospital que trat\u00f3 a la beb\u00e9 a petici\u00f3n de David Rodr\u00edguez. El documento realizado por una neur\u00f3loga pedi\u00e1trica expone que el hospital, al que han demandado, ha sido negligente a la hora de evaluar a la menor\u00bb. Tal y como explica, en ese informe se habr\u00eda asegurado que \u00abla triada que se us\u00f3 no fue adecuada, que las pruebas fueron poco precisas y que el estudio no era el m\u00e1s correcto que hicieron los profesionales\u00bb. <\/p>\n<p class=\"v-p\">Esta noticia llega unas semanas despu\u00e9s de que Anabel publicara un v\u00eddeo en el que comunicaba a sus seguidores que se mudaba a Madrid sin explicar los motivos. Recientemente, se conoc\u00eda que la sobrina de Isabel Pantoja va a regresar a la televisi\u00f3n como concursante de &#8216;Bailando con las estrellas&#8217;. <\/p>\n<p>Comenta<\/p>\n<p>Reporta un error<\/p>\n","protected":false},"excerpt":{"rendered":"@anabelpantoja00 El periodista Antonio Rossi ha dado la exclusiva en el nuevo magac\u00edn vespertino de Telecinco, en el&hellip;\n","protected":false},"author":2,"featured_media":102312,"comment_status":"","ping_status":"","sticky":false,"template":"","format":"standard","meta":{"footnotes":""},"categories":[174],"tags":[11306,255,2429,146,147,25,24,256,3983,9864,35934,10878,9912,416,57,35933,23],"class_list":{"0":"post-102311","1":"post","2":"type-post","3":"status-publish","4":"format-standard","5":"has-post-thumbnail","7":"category-famosos","8":"tag-anabel","9":"tag-celebrities","10":"tag-david","11":"tag-entertainment","12":"tag-entretenimiento","13":"tag-es","14":"tag-espana","15":"tag-famosos","16":"tag-hija","17":"tag-jueza","18":"tag-maltratos","19":"tag-pantoja","20":"tag-presuntos","21":"tag-rodriguez","22":"tag-sobre","23":"tag-sobreseer","24":"tag-spain"},"share_on_mastodon":{"url":"","error":""},"_links":{"self":[{"href":"https:\/\/www.europesays.com\/es\/wp-json\/wp\/v2\/posts\/102311","targetHints":{"allow":["GET"]}}],"collection":[{"href":"https:\/\/www.europesays.com\/es\/wp-json\/wp\/v2\/posts"}],"about":[{"href":"https:\/\/www.europesays.com\/es\/wp-json\/wp\/v2\/types\/post"}],"author":[{"embeddable":true,"href":"https:\/\/www.europesays.com\/es\/wp-json\/wp\/v2\/users\/2"}],"replies":[{"embeddable":true,"href":"https:\/\/www.europesays.com\/es\/wp-json\/wp\/v2\/comments?post=102311"}],"version-history":[{"count":0,"href":"https:\/\/www.europesays.com\/es\/wp-json\/wp\/v2\/posts\/102311\/revisions"}],"wp:featuredmedia":[{"embeddable":true,"href":"https:\/\/www.europesays.com\/es\/wp-json\/wp\/v2\/media\/102312"}],"wp:attachment":[{"href":"https:\/\/www.europesays.com\/es\/wp-json\/wp\/v2\/media?parent=102311"}],"wp:term":[{"taxonomy":"category","embeddable":true,"href":"https:\/\/www.europesays.com\/es\/wp-json\/wp\/v2\/categories?post=102311"},{"taxonomy":"post_tag","embeddable":true,"href":"https:\/\/www.europesays.com\/es\/wp-json\/wp\/v2\/tags?post=102311"}],"curies":[{"name":"wp","href":"https:\/\/api.w.org\/{rel}","templated":true}]}}