{"id":102313,"date":"2025-09-09T00:37:04","date_gmt":"2025-09-09T00:37:04","guid":{"rendered":"https:\/\/www.europesays.com\/es\/102313\/"},"modified":"2025-09-09T00:37:04","modified_gmt":"2025-09-09T00:37:04","slug":"esta-casa-de-ensueno-situada-en-mallorca-convive-con-la-creatividad-inspirada-en-la-naturaleza-de-la-isla-con-los-detalles-mas-modernos","status":"publish","type":"post","link":"https:\/\/www.europesays.com\/es\/102313\/","title":{"rendered":"Esta casa de ensue\u00f1o situada en Mallorca convive con la creatividad inspirada en la naturaleza de la isla con los detalles m\u00e1s modernos"},"content":{"rendered":"<p><strong>S\u00f3ller (Mallorca)<\/strong>\u00a0nos pareci\u00f3 un tesoro cuando lo descubrimos: un para\u00edso creativo con la <strong>sierra de Tramuntana<\/strong> como tel\u00f3n de fondo\u201d, dice <strong>Anna Lauerbach-Kalff<\/strong> sobre el encantador pueblo mallorqu\u00edn donde ha edificado su oasis vacacional familiar. Es un lugar de ensue\u00f1o y de ritmo tranquilo que acoge a una comunidad de artistas y que tambi\u00e9n luce una refrescante sencillez. Fue ese equilibrio perfecto entre <strong>calidez mediterr\u00e1nea<\/strong> y una energ\u00eda creativa cosmopolita lo que atrajo a Anna y a su esposo. La pareja llevaba dos a\u00f1os viviendo en la isla y, aunque no buscaban activamente una casa de<br \/>vacaciones propia, cuando entraron en esta se quedaron prendados al instante. \u201cRecuerdo haber cruzado la puerta e intercambiar una mirada con mi marido, sabiendo que este ser\u00eda nuestro lugar\u201d, cuenta Anna.<\/p>\n<p>La casa hab\u00eda sido renovada con un estilo aut\u00e9ntico y <strong>sostenible<\/strong>: se conservaron aspectos de la arquitectura original, se incorporaron suelos de hormig\u00f3n y se combinaron acabados y accesorios m\u00e1s contempor\u00e1neos con <strong>elementos de <a href=\"https:\/\/www.revistainteriores.es\/ideas-casa\/vuelve-estilo-vintage-tendencias-piezas-clasicas-que-van-triunfar-2025_10742\" rel=\"nofollow noopener\" target=\"_blank\">estilo\u00a0vintage<\/a><\/strong>. Esto convirti\u00f3 la estructura en \u201cla base perfecta para a\u00f1adir m\u00e1s detalles y toques personales\u201d, asegura su propietaria y responsable del interiorismo. \u201cTen\u00eda un claro objetivo: una <a href=\"https:\/\/www.revistainteriores.es\/tendencias\/claves-estilo-mediterraneo_8650\" rel=\"nofollow noopener\" target=\"_blank\"><strong>est\u00e9tica mediterr\u00e1nea moderna<\/strong><\/a> basada en la simplicidad. Los tonos tierra c\u00e1lidos se equilibraron con el blanco, mientras que dos de mis colores favoritos, el azul cielo suave y un positivo y terroso naranja, se convirtieron en el acento crom\u00e1tico\u201d, cuenta Lauerbach-Kalff.<\/p>\n<p>Se mantuvieron los espacios de forma org\u00e1nica y conectados con la <strong>naturaleza<\/strong>. Y bautizaron su hogar como <strong>Casa Nana<\/strong>: \u201cSimboliza el cari\u00f1o, es mucho m\u00e1s que un hogar es una carta de amor a nuestra familia\u201d, concluye.<\/p>\n<p><strong>\u00a1Tenemos canal de WhatsApp! Sigue toda la informaci\u00f3n sobre interiorismo, decoraci\u00f3n, dise\u00f1o, reformas y mucho m\u00e1s en el\u00a0<\/strong><strong>. \u00bfTe lo vas a perder?<\/strong><\/p>\n<p>&#13;<img loading=\"lazy\" decoding=\"async\"   src=\"https:\/\/www.europesays.com\/es\/wp-content\/uploads\/2025\/09\/fachada-casa-mallorca-y-piscina_1a9e7c00_250903102353_1280x1810.webp.webp\" alt=\"Fachada Casa Mallorca y piscina\" class=\"lazyload\" width=\"1280\" height=\"1810\" data-aspectratio=\"1280\/1810\"\/><\/p>\n<p>Bancos, de obra y hechos a medida.<\/p>\n<p>&#13;Foto: Greg Cox. Realizaci\u00f3n: Sven Alberding. Proyecto: Anna Lauerbach-Kalff<br \/>\n <a href=\"https:\/\/www.revistainteriores.es\/ideas-casa\/jordan-samson-interiorista-es-error-poner-muebles-pegados-pared-salon-obstaculiza-circulacion-equilibrio-estancia_12050\" data-ga4_event=\"custom_event\" data-ga4_event_name=\"click_intext\" data-ga4_link_url=\"https:\/\/www.revistainteriores.es\/ideas-casa\/jordan-samson-interiorista-es-error-poner-muebles-pegados-pared-salon-obstaculiza-circulacion-equilibrio-estancia_12050\" data-ga4_link_text=\"jordan_samson_interiorista_es_un_error_poner_los_muebles_pegados_a_la_pared_del_salon._obstaculizan_la_circulacion_y_el_equilibrio_de_la_estancia\" data-ga4_content_type=\"photo\" data-ga4_element=\"related\" rel=\"nofollow noopener\" target=\"_blank\">&#13;&#13;<img loading=\"lazy\" decoding=\"async\" src=\"https:\/\/www.europesays.com\/es\/wp-content\/uploads\/2025\/09\/jordan-samson_2080b4ae_250908125051_600x600.webp.webp\" alt=\"Jordan Samson\" class=\"lazyload\" width=\"600\" height=\"600\" data-aspectratio=\"600\/600\"\/>&#13;&#13;<\/p>\n<p class=\"epigraph\">                    &#13;Noticia relacionada<\/p>\n<p class=\"title\">Jordan Samson, interiorista: \u00abEs un error poner los muebles pegados a la pared del sal\u00f3n. Obstaculizan la circulaci\u00f3n y el equilibrio de la estancia\u00bb<\/p>\n<p class=\"author-title\">Pablo S\u00e1nchez-Monta\u00f1\u00e9s Quintana<\/p>\n<p><\/a>De ritmo relajado<\/p>\n<p>Anna Lauerbach-Kalff, propietaria de esta finca y encargada de su dise\u00f1o interior, cuenta que la vida en la isla no se mueve al mismo ritmo que en una gran ciudad y \u201cense\u00f1a a tener paciencia, algo que adoptamos con entusiasmo\u201d, a\u00f1ade, explicando con iron\u00eda que la espera de cinco meses para la mesa del <strong>comedor<\/strong> o los siete para los <strong>armarios artesanales<\/strong> \u201cse convirti\u00f3 en parte de nuestra historia de amor isle\u00f1a, un viaje de aprendizaje, crecimiento y dedicaci\u00f3n\u201d.<\/p>\n<p>A ello le sumamos la belleza de sus exteriores, inspirados en el trabajo del holand\u00e9s Piet Oudolf, que buscan transmitir una sensaci\u00f3n de naturaleza salvaje y de ensue\u00f1o, con altos parterres repletos de hortalizas y una gran cantidad de hierbas para su uso culinario; o los materiales naturales, como la madera y el hormig\u00f3n, que ayudan a mantener la organicidad del espacio y su recorrido natural; y los interiores en los que abundan los complementos <strong>artesanales locales<\/strong> y la cer\u00e1mica vintage, que aportan una dimensi\u00f3n de atemporalidad. Un mix que invita a relajarse y detener el tiempo. A disfrutar de la conexi\u00f3n con uno mismo y con el paisaje.<\/p>\n","protected":false},"excerpt":{"rendered":"S\u00f3ller (Mallorca)\u00a0nos pareci\u00f3 un tesoro cuando lo descubrimos: un para\u00edso creativo con la sierra de Tramuntana como tel\u00f3n&hellip;\n","protected":false},"author":2,"featured_media":102314,"comment_status":"","ping_status":"","sticky":false,"template":"","format":"standard","meta":{"footnotes":""},"categories":[173],"tags":[229,233,231,230,232,234,146,147,25,24,23],"class_list":{"0":"post-102313","1":"post","2":"type-post","3":"status-publish","4":"format-standard","5":"has-post-thumbnail","7":"category-arte-y-diseno","8":"tag-arte","9":"tag-arte-y-diseno","10":"tag-arts","11":"tag-arts-and-design","12":"tag-design","13":"tag-diseno","14":"tag-entertainment","15":"tag-entretenimiento","16":"tag-es","17":"tag-espana","18":"tag-spain"},"share_on_mastodon":{"url":"","error":""},"_links":{"self":[{"href":"https:\/\/www.europesays.com\/es\/wp-json\/wp\/v2\/posts\/102313","targetHints":{"allow":["GET"]}}],"collection":[{"href":"https:\/\/www.europesays.com\/es\/wp-json\/wp\/v2\/posts"}],"about":[{"href":"https:\/\/www.europesays.com\/es\/wp-json\/wp\/v2\/types\/post"}],"author":[{"embeddable":true,"href":"https:\/\/www.europesays.com\/es\/wp-json\/wp\/v2\/users\/2"}],"replies":[{"embeddable":true,"href":"https:\/\/www.europesays.com\/es\/wp-json\/wp\/v2\/comments?post=102313"}],"version-history":[{"count":0,"href":"https:\/\/www.europesays.com\/es\/wp-json\/wp\/v2\/posts\/102313\/revisions"}],"wp:featuredmedia":[{"embeddable":true,"href":"https:\/\/www.europesays.com\/es\/wp-json\/wp\/v2\/media\/102314"}],"wp:attachment":[{"href":"https:\/\/www.europesays.com\/es\/wp-json\/wp\/v2\/media?parent=102313"}],"wp:term":[{"taxonomy":"category","embeddable":true,"href":"https:\/\/www.europesays.com\/es\/wp-json\/wp\/v2\/categories?post=102313"},{"taxonomy":"post_tag","embeddable":true,"href":"https:\/\/www.europesays.com\/es\/wp-json\/wp\/v2\/tags?post=102313"}],"curies":[{"name":"wp","href":"https:\/\/api.w.org\/{rel}","templated":true}]}}