{"id":102316,"date":"2025-09-09T00:39:04","date_gmt":"2025-09-09T00:39:04","guid":{"rendered":"https:\/\/www.europesays.com\/es\/102316\/"},"modified":"2025-09-09T00:39:04","modified_gmt":"2025-09-09T00:39:04","slug":"la-nueva-vida-del-gaucho-ernesto-pidio-volver-a-cuestion-de-peso-antes-de-que-todo-se-le-vaya-de-las-manos","status":"publish","type":"post","link":"https:\/\/www.europesays.com\/es\/102316\/","title":{"rendered":"La nueva vida del Gaucho Ernesto: pidi\u00f3 volver a Cuesti\u00f3n de peso antes de que todo se le vaya de las manos"},"content":{"rendered":"<p class=\"left paragraph font__body-regular\"><b>El gaucho Ernesto<\/b> fue uno de los participantes que ingres\u00f3 a <a href=\"https:\/\/www.eltrecetv.com.ar\/cuestion-de-peso\/capitulos\/temporada-2025\/programa-completo-050925-luces-y-sombras-en-cuestion-de-peso-festejo-de-betiana-y-eliminacion-de-lionel\/\" target=\"_blank\" rel=\"noreferrer nofollow noopener\" title=\"https:\/\/www.eltrecetv.com.ar\/cuestion-de-peso\/capitulos\/temporada-2025\/programa-completo-050925-luces-y-sombras-en-cuestion-de-peso-festejo-de-betiana-y-eliminacion-de-lionel\/\"><b>Cuesti\u00f3n de peso<\/b><\/a> el d\u00eda en el que el ciclo regres\u00f3 a la pantalla de eltrece. Tras un gran esfuerzo, logr\u00f3 su alta. Despu\u00e9s tuvo un segundo alta y qued\u00f3 eliminado. Ten\u00eda la posibilidad de ir al grupo de los ex, pero no quiso.<\/p>\n<p>Te puede interesar<a class=\"card__genoa__video lazy card__media\" href=\"https:\/\/www.eltrecetv.com.ar\/cuestion-de-peso\/2025\/09\/05\/lionel-quedo-eliminado-de-cuestion-de-peso-y-le-pidio-perdon-a-sergio-veron-quedamos-todos-en-shock\/\" title=\"Lionel qued\u00f3 eliminado de Cuesti\u00f3n de peso y le pidi\u00f3 perd\u00f3n a Sergio Ver\u00f3n: \u201cQuedamos todos en shock\u201d\" rel=\"nofollow noopener\" target=\"_blank\"><img decoding=\"async\" loading=\"lazy\" fetchpriority=\"low\" data-testid=\"loading-testid\" class=\"image image_placeholder\" alt=\"La inesperada eliminaci\u00f3n de Lionel de Cuesti\u00f3n de peso\" src=\"https:\/\/www.europesays.com\/es\/wp-content\/uploads\/2025\/09\/https:\/\/thumbs.vodgc.net\/2-146-geTck91757103783511-1757107628.jpg\"\/><\/a><\/p>\n<p class=\"left paragraph font__body-regular\"><b>Mario Massaccesi<\/b> cont\u00f3 esta tarde que el exparticipante est\u00e1 pidiendo ayuda y que las puertas del programa siempre est\u00e1n abiertas para todos los que pasaron por all\u00ed. <\/p>\n<p class=\"left paragraph font__body-regular\"><b>\u201cErnesto Ayala, \u2018El Gaucho\u2019, empieza su nueva vida\u201d,<\/b> dijo el conductor mirando a c\u00e1mara, antes de presentar un informe.<\/p>\n<p><img decoding=\"async\" loading=\"lazy\" fetchpriority=\"low\" data-testid=\"loading-testid\" class=\"image content-image image_placeholder\" alt=\"El gaucho Ernesto subi\u00f3 m\u00e1s de 10 kilos fuera del programa (Captura eltrece)\" width=\"767\" height=\"368\" src=\"https:\/\/www.europesays.com\/es\/wp-content\/uploads\/2025\/09\/el-gaucho-ernesto-subio-mas-de-10-kilos-fuera-del-programa-captura-eltrece-Q5SUUZ37S5ESDPOMCVRML2XJL.jpeg\"\/><\/p>\n<p>El gaucho Ernesto subi\u00f3 m\u00e1s de 10 kilos fuera del programa (Captura eltrece)<\/p>\n<p><b>La vida del Gaucho Ernesto, hoy<\/b><\/p>\n<p class=\"paragraph font__body-regular\">\u201cMe fui con 135 y pico, despu\u00e9s de casi un a\u00f1o de tratamiento. Ahora estoy casi 10 kilos arriba\u201d, cont\u00f3 El Gaucho en el informe de Cuesti\u00f3n de peso. Y continu\u00f3: \u201cCuesta y mucho. Vas a un evento y no hay comida saludable\u201d<\/p>\n<p class=\"left paragraph font__body-regular\">Luego, el exparticipante se\u00f1al\u00f3: \u201cS\u00ed tengo el h\u00e1bito que me ense\u00f1aron los nutricionistas de cuidarme con el tema de la sal, pero <b>volv\u00ed a decaer con el tema de la gaseosa y del alcohol\u201d.<\/b> Y remat\u00f3: \u201cSigo pensando en el s\u00e1ndwich, en la empanada&#8230; en el gordo que estaba antes\u201d.<\/p>\n<p class=\"paragraph font__body-regular\">Por \u00faltimo, El gaucho cont\u00f3 que durante este tiempo continu\u00f3 con las consultas nutricionales y al ver que estaba subiendo, los profesionales le recomendaron pedir ayuda. Y as\u00ed lo hizo. <\/p>\n<p class=\"left paragraph font__body-regular\">Tras pesarse en vivo frente a todos los participantes del programa, El Gaucho lament\u00f3 haber subido ya <b>m\u00e1s de 11 kilos<\/b>. Por eso, <b>Mario Massaccesi,<\/b> con alegr\u00eda le dio la bienvenida al grupo de los ex.<\/p>\n","protected":false},"excerpt":{"rendered":"El gaucho Ernesto fue uno de los participantes que ingres\u00f3 a Cuesti\u00f3n de peso el d\u00eda en el&hellip;\n","protected":false},"author":2,"featured_media":102317,"comment_status":"","ping_status":"","sticky":false,"template":"","format":"standard","meta":{"footnotes":""},"categories":[171],"tags":[34592,146,147,25,24,338,23,214],"class_list":{"0":"post-102316","1":"post","2":"type-post","3":"status-publish","4":"format-standard","5":"has-post-thumbnail","7":"category-tv","8":"tag-cuestion-de-peso","9":"tag-entertainment","10":"tag-entretenimiento","11":"tag-es","12":"tag-espana","13":"tag-portada","14":"tag-spain","15":"tag-tv"},"share_on_mastodon":{"url":"","error":""},"_links":{"self":[{"href":"https:\/\/www.europesays.com\/es\/wp-json\/wp\/v2\/posts\/102316","targetHints":{"allow":["GET"]}}],"collection":[{"href":"https:\/\/www.europesays.com\/es\/wp-json\/wp\/v2\/posts"}],"about":[{"href":"https:\/\/www.europesays.com\/es\/wp-json\/wp\/v2\/types\/post"}],"author":[{"embeddable":true,"href":"https:\/\/www.europesays.com\/es\/wp-json\/wp\/v2\/users\/2"}],"replies":[{"embeddable":true,"href":"https:\/\/www.europesays.com\/es\/wp-json\/wp\/v2\/comments?post=102316"}],"version-history":[{"count":0,"href":"https:\/\/www.europesays.com\/es\/wp-json\/wp\/v2\/posts\/102316\/revisions"}],"wp:featuredmedia":[{"embeddable":true,"href":"https:\/\/www.europesays.com\/es\/wp-json\/wp\/v2\/media\/102317"}],"wp:attachment":[{"href":"https:\/\/www.europesays.com\/es\/wp-json\/wp\/v2\/media?parent=102316"}],"wp:term":[{"taxonomy":"category","embeddable":true,"href":"https:\/\/www.europesays.com\/es\/wp-json\/wp\/v2\/categories?post=102316"},{"taxonomy":"post_tag","embeddable":true,"href":"https:\/\/www.europesays.com\/es\/wp-json\/wp\/v2\/tags?post=102316"}],"curies":[{"name":"wp","href":"https:\/\/api.w.org\/{rel}","templated":true}]}}