{"id":102336,"date":"2025-09-09T00:54:07","date_gmt":"2025-09-09T00:54:07","guid":{"rendered":"https:\/\/www.europesays.com\/es\/102336\/"},"modified":"2025-09-09T00:54:07","modified_gmt":"2025-09-09T00:54:07","slug":"son-muchisimos-los-que-en-el-extranjero-han-hecho-el-mismo-comentario-al-ver-el-gesto-de-trump-tras-la-victoria-de-alcaraz","status":"publish","type":"post","link":"https:\/\/www.europesays.com\/es\/102336\/","title":{"rendered":"Son much\u00edsimos los que en el extranjero han hecho el mismo comentario al ver el gesto de Trump tras la victoria de Alcaraz"},"content":{"rendered":"<p>El gesto que el presidente de EEUU, Donald Trump, <a href=\"https:\/\/www.huffingtonpost.es\/virales\/asi-pronuncia-alcaraz-le-preguntan-presencia-trump-final-us-open.html\" target=\"_blank\" rel=\"nofollow noopener\">ha hecho tras la victoria de Carlos Alcaraz en el US Open<\/a>\u00a0ante Jannik Sinner ha dado la vuelta al mundo. La cara del magnate, <a href=\"https:\/\/www.huffingtonpost.es\/virales\/la-reaccion-donald-trump-alcaraz-gana-us-open-esta-dando-vuelta-mundo.html\" target=\"_blank\" rel=\"nofollow noopener\">que parec\u00eda evidenciar fastidio,<\/a> est\u00e1 dando <b>much\u00edsimo de qu\u00e9 hablar en medios de comunicaci\u00f3n de muchos pa\u00edses.<\/b><\/p>\n<p>En las redes sociales tampoco deja de comentarse <b>esa &#8216;pillada&#8217; de las c\u00e1maras a Trump.<\/b> Y numerosos usuarios de Estados Unidos y de otros lugares del mundo est\u00e1n haciendo un comentario muy similar.<\/p>\n<p><b>\u00abQue alguien le diga a Trump que Alcaraz no es mexicano\u00bb<\/b>, es lo que ha se\u00f1alado en X el usuario\u00a0@HoopsMavenHM, pero no ha sido ni mucho menos el \u00fanico en apuntar en esa direcci\u00f3n.<\/p>\n<p>\u00abTrump est\u00e1 visiblemente molesto porque<b> cree que Carlos Alcaraz es mexicano<\/b>, y que casualmente le dio una paliza a un blanco. \u00a1Qu\u00e9 imb\u00e9cil! Seguro que piensa que Espa\u00f1a no es parte de Europa, sino de Sudam\u00e9rica\u00bb, ha agregado el usuario\u00a0@kawheasel.<\/p>\n<p>\u00abPara Trump y la mayor\u00eda de los ciudadanos estadounidenses, <b>cualquiera que hable espa\u00f1ol o tenga un apellido espa\u00f1ol, es mexicano\u00bb<\/b>, ha insistido otra persona en la misma red social.<\/p>\n<p>\u00abLa foto de Trump al final del Abierto de Estados Unidos fue reveladora: parec\u00eda realmente decepcionado por la victoria de Alcaraz. Dudo que le importe el tenis, as\u00ed que la \u00fanica raz\u00f3n l\u00f3gica es que ve a Sinner m\u00e1s &#8216;blanco&#8217; que un espa\u00f1ol como Alcaraz, quien, en su opini\u00f3n, <b>bien podr\u00eda ser mexicano\u00bb<\/b>, ha resumido el usuario\u00a0@timjacobwise.<\/p>\n<p>Precisamente unas palabras de Alcaraz sobre Trump antes de la final han tra\u00eddo tambi\u00e9n mucha cola. Uno de los periodistas le ha preguntado al jugador en una rueda de prensa qu\u00e9 opina sobre la presencia del mandatario republicano en la final del torneo, algo a lo que Alcaraz ha respondido afirmando que intentar\u00e1 \u00abno pensar ello\u00bb, <b>aunque ha puntualizado que \u00abes fant\u00e1stico\u00bb<\/b> para el deporte que el l\u00edder estadounidense est\u00e9 ah\u00ed en esa fecha.<\/p>\n<p>\u00abIntentar\u00e9 no pensar en ello. No quiero ponerme nervioso. <b>Es fant\u00e1stico para el tenis que el presidente de Estados Unidos est\u00e9 en la final\u00bb<\/b>, respondi\u00f3 de forma tajante<\/p>\n","protected":false},"excerpt":{"rendered":"El gesto que el presidente de EEUU, Donald Trump, ha hecho tras la victoria de Carlos Alcaraz en&hellip;\n","protected":false},"author":2,"featured_media":102337,"comment_status":"","ping_status":"","sticky":false,"template":"","format":"standard","meta":{"footnotes":""},"categories":[274],"tags":[545,168,352,25,24,23,167,327,326,541],"class_list":{"0":"post-102336","1":"post","2":"type-post","3":"status-publish","4":"format-standard","5":"has-post-thumbnail","7":"category-tenis","8":"tag-carlos-alcaraz","9":"tag-deportes","10":"tag-donald-trump","11":"tag-es","12":"tag-espana","13":"tag-spain","14":"tag-sports","15":"tag-tenis","16":"tag-tennis","17":"tag-us-open"},"share_on_mastodon":{"url":"","error":""},"_links":{"self":[{"href":"https:\/\/www.europesays.com\/es\/wp-json\/wp\/v2\/posts\/102336","targetHints":{"allow":["GET"]}}],"collection":[{"href":"https:\/\/www.europesays.com\/es\/wp-json\/wp\/v2\/posts"}],"about":[{"href":"https:\/\/www.europesays.com\/es\/wp-json\/wp\/v2\/types\/post"}],"author":[{"embeddable":true,"href":"https:\/\/www.europesays.com\/es\/wp-json\/wp\/v2\/users\/2"}],"replies":[{"embeddable":true,"href":"https:\/\/www.europesays.com\/es\/wp-json\/wp\/v2\/comments?post=102336"}],"version-history":[{"count":0,"href":"https:\/\/www.europesays.com\/es\/wp-json\/wp\/v2\/posts\/102336\/revisions"}],"wp:featuredmedia":[{"embeddable":true,"href":"https:\/\/www.europesays.com\/es\/wp-json\/wp\/v2\/media\/102337"}],"wp:attachment":[{"href":"https:\/\/www.europesays.com\/es\/wp-json\/wp\/v2\/media?parent=102336"}],"wp:term":[{"taxonomy":"category","embeddable":true,"href":"https:\/\/www.europesays.com\/es\/wp-json\/wp\/v2\/categories?post=102336"},{"taxonomy":"post_tag","embeddable":true,"href":"https:\/\/www.europesays.com\/es\/wp-json\/wp\/v2\/tags?post=102336"}],"curies":[{"name":"wp","href":"https:\/\/api.w.org\/{rel}","templated":true}]}}