{"id":102338,"date":"2025-09-09T00:55:08","date_gmt":"2025-09-09T00:55:08","guid":{"rendered":"https:\/\/www.europesays.com\/es\/102338\/"},"modified":"2025-09-09T00:55:08","modified_gmt":"2025-09-09T00:55:08","slug":"la-vuelta-retoma-la-marcha-en-galicia-con-una-etapa-dura-de-media-montana-y-final-en-alto","status":"publish","type":"post","link":"https:\/\/www.europesays.com\/es\/102338\/","title":{"rendered":"La Vuelta retoma la marcha en Galicia con una etapa dura de media monta\u00f1a y final en alto"},"content":{"rendered":"<p data-gtm-element-container=\"modulo-texto-link\" class=\"paragraph\"><strong>La Vuelta<\/strong> retoma este martes la marcha deportiva de la carrera tras su segunda y \u00faltima jornada de descanso con una etapa, la decimosexta de esta 80 edici\u00f3n, dura, de media monta\u00f1a, una &#8216;cl\u00e1sica&#8217; por Pontevedra entre Poio y Mos con cuatro puertos puntuables y final en el mirador de Castro de Herville, de Segunda.<\/p>\n<p data-gtm-element-container=\"modulo-texto-link\" class=\"paragraph\">Ser\u00e1n <strong>167,9 km plagados de repechos y dificultades<\/strong>, nada menos que cuatro puertos, dos de ellos de Primera, los altos de A Groba y Prado, para finalizar en un Segunda, el Alto de Castro de Herville, que tiene reservado a los corredores un par de km en su mitad tremendos.<\/p>\n<p>        Lee tambi\u00e9n<\/p>\n<p>    Redacci\u00f3n<\/p>\n<p>             <img loading=\"lazy\" decoding=\"async\" data-full-src=\"https:\/\/www.mundodeportivo.com\/uploads\/2025\/09\/07\/68bdaff6c63e0.jpeg\" alt=\"Foto con los portadores de los maillots de monta\u00f1a, general, puntos y mejor joven de la Vuelta a Espa\u00f1a, a la salida de la etapa de este domingo\" width=\"334\" height=\"164\" src=\"https:\/\/www.europesays.com\/es\/wp-content\/uploads\/2025\/09\/68bdaff6c63e0.jpeg\" class=\"lazy\"\/><\/p>\n<p data-gtm-element-container=\"modulo-texto-link\" class=\"paragraph\">Son el cuarto y el quinto de una subida de 8,4 km al 5,7 por ciento de desnivel con rampas al 12, el 13, el 15 y hasta el 16 por ciento en su parte m\u00e1s dura.<\/p>\n<p data-gtm-element-container=\"modulo-texto-link\" class=\"paragraph\">Supondr\u00e1 esa subida el colof\u00f3n a una etapa con 3.742 metros de desnivel acumulado que ir\u00e1n macerando<strong> A Groba<\/strong> (11,5 km al 5,4), dur\u00f3 en su primera mitad con tramos hasta el 14 por ciento y m\u00e1s tendido al final, y Prado (4,3 km al 8,9), un muro de los que busca el ciclismo moderno que adem\u00e1s estar\u00e1 bonificado.<\/p>\n<p>                <img loading=\"lazy\" decoding=\"async\" data-full-src=\"https:\/\/www.mundodeportivo.com\/uploads\/2025\/09\/08\/68bec79a56f6f.jpeg\" alt=\"Horizontal\" width=\"449\" height=\"299\" src=\"https:\/\/www.europesays.com\/es\/wp-content\/uploads\/2025\/09\/68bec79a56f6f.jpeg\" class=\"lazy\"\/><\/p>\n<p class=\"caption-title \">Manifestantes propalestinos protestan durante la decimoquinta etapa de la Vuelta ciclista a Espa\u00f1a<\/p>\n<p>                    Eliseo Trigo \/ EFE<\/p>\n<p data-gtm-element-container=\"modulo-texto-link\" class=\"paragraph\">El <strong>Alto de San Anto\u00f1ino<\/strong> (9 km al 4 por ciento), un Tercera, abrir\u00e1 las hostilidades a mitad de un recorrido con alg\u00fan repecho al principio y otros m\u00e1s relevantes al final entre los puertos puntuables. Un d\u00eda, en principio, destinado a los aventureros pero que tambi\u00e9n puede tener trascendencia en la general.<\/p>\n<p data-gtm-element-container=\"modulo-texto-link\" class=\"paragraph\">Una etapa \u00abcon un terreno muy quebrado en la segunda mitad que har\u00e1 muy complicado echar abajo la fuga del d\u00eda, si la hay\u00bb, avisa Fernando Escart\u00edn, el director deportivo de la Vuelta.<\/p>\n<p>        Lee tambi\u00e9n<\/p>\n<p>    EFE<\/p>\n<p>             <img loading=\"lazy\" decoding=\"async\" data-full-src=\"https:\/\/www.mundodeportivo.com\/uploads\/2025\/09\/07\/68bda3606efd1.jpeg\" alt=\"El ciclista del Movistar cay\u00f3 al ser derribado por un manifestante, aunque pudo continuar.\" width=\"334\" height=\"164\" src=\"https:\/\/www.europesays.com\/es\/wp-content\/uploads\/2025\/09\/1757379308_71_68bda3606efd1.jpeg\" class=\"lazy\"\/><\/p>\n<p data-gtm-element-container=\"modulo-texto-link\" class=\"paragraph\">Escart\u00edn recuerda tambi\u00e9n que en 2021 se vivi\u00f3 \u00abuna apasionante jornada camino de Mos\u00bb, un d\u00eda en el que se impuso en meta el franc\u00e9s <strong>Cl\u00e9ment Champoussin<\/strong> y el esloveno <strong>Primoz Roglic<\/strong> defendi\u00f3 la Roja de la que acabar\u00eda siendo la tercera de las cuatro Vueltas que luce en su palmar\u00e9s.<\/p>\n<p data-gtm-element-container=\"modulo-texto-link\" class=\"paragraph\">Fue tambi\u00e9n el d\u00eda en el que <strong>Miguel \u00c1ngel &#8216;Superm\u00e1n&#8217; L\u00f3pez,<\/strong> viendo que perd\u00eda el podio, se revel\u00f3 contra el Movistar, se baj\u00f3 de la bici cabreado y abandon\u00f3 la carrera.<\/p>\n","protected":false},"excerpt":{"rendered":"La Vuelta retoma este martes la marcha deportiva de la carrera tras su segunda y \u00faltima jornada de&hellip;\n","protected":false},"author":2,"featured_media":102339,"comment_status":"","ping_status":"","sticky":false,"template":"","format":"standard","meta":{"footnotes":""},"categories":[273],"tags":[313,312,168,25,24,23,167],"class_list":{"0":"post-102338","1":"post","2":"type-post","3":"status-publish","4":"format-standard","5":"has-post-thumbnail","7":"category-ciclismo","8":"tag-ciclismo","9":"tag-cycling","10":"tag-deportes","11":"tag-es","12":"tag-espana","13":"tag-spain","14":"tag-sports"},"share_on_mastodon":{"url":"","error":""},"_links":{"self":[{"href":"https:\/\/www.europesays.com\/es\/wp-json\/wp\/v2\/posts\/102338","targetHints":{"allow":["GET"]}}],"collection":[{"href":"https:\/\/www.europesays.com\/es\/wp-json\/wp\/v2\/posts"}],"about":[{"href":"https:\/\/www.europesays.com\/es\/wp-json\/wp\/v2\/types\/post"}],"author":[{"embeddable":true,"href":"https:\/\/www.europesays.com\/es\/wp-json\/wp\/v2\/users\/2"}],"replies":[{"embeddable":true,"href":"https:\/\/www.europesays.com\/es\/wp-json\/wp\/v2\/comments?post=102338"}],"version-history":[{"count":0,"href":"https:\/\/www.europesays.com\/es\/wp-json\/wp\/v2\/posts\/102338\/revisions"}],"wp:featuredmedia":[{"embeddable":true,"href":"https:\/\/www.europesays.com\/es\/wp-json\/wp\/v2\/media\/102339"}],"wp:attachment":[{"href":"https:\/\/www.europesays.com\/es\/wp-json\/wp\/v2\/media?parent=102338"}],"wp:term":[{"taxonomy":"category","embeddable":true,"href":"https:\/\/www.europesays.com\/es\/wp-json\/wp\/v2\/categories?post=102338"},{"taxonomy":"post_tag","embeddable":true,"href":"https:\/\/www.europesays.com\/es\/wp-json\/wp\/v2\/tags?post=102338"}],"curies":[{"name":"wp","href":"https:\/\/api.w.org\/{rel}","templated":true}]}}